{"id":14552,"date":"2021-10-06T16:49:33","date_gmt":"2021-10-06T13:49:33","guid":{"rendered":"http:\/\/akdenizolaygazetesi.com\/?p=14552"},"modified":"2021-10-06T16:49:33","modified_gmt":"2021-10-06T13:49:33","slug":"baskan-gultak-aile-kadin-cocuk-ve-gencler-icin-projeler-uretiyoruz","status":"publish","type":"post","link":"https:\/\/akdenizolaygazetesi.com\/?p=14552","title":{"rendered":"Ba\u015fkan G\u00fcltak; \u201cAile, kad\u0131n, \u00e7ocuk ve gen\u00e7ler i\u00e7in projeler \u00fcretiyoruz\u201d"},"content":{"rendered":"<p>Prof. Dr. Fevziye Toros; 1 bu\u00e7uk y\u0131l\u0131 a\u015fan Pandemi s\u00fcrecinden, \u00e7ocuk ve gen\u00e7lerin de a\u011f\u0131r ve olumsuz etkilendiklerini belirtti; \u00f6zellikle sa\u011fl\u0131k, temizlik ve kontrolle ilgili konularda tak\u0131nt\u0131lar ve depresyona tan\u0131k oldu\u011funu s\u00f6yledi.<br \/>\nAkdeniz Belediyesi taraf\u0131ndan kad\u0131nlara y\u00f6nelik d\u00fczenlenen seminere kat\u0131lan Ergen Psikiyatri Uzman\u0131 Prof. Dr. Fevziye Toros, \u201cDikkat Eksikli\u011fi Hiperaktivite Bozuklu\u011fu\u201d konulu sunum ger\u00e7ekle\u015ftirdi. Kad\u0131n ve Aile Hizmetleri\u2019nin organize etti\u011fi seminere, Akdeniz Kaymakaml\u0131\u011f\u0131 Aile Destek Merkezi\u2019nde verilen kurslara kat\u0131lan kad\u0131nlar ve \u00e7ocuklar\u0131 kat\u0131ld\u0131.<br \/>\nBa\u015fkan G\u00fcltak; \u201cAile, kad\u0131n, \u00e7ocuk ve gen\u00e7ler i\u00e7in projeler \u00fcretiyoruz\u201d<br \/>\nYo\u011fun kat\u0131l\u0131m\u0131n ger\u00e7ekle\u015fti\u011fi seminer \u00f6ncesi bir konu\u015fma yapan Akdeniz Belediye Ba\u015fkan\u0131 M. Mustafa G\u00fcltak; g\u00f6reve geldikleri ilk g\u00fcnden itibaren, aile, kad\u0131n, \u00e7ocuk ve gen\u00e7lere ili\u015fkin farkl\u0131 projeleri hayata katt\u0131klar\u0131n\u0131 ifade etti. Akdeniz\u2019de 17 mahallede mahalle evi oldu\u011funu belirten Ba\u015fkan G\u00fcltak; \u201cAileyi, kad\u0131nlar\u0131 ve gen\u00e7lerimizi \u00f6nemsiyoruz. Kursiyer kad\u0131nlar\u0131 ve k\u0131zlar\u0131n\u0131 yaz kamplar\u0131na g\u00f6nderiyoruz. Ayr\u0131ca onkob\u00fcs hizmeti ile kanser tedavisi g\u00f6ren hastalar\u0131m\u0131za ula\u015f\u0131m deste\u011fi sa\u011fl\u0131yoruz. Yeni do\u011fan bebeklerin ihtiyac\u0131n\u0131n oldu\u011fu \u00e7antalar\u0131 annelerimize ula\u015ft\u0131r\u0131yoruz. \u00dcniversiteye haz\u0131rlanan gen\u00e7lerimiz i\u00e7in e\u011fitim portal\u0131 haz\u0131rlad\u0131k, aralar\u0131nda t\u0131p fak\u00fcltesi olmak \u00fczere bir\u00e7ok gencimiz \u00fcniversiteyi kazand\u0131\u201d  dedi.<br \/>\n\u201cAkdeniz\u2019i de\u011fi\u015ftiriyor ve d\u00f6n\u00fc\u015ft\u00fcr\u00fcyoruz\u201d<br \/>\nBa\u015fkan G\u00fcltak; zeki ve \u00fcst\u00fcn yetenekli \u00e7ocuklar\u0131 Mersin \u00dcniversitesi b\u00fcnyesindeki Bilim ve Sanat Merkezi\u2019ne g\u00f6nderdiklerini de belirterek; \u201cMersin\u2019de ilk kez Akdeniz\u2019e portatif y\u00fczme havuzlar\u0131 kurup, hi\u00e7 havuza gitmeyen \u00e7ocuklar\u0131m\u0131za y\u00fczme \u00f6\u011frettik. Akdeniz\u2019e her ya\u015ftan vatanda\u015f\u0131m\u0131z\u0131n faydalanabilece\u011fi spor sahalar\u0131 kazand\u0131rd\u0131k. Kentsel d\u00f6n\u00fc\u015f\u00fcm projelerinin hayata ge\u00e7mesini sa\u011flay\u0131p Akdeniz\u2019i de\u011fi\u015ftiriyoruz. De\u011fi\u015fim \u00c7ay Mahallesi\u2019nde ba\u015flad\u0131, \u015fimdi Bar\u0131\u015f\u2019ta devam ediyor\u201d diye konu\u015ftu. Ba\u015fkan G\u00fcltak, 9-10 Ekim\u2019de Karaduvar sahilinde d\u00fczenlenecek bal\u0131k festivaline kat\u0131lmalar\u0131 i\u00e7in kad\u0131nlara \u00e7a\u011fr\u0131 yaparak konu\u015fmas\u0131n\u0131 sonland\u0131rd\u0131.<br \/>\n\u201cPandemi s\u00fcreci, \u00e7ocuk ve gen\u00e7lerde yo\u011fun depresyona yol a\u00e7t\u0131\u201d<br \/>\nErgen Psikiyatri Uzman\u0131 Prof. Dr. Fevziye Toros ise sunumunda, Pandemi s\u00fcrecinin toplumun hemen her kesimini olumsuz etkiledi\u011fine, bu olumsuzluktan \u00e7ocuklar ve gen\u00e7lerin de b\u00fcy\u00fck oranda etkilendi\u011fine dikkat \u00e7ekti. Meslekte 30 y\u0131l\u0131 geride b\u0131rakt\u0131\u011f\u0131n\u0131 belirten Toros; \u201c\u0130lk aylarda, ilkokul ve ortaokul \u00e7ocuklar\u0131m\u0131zda ciddi kayg\u0131lar g\u00f6rd\u00fck. Ard\u0131ndan sa\u011fl\u0131k, temizlik veya bir tak\u0131m kontrol tak\u0131nt\u0131lar\u0131 gibi konularla ilgili ciddi tak\u0131nt\u0131lar g\u00f6rd\u00fck. Emin olamama, ayn\u0131 sorular\u0131 defalarca sorma tak\u0131nt\u0131lar\u0131 gibi\u2026 Ge\u00e7en y\u0131l\u0131n Ocak ay\u0131ndan itibaren de lise \u00f6\u011frencilerinde ciddi depresyon vakalar\u0131 g\u00f6rd\u00fck. Mesle\u011fimde geride b\u0131rakt\u0131\u011f\u0131m 30 y\u0131lda; son 6 ayda g\u00f6rmedi\u011fim kadar, ergenlerde depresyon g\u00f6r\u00fcyorum. Bu nedenle lise \u00e7a\u011f\u0131nda \u00e7ocu\u011funuz var ise, unutmay\u0131n uzun bir pandemi s\u00fcrecinden \u00e7\u0131kt\u0131lar, derslere yeterince adapte olamayabilirler. Kendi kabuklar\u0131na \u00e7ekilmelerinin alt\u0131nda ciddi bir depresyon olabilir. Mutsuz, keyifsiz, ders ve hayat ilgili motivasyonlar\u0131 d\u00fc\u015f\u00fck olabilir. Dolay\u0131s\u0131yla sorunlar\u0131n alt\u0131nda yatan tek sebep, dikkat eksikli\u011fi ve hiperaktivite bozuklu\u011fu olmayabilir\u201d \u015feklinde konu\u015ftu.<\/p>\n","protected":false},"excerpt":{"rendered":"<p>Prof. Dr. Fevziye Toros; 1 bu\u00e7uk y\u0131l\u0131 a\u015fan Pandemi s\u00fcrecinden, \u00e7ocuk ve gen\u00e7lerin de a\u011f\u0131r ve olumsuz etkilendiklerini belirtti; \u00f6zellikle sa\u011fl\u0131k, temizlik ve kontrolle ilgili konularda tak\u0131nt\u0131lar ve depresyona tan\u0131k &hellip; <a href=\"https:\/\/akdenizolaygazetesi.com\/?p=14552\" class=\"more-link\">Devam\u0131n\u0131 Oku&#8230;<\/a><\/p>\n","protected":false},"author":2,"featured_media":14553,"comment_status":"open","ping_status":"open","sticky":false,"template":"","format":"standard","meta":[],"categories":[3,5,9],"tags":[],"_links":{"self":[{"href":"https:\/\/akdenizolaygazetesi.com\/index.php?rest_route=\/wp\/v2\/posts\/14552"}],"collection":[{"href":"https:\/\/akdenizolaygazetesi.com\/index.php?rest_route=\/wp\/v2\/posts"}],"about":[{"href":"https:\/\/akdenizolaygazetesi.com\/index.php?rest_route=\/wp\/v2\/types\/post"}],"author":[{"embeddable":true,"href":"https:\/\/akdenizolaygazetesi.com\/index.php?rest_route=\/wp\/v2\/users\/2"}],"replies":[{"embeddable":true,"href":"https:\/\/akdenizolaygazetesi.com\/index.php?rest_route=%2Fwp%2Fv2%2Fcomments&post=14552"}],"version-history":[{"count":1,"href":"https:\/\/akdenizolaygazetesi.com\/index.php?rest_route=\/wp\/v2\/posts\/14552\/revisions"}],"predecessor-version":[{"id":14554,"href":"https:\/\/akdenizolaygazetesi.com\/index.php?rest_route=\/wp\/v2\/posts\/14552\/revisions\/14554"}],"wp:featuredmedia":[{"embeddable":true,"href":"https:\/\/akdenizolaygazetesi.com\/index.php?rest_route=\/wp\/v2\/media\/14553"}],"wp:attachment":[{"href":"https:\/\/akdenizolaygazetesi.com\/index.php?rest_route=%2Fwp%2Fv2%2Fmedia&parent=14552"}],"wp:term":[{"taxonomy":"category","embeddable":true,"href":"https:\/\/akdenizolaygazetesi.com\/index.php?rest_route=%2Fwp%2Fv2%2Fcategories&post=14552"},{"taxonomy":"post_tag","embeddable":true,"href":"https:\/\/akdenizolaygazetesi.com\/index.php?rest_route=%2Fwp%2Fv2%2Ftags&post=14552"}],"curies":[{"name":"wp","href":"https:\/\/api.w.org\/{rel}","templated":true}]}}