{"id":14571,"date":"2021-10-08T10:46:13","date_gmt":"2021-10-08T07:46:13","guid":{"rendered":"http:\/\/akdenizolaygazetesi.com\/?p=14571"},"modified":"2021-10-08T10:46:13","modified_gmt":"2021-10-08T07:46:13","slug":"buyuksehir-maraton-hazirliklari-kapsaminda-paydaslarla-bir-araya-geldi","status":"publish","type":"post","link":"https:\/\/akdenizolaygazetesi.com\/?p=14571","title":{"rendered":"B\u00dcY\u00dcK\u015eEH\u0130R, MARATON HAZIRLIKLARI KAPSAMINDA PAYDA\u015eLARLA B\u0130R ARAYA GELD\u0130"},"content":{"rendered":"<p>Mersin B\u00fcy\u00fck\u015fehir Belediyesi taraf\u0131ndan \u201cY\u00fczersin, tarihe ge\u00e7ersin\u201d slogan\u0131yla 17 Ekim\u2019de ger\u00e7ekle\u015ftirilecek olan \u201cMersin Soli Pompeiopolis Y\u00fczme Maratonu\u201d haz\u0131rl\u0131klar\u0131 kapsam\u0131nda payda\u015flarla toplant\u0131lar yap\u0131ld\u0131. Gen\u00e7lik ve Spor Hizmetleri Dairesi Ba\u015fkan\u0131 Ahmet Tarak\u00e7\u0131, herkesi maratona kat\u0131lmaya \u00e7a\u011f\u0131rarak, \u201cGelin, Mersin tarihinde ilk kez ger\u00e7ekle\u015ftirilecek bu maratonda, hep beraber olal\u0131m\u201d dedi.<br \/>\nGen\u00e7lik ve Spor Hizmetleri Dairesi koordinesinde, Macit \u00d6zcan Spor Kompleksi\u2019nde yap\u0131lan iki toplant\u0131da haz\u0131rl\u0131klar ve yap\u0131lacak \u00e7al\u0131\u015fmalar hakk\u0131nda bilgiler verilerek, fikir al\u0131\u015fveri\u015finde bulunuldu. Mersin Vali Yard\u0131mc\u0131s\u0131 \u0130brahim K\u00fc\u00e7\u00fck \u00f6nc\u00fcl\u00fc\u011f\u00fcnde kent payda\u015flar\u0131 ile yap\u0131lan ilk toplant\u0131da; Mersin B\u00fcy\u00fck\u015fehir Belediyesi Gen\u00e7lik ve Spor Hizmetleri Dairesi Ba\u015fkan\u0131 Ahmet Tarak\u00e7\u0131, Sahil G\u00fcvenlik B\u00f6lge Komutanl\u0131\u011f\u0131\u2019nda g\u00f6revli Astsubay \u00dcst \u00c7avu\u015f Seyfullah \u00c7ak\u0131ro\u011flu, Mersin \u0130l Milli E\u011fitim M\u00fcd\u00fcr Yard\u0131mc\u0131s\u0131 O\u011fuzhan T\u00fcl\u00fcc\u00fc, Mersin Gen\u00e7lik ve Spor \u0130l M\u00fcd\u00fcrl\u00fc\u011f\u00fc\u2019nde g\u00f6revli \u015eube M\u00fcd\u00fcr\u00fc Vedat Akyar, Mersin \u0130l Emniyet M\u00fcd\u00fcrl\u00fc\u011f\u00fc\u2019nde Komiser Yard\u0131mc\u0131s\u0131 olarak g\u00f6rev yapan Osman A\u011f\u0131r, Mersin \u0130l Sa\u011fl\u0131k M\u00fcd\u00fcrl\u00fc\u011f\u00fc\u2019nde g\u00f6revli Uzman Sel\u00e7uk Topal yer ald\u0131.<br \/>\nMersin B\u00fcy\u00fck\u015fehir Belediyesi Genel Sekreter Yard\u0131mc\u0131s\u0131 Hasan G\u00f6kbel\u2019in \u00f6nc\u00fcl\u00fc\u011f\u00fcnde Belediye i\u00e7i payda\u015flarla yap\u0131lan toplant\u0131ya ise ilgili daire ba\u015fkanlar\u0131 ve m\u00fcd\u00fcrl\u00fck temsilcileri kat\u0131ld\u0131.<br \/>\n\u201cSoli Pompeiopolis bizim \u00f6nemli bir k\u00fclt\u00fcr de\u011ferimiz\u201d<br \/>\nGenel Sekreter Yard\u0131mc\u0131s\u0131 Hasan G\u00f6kbel, Mersin\u2019de ilk defa bir y\u00fczme maratonunun yap\u0131laca\u011f\u0131n\u0131 vurgulayarak, \u201cSoli Pompeiopolis bizim \u00f6nemli bir k\u00fclt\u00fcr de\u011ferimiz. Bunu belirtmek anlam\u0131nda bu maratonun orada olmas\u0131 \u00e7ok \u00f6nemli\u201d dedi. Y\u00fczme maratonunun Mersin B\u00fcy\u00fck\u015fehir Belediyesi a\u00e7\u0131s\u0131ndan da \u00e7ok \u00f6nemli oldu\u011funa dikkat \u00e7eken G\u00f6kbel, maratonun gelenekselle\u015ftirilerek uluslararas\u0131 hale getirilebilece\u011fini s\u00f6yledi.<br \/>\n\u201c\u00c7ok say\u0131da ki\u015finin turizm anlam\u0131nda kentimizi desteklemesini istiyoruz\u201d<br \/>\nGen\u00e7lik ve Spor Hizmetleri Dairesi Ba\u015fkan\u0131 Ahmet Tarak\u00e7\u0131 ise Mersin tarihinde ilk kez yap\u0131lacak maratonla ilgili olarak \u015funlar\u0131 s\u00f6yledi:<br \/>\n\u201c321 kilometre sahil \u015feridine sahip Mersinimizin g\u00fczelliklerinin, tarihi ve k\u00fclt\u00fcrel zenginliklerinin d\u00fcnyaya tan\u0131t\u0131m\u0131n\u0131 yaparak, \u00e7ok say\u0131da ki\u015finin turizm anlam\u0131nda kentimizi desteklemesini istiyoruz. G\u00fczel k\u0131y\u0131 \u015feridimizi g\u00f6rmelerini istiyoruz. Bu bir sirk\u00fclasyondur. Soli Pompeiopolis d\u00fcnyada antik \u00e7a\u011fdan g\u00fcn\u00fcm\u00fcze kalan iki limandan bir tanesidir. Onun i\u00e7in ismini b\u00f6yle koyduk. Zaten biti\u015f noktam\u0131z da oras\u0131.\u201d<br \/>\n\u201cMersin\u2019in g\u00fczelli\u011fini t\u00fcm d\u00fcnya insan\u0131 ile payla\u015fmak istiyoruz\u201d<br \/>\nKent payda\u015flar\u0131 ile e\u015f g\u00fcd\u00fcml\u00fc bir \u015fekilde ilerlediklerini ve haz\u0131rl\u0131klar\u0131n g\u00fczel gitti\u011fini dile getiren Tarak\u00e7\u0131, \u201cBurada \u00f6nemli olan b\u00fct\u00fcn d\u0131\u015f payda\u015flar\u0131n birlikte hareket etmesi ve bu duyarl\u0131l\u0131\u011f\u0131 g\u00f6stermesi. Bu bize b\u00fcy\u00fck mutluluk veriyor. Amac\u0131m\u0131z \u00e7ok say\u0131da ki\u015fiyi buraya katarak kula\u00e7 atmalar\u0131n\u0131 sa\u011flamak. Bu anlamda da geleneksel hale getirece\u011fimiz bu maratonda, ulusal ve ileride uluslararas\u0131 m\u00fcsabakalar d\u00fczenleyerek kentimizin sesini t\u00fcm d\u00fcnyaya duyurmak istiyoruz. Mersin\u2019in g\u00fczelli\u011fini t\u00fcm d\u00fcnya ile payla\u015fmak istiyoruz\u201d ifadelerini kulland\u0131.<br \/>\nY\u00fczme Maratonu\u2019nun \u00f6nemine de\u011finen Tarak\u00e7\u0131, Mersinli vatanda\u015flara \u201cGelin, Mersin&#8217;in tarihinde ilk kez ger\u00e7ekle\u015ftirilecek bu maratonda, hep beraber olal\u0131m! Bu mutlulu\u011fu, bu g\u00fczelli\u011fi birlikte payla\u015fal\u0131m\u201d \u00e7a\u011fr\u0131s\u0131nda bulundu.<\/p>\n","protected":false},"excerpt":{"rendered":"<p>Mersin B\u00fcy\u00fck\u015fehir Belediyesi taraf\u0131ndan \u201cY\u00fczersin, tarihe ge\u00e7ersin\u201d slogan\u0131yla 17 Ekim\u2019de ger\u00e7ekle\u015ftirilecek olan \u201cMersin Soli Pompeiopolis Y\u00fczme Maratonu\u201d haz\u0131rl\u0131klar\u0131 kapsam\u0131nda payda\u015flarla toplant\u0131lar yap\u0131ld\u0131. Gen\u00e7lik ve Spor Hizmetleri Dairesi Ba\u015fkan\u0131 Ahmet Tarak\u00e7\u0131, &hellip; <a href=\"https:\/\/akdenizolaygazetesi.com\/?p=14571\" class=\"more-link\">Devam\u0131n\u0131 Oku&#8230;<\/a><\/p>\n","protected":false},"author":2,"featured_media":14572,"comment_status":"open","ping_status":"open","sticky":false,"template":"","format":"standard","meta":[],"categories":[3,5,10],"tags":[],"_links":{"self":[{"href":"https:\/\/akdenizolaygazetesi.com\/index.php?rest_route=\/wp\/v2\/posts\/14571"}],"collection":[{"href":"https:\/\/akdenizolaygazetesi.com\/index.php?rest_route=\/wp\/v2\/posts"}],"about":[{"href":"https:\/\/akdenizolaygazetesi.com\/index.php?rest_route=\/wp\/v2\/types\/post"}],"author":[{"embeddable":true,"href":"https:\/\/akdenizolaygazetesi.com\/index.php?rest_route=\/wp\/v2\/users\/2"}],"replies":[{"embeddable":true,"href":"https:\/\/akdenizolaygazetesi.com\/index.php?rest_route=%2Fwp%2Fv2%2Fcomments&post=14571"}],"version-history":[{"count":1,"href":"https:\/\/akdenizolaygazetesi.com\/index.php?rest_route=\/wp\/v2\/posts\/14571\/revisions"}],"predecessor-version":[{"id":14573,"href":"https:\/\/akdenizolaygazetesi.com\/index.php?rest_route=\/wp\/v2\/posts\/14571\/revisions\/14573"}],"wp:featuredmedia":[{"embeddable":true,"href":"https:\/\/akdenizolaygazetesi.com\/index.php?rest_route=\/wp\/v2\/media\/14572"}],"wp:attachment":[{"href":"https:\/\/akdenizolaygazetesi.com\/index.php?rest_route=%2Fwp%2Fv2%2Fmedia&parent=14571"}],"wp:term":[{"taxonomy":"category","embeddable":true,"href":"https:\/\/akdenizolaygazetesi.com\/index.php?rest_route=%2Fwp%2Fv2%2Fcategories&post=14571"},{"taxonomy":"post_tag","embeddable":true,"href":"https:\/\/akdenizolaygazetesi.com\/index.php?rest_route=%2Fwp%2Fv2%2Ftags&post=14571"}],"curies":[{"name":"wp","href":"https:\/\/api.w.org\/{rel}","templated":true}]}}