{"id":14580,"date":"2021-10-08T10:52:09","date_gmt":"2021-10-08T07:52:09","guid":{"rendered":"http:\/\/akdenizolaygazetesi.com\/?p=14580"},"modified":"2021-10-08T10:52:09","modified_gmt":"2021-10-08T07:52:09","slug":"camiler-birligimizin-beraberligimizin-dayanismanin-en-guzel-merkezi","status":"publish","type":"post","link":"https:\/\/akdenizolaygazetesi.com\/?p=14580","title":{"rendered":"\u201cCamiler, Birli\u011fimizin, Beraberli\u011fimizin, Dayan\u0131\u015fman\u0131n En G\u00fczel Merkezi\u201d"},"content":{"rendered":"<p>Toroslar Belediye Ba\u015fkan\u0131 Ats\u0131z Af\u015f\u0131n Y\u0131lmaz, Camiler ve Din G\u00f6revlileri Haftas\u0131 dolay\u0131s\u0131yla \u0130l M\u00fcft\u00fcs\u00fc \u015eaban Kondi\u2019yi ve Toroslar \u0130l\u00e7e M\u00fcft\u00fcs\u00fc Bayram Danac\u0131\u2019y\u0131 ziyaret etti.<\/p>\n<p>Ba\u015fkan Y\u0131lmaz: \u201cCamiler ve Din G\u00f6revlileri Haftas\u0131&#8217;n\u0131n \u00fclkemiz, milletimiz ve t\u00fcm din g\u00f6revlilerimiz i\u00e7in hay\u0131rl\u0131 hizmetlere vesile olmas\u0131n\u0131 diliyorum\u201d dedi.<\/p>\n<p>Ziyaretten duydu\u011fu memnuniyeti dile getiren \u0130l M\u00fcft\u00fcs\u00fc Kondi: \u201cCamiler ve Din G\u00f6revlileri Haftas\u0131, her y\u0131l Diyanet \u0130\u015fleri Ba\u015fkanl\u0131\u011f\u0131 taraf\u0131ndan kutlan\u0131yor. Bu y\u0131l sizler \u00f6nc\u00fcl\u00fck yapt\u0131n\u0131z. Hem camilerimizin, hem din g\u00f6revlilerin, hem m\u00fcft\u00fcl\u00fc\u011f\u00fcm\u00fcz\u00fcn hem de diyanetimizin belediyenizden her ne iste\u011fi olduysa bunu kat kat yerine getirdiniz. Kurumumuza sahip \u00e7\u0131kt\u0131\u011f\u0131n\u0131zdan dolay\u0131 \u00e7ok m\u00fcte\u015fekkiriz. \u015eu ana kadar Mersin\u2019de y\u00fcr\u00fctt\u00fcn\u00fcz din ve hayri hizmetlerde, cami ve din g\u00f6revlilerine y\u00f6nelik \u00e7al\u0131\u015fmalarda Toroslar Belediyemizin apayr\u0131 bir yeri ve deste\u011fi vard\u0131r. Bunu en g\u00fczel \u00f6rne\u011fini de Emir Sultan Cami de g\u00f6rd\u00fck. Ekibinizle birlikte k\u0131sa zamanda harika bir i\u015f \u00e7\u0131kard\u0131n\u0131z. Camilerimiz can damar\u0131m\u0131z. Cami hepimizin. Camilerimiz bu toplumun manevi d\u00f6n\u00fc\u015f\u00fcm\u00fcn\u00fc ger\u00e7ekle\u015ftirecek olan sevgi ve karde\u015flik merkezleri. Camiler, taziye evleri, 4-6 ya\u015f aral\u0131\u011f\u0131ndaki \u00e7ocuklar\u0131m\u0131z\u0131n e\u011fitim g\u00f6rece\u011fi yerler ile ilgili din g\u00f6revlilerimizle isti\u015fare etmeniz ve bu konuda \u00e7al\u0131\u015fma y\u00fcr\u00fctmenizden dolay\u0131 da \u00e7ok te\u015fekk\u00fcr ediyorum. Camiler ve Din G\u00f6revlilerimize verdi\u011finiz destekten dolay\u0131 te\u015fekk\u00fcr ediyorum. Hafta dolay\u0131s\u0131yla bizleri onure ettiniz\u201d ifadelerini kulland\u0131.<\/p>\n<p>Toroslar \u0130l\u00e7e M\u00fcft\u00fcs\u00fc Danac\u0131 da, Ba\u015fkan Y\u0131lmaz\u2019a ziyareti ve hizmetleri i\u00e7in te\u015fekk\u00fcr etti.<\/p>\n<p>\u201cCamiler, Birli\u011fimizin, Beraberli\u011fimizin, Dayan\u0131\u015fman\u0131n En G\u00fczel Merkezi\u201d<\/p>\n<p>Toroslar Belediye Ba\u015fkan\u0131 Ats\u0131z Af\u015f\u0131n Y\u0131lmaz ise \u201cG\u00fcc\u00fcm\u00fcz yetti\u011fince toplumumuza hizmet etmeye \u00e7al\u0131\u015f\u0131yoruz. M\u00fcft\u00fcl\u00fc\u011f\u00fcm\u00fcz, camilerimiz, din g\u00f6revlilerimizin bizim i\u00e7in ayr\u0131 bir yeri var. Camiler, birli\u011fimizin, beraberli\u011fimizin, dayan\u0131\u015fman\u0131n en g\u00fczel merkezi. Camiler ve Din G\u00f6revlileri Haftas\u0131&#8217;n\u0131n \u00fclkemiz, milletimiz ve t\u00fcm din g\u00f6revlilerimiz i\u00e7in hay\u0131rl\u0131 hizmetlere vesile olmas\u0131n\u0131 diliyorum\u201d \u015feklinde konu\u015ftu.<\/p>\n<p>\u201cD\u0130N G\u00d6REVL\u0130LER\u0130NE H\u0130JYEN SET\u0130 HED\u0130YE ED\u0130LD\u0130\u201d<\/p>\n<p>Camilerde dezenfeksiyon \u00e7al\u0131\u015fmalar\u0131n\u0131 d\u00fczenli olarak s\u00fcrd\u00fcren belediye ekipleri, hafta kapsam\u0131nda il\u00e7edeki camileri ve Kuran kurslar\u0131n\u0131 ziyaret ederek, din g\u00f6revlilerine hijyen seti hediye etti.<\/p>\n<p>Ba\u015fkan Y\u0131lmaz, &#8220;Camiler, ayn\u0131 safta omuz omuza, diz dize namaz k\u0131ld\u0131\u011f\u0131m\u0131z, karde\u015flik duygular\u0131n\u0131n peki\u015fti\u011fi, sevginin daha da g\u00fc\u00e7lendi\u011fi kutsal yerler. Hijyen ve dezenfeksiyon \u00e7al\u0131\u015fmalar\u0131na en \u00e7ok dikkat etti\u011fimiz toplu alanlardan biri de camilerimizdir. \u0130\u00e7inde bulundu\u011fumuz bu zorlu s\u00fcre\u00e7te haz\u0131rlad\u0131\u011f\u0131m\u0131z hijyen paketlerini Camiler ve Din G\u00f6revlileri Haftas\u0131 nedeniyle de il\u00e7emizdeki din g\u00f6revlilerimize hediye ettik. T\u00fcm din g\u00f6revlilerimizin haftas\u0131 kutlu olsun&#8221; diye konu\u015ftu.<\/p>\n","protected":false},"excerpt":{"rendered":"<p>Toroslar Belediye Ba\u015fkan\u0131 Ats\u0131z Af\u015f\u0131n Y\u0131lmaz, Camiler ve Din G\u00f6revlileri Haftas\u0131 dolay\u0131s\u0131yla \u0130l M\u00fcft\u00fcs\u00fc \u015eaban Kondi\u2019yi ve Toroslar \u0130l\u00e7e M\u00fcft\u00fcs\u00fc Bayram Danac\u0131\u2019y\u0131 ziyaret etti. Ba\u015fkan Y\u0131lmaz: \u201cCamiler ve Din G\u00f6revlileri &hellip; <a href=\"https:\/\/akdenizolaygazetesi.com\/?p=14580\" class=\"more-link\">Devam\u0131n\u0131 Oku&#8230;<\/a><\/p>\n","protected":false},"author":2,"featured_media":14581,"comment_status":"open","ping_status":"open","sticky":false,"template":"","format":"standard","meta":[],"categories":[34,3,5],"tags":[],"_links":{"self":[{"href":"https:\/\/akdenizolaygazetesi.com\/index.php?rest_route=\/wp\/v2\/posts\/14580"}],"collection":[{"href":"https:\/\/akdenizolaygazetesi.com\/index.php?rest_route=\/wp\/v2\/posts"}],"about":[{"href":"https:\/\/akdenizolaygazetesi.com\/index.php?rest_route=\/wp\/v2\/types\/post"}],"author":[{"embeddable":true,"href":"https:\/\/akdenizolaygazetesi.com\/index.php?rest_route=\/wp\/v2\/users\/2"}],"replies":[{"embeddable":true,"href":"https:\/\/akdenizolaygazetesi.com\/index.php?rest_route=%2Fwp%2Fv2%2Fcomments&post=14580"}],"version-history":[{"count":1,"href":"https:\/\/akdenizolaygazetesi.com\/index.php?rest_route=\/wp\/v2\/posts\/14580\/revisions"}],"predecessor-version":[{"id":14582,"href":"https:\/\/akdenizolaygazetesi.com\/index.php?rest_route=\/wp\/v2\/posts\/14580\/revisions\/14582"}],"wp:featuredmedia":[{"embeddable":true,"href":"https:\/\/akdenizolaygazetesi.com\/index.php?rest_route=\/wp\/v2\/media\/14581"}],"wp:attachment":[{"href":"https:\/\/akdenizolaygazetesi.com\/index.php?rest_route=%2Fwp%2Fv2%2Fmedia&parent=14580"}],"wp:term":[{"taxonomy":"category","embeddable":true,"href":"https:\/\/akdenizolaygazetesi.com\/index.php?rest_route=%2Fwp%2Fv2%2Fcategories&post=14580"},{"taxonomy":"post_tag","embeddable":true,"href":"https:\/\/akdenizolaygazetesi.com\/index.php?rest_route=%2Fwp%2Fv2%2Ftags&post=14580"}],"curies":[{"name":"wp","href":"https:\/\/api.w.org\/{rel}","templated":true}]}}