{"id":14586,"date":"2021-10-09T22:44:58","date_gmt":"2021-10-09T19:44:58","guid":{"rendered":"http:\/\/akdenizolaygazetesi.com\/?p=14586"},"modified":"2021-10-09T22:44:58","modified_gmt":"2021-10-09T19:44:58","slug":"baskan-gultak-lezzetin-eglence-ile-bulustugu-festivale-davetlisiniz","status":"publish","type":"post","link":"https:\/\/akdenizolaygazetesi.com\/?p=14586","title":{"rendered":"Ba\u015fkan G\u00fcltak; \u201cLezzetin e\u011flence ile bulu\u015ftu\u011fu festivale davetlisiniz\u201d"},"content":{"rendered":"<p>Akdeniz Belediyesi \u0130kinci Karaduvar Bal\u0131k Festivali, 9-10 Ekim tarihleri aras\u0131nda ger\u00e7ekle\u015fiyor. Mersinlilere seslenen Ba\u015fkan G\u00fcltak; \u201cBu hafta sonu kimseye randevu vermeyin, Karaduvar sahiline gelin. T\u00fcm halk\u0131m\u0131z\u0131; lezzetin e\u011flence ile bulu\u015faca\u011f\u0131 bal\u0131k festivalimize kat\u0131lmaya \u00e7a\u011f\u0131r\u0131yorum\u201d dedi.<br \/>\nAkdeniz Belediyesi; ilkini 2019 y\u0131l\u0131 sonunda d\u00fczenledi\u011fi ve b\u00fcy\u00fck ses getiren Karaduvar Bal\u0131k Festivali\u2019nin bu y\u0131l ikincisini d\u00fczenliyor. Bu hafta sonu 2 g\u00fcn boyunca devam edecek festivalde; \u0130rem Derici ve Ece Se\u00e7kin gibi sevilen sanat\u00e7\u0131lar konser verecek; Dr. Ender Sara\u00e7, sardalya ve sa\u011fl\u0131k \u00fczerine s\u00f6yle\u015fi ger\u00e7ekle\u015ftirecek. Sardalye-ekmek ziyafetinin \u00e7ekilece\u011fi hem doyurucu hem e\u011flenceli festivalde, b\u00fcy\u00fckler i\u00e7in \u00f6d\u00fcll\u00fc bal\u0131k avlama yar\u0131\u015fmalar\u0131, \u00e7ocuklar i\u00e7in renkli, e\u011flenceli aktiviteler olacak.<br \/>\nBa\u015fkan G\u00fcltak; \u201cLezzetin e\u011flence ile bulu\u015ftu\u011fu festivale davetlisiniz\u201d<br \/>\nAkdeniz Belediye Ba\u015fkan\u0131 Mustafa G\u00fcltak, Mersin\u2019in en lezzetli ve y\u0131ld\u0131z ya\u011fmurunun ya\u015fanaca\u011f\u0131 festivale t\u00fcm Mersinlileri davet etti. \u0130lki gibi bu y\u0131lki festivali de b\u00fcy\u00fck bir kat\u0131l\u0131m ve co\u015fku ile ger\u00e7ekle\u015ftirmek istediklerini ifade eden Ba\u015fkan G\u00fcltak, K\u00fclt\u00fcr ve Turizm Bakanl\u0131\u011f\u0131\u2019n\u0131n da katk\u0131lar\u0131yla d\u00fczenlenecek Karaduvar Bal\u0131k Festivali\u2019ni geleneksel hale getirmek istediklerini kaydetti.<br \/>\n\u201cKimseye randevu vermeyin, Karaduvar sahiline gelin\u201d<br \/>\nMersinliler ve d\u0131\u015far\u0131dan gelecek konuklar\u0131n, festivalde sardalye-ekmek lezzeti, m\u00fczik ve e\u011flence ile bulu\u015faca\u011f\u0131n\u0131 ifade eden Ba\u015fkan G\u00fcltak, s\u00f6zlerini \u015f\u00f6yle s\u00fcrd\u00fcrd\u00fc; \u201cBu Cumartesi ve Pazar g\u00fcn\u00fc l\u00fctfen kimseye randevu vermeyin, Karaduvar sahiline gelin. Dolu dolu ge\u00e7ecek bal\u0131k festivalimiz, 7\u2019den 70\u2019e t\u00fcm Mersinlileri bekliyoruz. Sevdikleri ile birlikte sardalye-ekmek lezzetini tatmak, e\u011flenceli aktivite ve konserlere kat\u0131lmak, unutulmaz bir hafta sonu ya\u015famak isteyen herkesi Karaduvar\u2019a bekliyoruz. Lezzetin e\u011flence ile bulu\u015faca\u011f\u0131 bal\u0131k festivalimize t\u00fcm Mersinliler davetlidir.\u201d<\/p>\n","protected":false},"excerpt":{"rendered":"<p>Akdeniz Belediyesi \u0130kinci Karaduvar Bal\u0131k Festivali, 9-10 Ekim tarihleri aras\u0131nda ger\u00e7ekle\u015fiyor. Mersinlilere seslenen Ba\u015fkan G\u00fcltak; \u201cBu hafta sonu kimseye randevu vermeyin, Karaduvar sahiline gelin. T\u00fcm halk\u0131m\u0131z\u0131; lezzetin e\u011flence ile bulu\u015faca\u011f\u0131 &hellip; <a href=\"https:\/\/akdenizolaygazetesi.com\/?p=14586\" class=\"more-link\">Devam\u0131n\u0131 Oku&#8230;<\/a><\/p>\n","protected":false},"author":2,"featured_media":14587,"comment_status":"open","ping_status":"open","sticky":false,"template":"","format":"standard","meta":[],"categories":[3,5],"tags":[],"_links":{"self":[{"href":"https:\/\/akdenizolaygazetesi.com\/index.php?rest_route=\/wp\/v2\/posts\/14586"}],"collection":[{"href":"https:\/\/akdenizolaygazetesi.com\/index.php?rest_route=\/wp\/v2\/posts"}],"about":[{"href":"https:\/\/akdenizolaygazetesi.com\/index.php?rest_route=\/wp\/v2\/types\/post"}],"author":[{"embeddable":true,"href":"https:\/\/akdenizolaygazetesi.com\/index.php?rest_route=\/wp\/v2\/users\/2"}],"replies":[{"embeddable":true,"href":"https:\/\/akdenizolaygazetesi.com\/index.php?rest_route=%2Fwp%2Fv2%2Fcomments&post=14586"}],"version-history":[{"count":1,"href":"https:\/\/akdenizolaygazetesi.com\/index.php?rest_route=\/wp\/v2\/posts\/14586\/revisions"}],"predecessor-version":[{"id":14588,"href":"https:\/\/akdenizolaygazetesi.com\/index.php?rest_route=\/wp\/v2\/posts\/14586\/revisions\/14588"}],"wp:featuredmedia":[{"embeddable":true,"href":"https:\/\/akdenizolaygazetesi.com\/index.php?rest_route=\/wp\/v2\/media\/14587"}],"wp:attachment":[{"href":"https:\/\/akdenizolaygazetesi.com\/index.php?rest_route=%2Fwp%2Fv2%2Fmedia&parent=14586"}],"wp:term":[{"taxonomy":"category","embeddable":true,"href":"https:\/\/akdenizolaygazetesi.com\/index.php?rest_route=%2Fwp%2Fv2%2Fcategories&post=14586"},{"taxonomy":"post_tag","embeddable":true,"href":"https:\/\/akdenizolaygazetesi.com\/index.php?rest_route=%2Fwp%2Fv2%2Ftags&post=14586"}],"curies":[{"name":"wp","href":"https:\/\/api.w.org\/{rel}","templated":true}]}}