{"id":1459,"date":"2020-11-04T18:22:01","date_gmt":"2020-11-04T15:22:01","guid":{"rendered":"http:\/\/mersinekonomipolitikagazetesi.com\/?p=1459"},"modified":"2020-11-04T18:22:01","modified_gmt":"2020-11-04T15:22:01","slug":"19-deniz-kaplumbagasi-dogal-yasamina-birakildi","status":"publish","type":"post","link":"https:\/\/akdenizolaygazetesi.com\/?p=1459","title":{"rendered":"19 deniz kaplumba\u011fas\u0131 do\u011fal ya\u015fam\u0131na b\u0131rak\u0131ld\u0131"},"content":{"rendered":"<p>Orman ve Su i\u015fleri Bakanl\u0131\u011f\u0131na ait  rehabilitasyon merkezinde tedavileri tamamlanan 19 deniz kaplumba\u011fas\u0131 caretta carettalar yaral\u0131 bulundu\u011fu sahillerden do\u011fal ya\u015fam\u0131na b\u0131rak\u0131ld\u0131.<\/p>\n<div id=\":lk\">\n<div id=\":ly\">\n<div dir=\"ltr\">\n<p>Orman ve Su \u0130\u015fleri Bakan\u0131 Dr. Veysel Ero\u011flu yaban hayat\u0131n bir par\u00e7as\u0131 olan deniz kaplumba\u011falar\u0131n\u0131n da di\u011fer canl\u0131lar gibi korunmas\u0131 gerekti\u011fini s\u00f6yledi. Milli parklar yaban hayat\u0131 koruma 7. b\u00f6lge m\u00fcd\u00fcr\u00fc Ethem Boz &#8220;T\u00fcrkiye sahillerinde 21 \u00fcreme alan\u0131 olan deniz kaplumba\u011falar\u0131n\u0131n 5 yuvalama alan\u0131 da Mersin sahillerinde olu\u015fuyor&#8221; dedi.<\/p>\n<p>2009 y\u0131l\u0131nda Orman ve Su \u0130\u015fleri Bakanl\u0131\u011f\u0131nca kurulan deniz kaplumba\u011falar\u0131 rehabilitasyon hastanesinde 2 hem\u015fire 1 de n\u00f6bet\u00e7i veteriner\u00a0 bulunuyor. Hastaneye gelen vakalar aras\u0131nda a\u00e7\u0131k denizde k\u00f6pek bal\u0131klar\u0131 taraf\u0131ndan sald\u0131r\u0131ya u\u011frayan deniz kaplumba\u011falar\u0131n\u0131n tedavi edildi\u011fi g\u00f6r\u00fcld\u00fc. Mersinin Mezitli il\u00e7esi Davultepe 100. y\u0131l plaj\u0131 i\u00e7erisinde bulunan deniz kaplumba\u011falar\u0131n\u0131n\u00a0 tedavileri\u00a0 rehabilitasyon hastanesinde s\u00fcr\u00fcyor.<\/p>\n<div>\u00a0<\/div>\n<\/div>\n<div>\u00a0<\/div>\n<\/div>\n<\/div>\n<div id=\":jm\" style=\"clear:both;\">\u00a0<\/div>\n","protected":false},"excerpt":{"rendered":"<p>Orman ve Su i\u015fleri Bakanl\u0131\u011f\u0131na ait rehabilitasyon merkezinde tedavileri tamamlanan 19 deniz kaplumba\u011fas\u0131 caretta carettalar yaral\u0131 bulundu\u011fu sahillerden do\u011fal ya\u015fam\u0131na b\u0131rak\u0131ld\u0131. Orman ve Su \u0130\u015fleri Bakan\u0131 Dr. Veysel Ero\u011flu yaban &hellip; <a href=\"https:\/\/akdenizolaygazetesi.com\/?p=1459\" class=\"more-link\">Devam\u0131n\u0131 Oku&#8230;<\/a><\/p>\n","protected":false},"author":1,"featured_media":0,"comment_status":"open","ping_status":"open","sticky":false,"template":"","format":"standard","meta":[],"categories":[],"tags":[],"_links":{"self":[{"href":"https:\/\/akdenizolaygazetesi.com\/index.php?rest_route=\/wp\/v2\/posts\/1459"}],"collection":[{"href":"https:\/\/akdenizolaygazetesi.com\/index.php?rest_route=\/wp\/v2\/posts"}],"about":[{"href":"https:\/\/akdenizolaygazetesi.com\/index.php?rest_route=\/wp\/v2\/types\/post"}],"author":[{"embeddable":true,"href":"https:\/\/akdenizolaygazetesi.com\/index.php?rest_route=\/wp\/v2\/users\/1"}],"replies":[{"embeddable":true,"href":"https:\/\/akdenizolaygazetesi.com\/index.php?rest_route=%2Fwp%2Fv2%2Fcomments&post=1459"}],"version-history":[{"count":0,"href":"https:\/\/akdenizolaygazetesi.com\/index.php?rest_route=\/wp\/v2\/posts\/1459\/revisions"}],"wp:attachment":[{"href":"https:\/\/akdenizolaygazetesi.com\/index.php?rest_route=%2Fwp%2Fv2%2Fmedia&parent=1459"}],"wp:term":[{"taxonomy":"category","embeddable":true,"href":"https:\/\/akdenizolaygazetesi.com\/index.php?rest_route=%2Fwp%2Fv2%2Fcategories&post=1459"},{"taxonomy":"post_tag","embeddable":true,"href":"https:\/\/akdenizolaygazetesi.com\/index.php?rest_route=%2Fwp%2Fv2%2Ftags&post=1459"}],"curies":[{"name":"wp","href":"https:\/\/api.w.org\/{rel}","templated":true}]}}