{"id":14592,"date":"2021-10-09T22:48:31","date_gmt":"2021-10-09T19:48:31","guid":{"rendered":"http:\/\/akdenizolaygazetesi.com\/?p=14592"},"modified":"2021-10-09T22:48:31","modified_gmt":"2021-10-09T19:48:31","slug":"gorevimiz-mersini-kalkindirmak","status":"publish","type":"post","link":"https:\/\/akdenizolaygazetesi.com\/?p=14592","title":{"rendered":"\u201cG\u00d6REV\u0130M\u0130Z MERS\u0130N\u2019\u0130 KALKINDIRMAK\u201d"},"content":{"rendered":"<p>B\u00fcy\u00fck\u015fehir Belediye Ba\u015fkan\u0131 Vahap Se\u00e7er, Mersin\u2019i kar\u0131\u015f kar\u0131\u015f gezerek vatanda\u015flarla bir araya gelmeye devam ediyor. Mut ve Silifke il\u00e7elerinde yo\u011fun bir program ger\u00e7ekle\u015ftiren Ba\u015fkan Se\u00e7er, esnaf, vatanda\u015f, muhtar ve sivil toplum kurulu\u015flar\u0131yla bulu\u015fup sorun ve taleplerini dinledi. Mersin\u2019in d\u00f6rt bir yan\u0131na e\u015fit ve adil bir \u015fekilde hizmet g\u00f6t\u00fcrd\u00fcklerini vurgulayan Ba\u015fkan Se\u00e7er, \u201cBu millete hizmet etme a\u015fk\u0131m\u0131z ve \u015fevkimiz var\u201d dedi.<\/p>\n<p>Ba\u015fkan Se\u00e7er, Ta\u015fhan\u2019da co\u015fkuyla kar\u015f\u0131land\u0131<\/p>\n<p>CHP Mut \u0130l\u00e7e Ba\u015fkanl\u0131\u011f\u0131\u2019nda ba\u015flayan program\u0131n devam\u0131nda Ba\u015fkan Se\u00e7er, semt pazar\u0131n\u0131 ve Ta\u015fhan \u00dcretici Kad\u0131n Pazar\u0131&#8217;n\u0131 gezerek, esnafa \u201chay\u0131rl\u0131 i\u015fler\u201d dile\u011finde bulundu. Pazar esnaf\u0131n\u0131n taleplerini dinleyen Ba\u015fkan Se\u00e7er, Ta\u015fhan \u00dcretici Kad\u0131n Pazar\u0131\u2019nda alk\u0131\u015flarla kar\u015f\u0131land\u0131. Ta\u015fhan\u2019da Ba\u015fkan Se\u00e7er, Mut Engellileri Umut Derne\u011fi\u2019nin bebek yap\u0131m at\u00f6lyesinin sergisini inceleyerek, ard\u0131ndan ressam G\u00fclcan K\u00fc\u00e7\u00fckt\u00fcrk\u2019\u00fcn \u201cTa\u015fhan2\u201d temal\u0131 resim sergisini gezdi.<\/p>\n<p>Ba\u015fkan Se\u00e7er, \u015fehit Ayd\u0131n\u2019\u0131n ailesini ziyaret etti<\/p>\n<p>Ba\u015fkan Se\u00e7er, Mut program\u0131 kapsam\u0131nda il\u00e7eye yeni atanan Kaymakam Batuhan Bing\u00f6l&#8217;e hay\u0131rl\u0131 olsun ziyaretinde bulundu. Ard\u0131ndan Ba\u015fkan Se\u00e7er, Kahramanmara\u015f\u2019ta yang\u0131n s\u00f6nd\u00fcrme u\u00e7a\u011f\u0131n\u0131n d\u00fc\u015fmesi sonucu \u015fehit olan orman m\u00fchendisi O\u011fuz Av\u015far Ayd\u0131n\u2019\u0131n ailesinin Mut\u2019taki evine giderek, baba Salih ve anne Emine Ayd\u0131n\u2019a ba\u015fsa\u011fl\u0131\u011f\u0131 dileklerini iletti.<\/p>\n<p>11 mahalle muhtar\u0131 ve mahallelilerle bir araya geldi<\/p>\n<p>Mut program\u0131 kapsam\u0131nda Ba\u015fkan Se\u00e7er, 11 mahalle muhtar\u0131 ve mahallelilerle bulu\u015ftu. Derek\u00f6y Mahallesi\u2019nde ger\u00e7ekle\u015fen programda Ba\u015fkan Se\u00e7er, tek tek muhtar ve vatanda\u015flar\u0131n taleplerini dinledi. Ba\u015fkan Se\u00e7er, toplant\u0131da \u00fcretimi art\u0131rmak ad\u0131na t\u00fcm mahallelerde e\u015fitlik g\u00f6zetilerek sunulan tar\u0131m ve hayvanc\u0131l\u0131k desteklerine ili\u015fkin bilgiler payla\u015ft\u0131. Ayr\u0131ca e\u011fitim ve \u00f6\u011fretime \u00f6nem verdiklerini s\u00f6yleyen Ba\u015fkan Se\u00e7er, e\u011fitimin en b\u00fcy\u00fck servet oldu\u011fu ifadesini kulland\u0131.<\/p>\n<p>\u201cBu millete hizmet etme a\u015fk\u0131m\u0131z ve \u015fevkimiz var\u201d<\/p>\n<p>CHP Mut \u0130l\u00e7e Ba\u015fkanl\u0131\u011f\u0131 ziyaretinde vatanda\u015flarla sohbet eden Ba\u015fkan Se\u00e7er, Mut\u2019un tar\u0131msal \u00fcretim potansiyeli a\u00e7\u0131s\u0131ndan \u00f6zel bir il\u00e7e oldu\u011funu s\u00f6yledi. T\u00fcm il\u00e7elere oldu\u011fu gibi Mut\u2019ta da e\u015fit hizmet anlay\u0131\u015f\u0131yla \u00e7al\u0131\u015fmalar\u0131n\u0131 s\u00fcrd\u00fcreceklerini dile getiren Ba\u015fkan Se\u00e7er, se\u00e7ilmi\u015f bir Belediye Ba\u015fkan\u0131 oldu\u011fu vurgusuyla yapt\u0131\u011f\u0131 konu\u015fmada \u015funlar\u0131 s\u00f6yledi:<\/p>\n<p>\u201cBenim hesap verece\u011fim merci buradaki vatanda\u015flar. Sizlerin bize verdi\u011fi bu destek, bu g\u00fcven, bizlerin omzunda \u00e7ok a\u011f\u0131r bir y\u00fck. Peki, bu a\u011f\u0131rl\u0131\u011f\u0131 hissediyor musunuz? Vallahi ben Belediye Ba\u015fkan\u0131 olarak o a\u011f\u0131rl\u0131\u011f\u0131 g\u00f6r\u00fcyorum ama ta\u015f\u0131makta hi\u00e7 zorlanm\u0131yorum. Neden? Bu vatana hizmet etme, bu millete hizmet etme a\u015fk\u0131m\u0131z ve \u015fevkimiz var.\u201d<\/p>\n<p>\u201cBizim g\u00f6revimiz Mersin\u2019i kalk\u0131nd\u0131rmak\u201d<\/p>\n<p>Cumhuriyetin kurulu\u015f ilke ve prensipleri ile \u00e7al\u0131\u015fmaya devam edeceklerini s\u00f6yleyen Se\u00e7er, \u201cBizim g\u00f6revimiz Mersin&#8217;i kalk\u0131nd\u0131rmak\u201d dedi. Talepleri yerine getirme gayreti i\u00e7erisinde olduklar\u0131n\u0131 vurgulayan Ba\u015fkan Se\u00e7er, mevcut imkanlar\u0131 en ak\u0131lc\u0131 \u015fekilde hizmette e\u015fitlik anlay\u0131\u015f\u0131yla kulland\u0131klar\u0131n\u0131 belirtti.<\/p>\n<p>Mersin B\u00fcy\u00fck\u015fehir Belediye Meclis toplant\u0131lar\u0131n\u0131n izlenmesi noktas\u0131nda da vatanda\u015flara \u00e7a\u011fr\u0131da bulunan Ba\u015fkan Se\u00e7er, \u201cMeclis g\u00f6r\u00fc\u015fmelerimizi izlemenizi istiyorum. Bu sizin bir anlamda verdi\u011finiz oyun nereye gitti\u011finin, do\u011fru yerlere ula\u015f\u0131p ula\u015fmad\u0131\u011f\u0131n\u0131n, verdi\u011finiz oylara kar\u015f\u0131l\u0131k, se\u00e7ti\u011finiz siyaset\u00e7ilerin bunun hakk\u0131n\u0131, kar\u015f\u0131l\u0131\u011f\u0131n\u0131 verip vermedi\u011finin bir denetimidir. Demokrasilerde vatanda\u015f hakk\u0131n\u0131 aramak durumunda olmal\u0131d\u0131r. Hakk\u0131n\u0131 arayacak vatanda\u015f. \u00d6yle, \u2018Bu benim kaderim. Verdim bir partiye. Verdim bir siyaset\u00e7iye. Arkas\u0131n\u0131 aramad\u0131m. K\u00f6t\u00fc gitti. Ne yapal\u0131m b\u00f6yle oldu.\u2019 Yok, b\u00f6yle bir \u015fey\u201d dedi.<\/p>\n<p>\u201c\u0130sterim ki b\u00fct\u00fcn g\u00f6zler belediyemi denetlesin\u201d<\/p>\n<p>Vatanda\u015flardan hizmetlerin denetlenmesi iste\u011finde bulunan Ba\u015fkan Se\u00e7er, \u201cBeni denetleyin, sorgulay\u0131n. Benim hizmet yap\u0131p yapmad\u0131\u011f\u0131m\u0131 ele\u015ftirin. \u2018\u015eurada bir hizmet s\u00f6z\u00fcn vard\u0131 Say\u0131n Ba\u015fkan. Bunu da programa ald\u0131rm\u0131\u015ft\u0131n ama yapt\u0131rmad\u0131n\u2019 diye beni ele\u015ftirin. Denetleyin. Denetlenmek, d\u00fcr\u00fcst bir siyaset\u00e7i i\u00e7in, d\u00fcr\u00fcst bir y\u00f6netici i\u00e7in fayda getirir. Ben her yere yetemem. \u0130sterim ki b\u00fct\u00fcn g\u00f6zler belediyemi denetlesin\u201d diye konu\u015ftu.<\/p>\n<p>\u201cMersin \u00e7ok canl\u0131 bir kent\u201d<\/p>\n<p>\u0130l\u00e7e ziyareti program\u0131 sonras\u0131nda da Ba\u015fkan Se\u00e7er, g\u00fcndeme dair \u00f6nemli a\u00e7\u0131klamalar yapt\u0131. Mersin\u2019in tar\u0131m, turizm, ticaret gibi bir\u00e7ok imkana sahip oldu\u011funu belirten Ba\u015fkan Se\u00e7er, \u201cMersin \u00e7ok canl\u0131, enerjisi \u00e7ok y\u00fcksek, \u00e7ok \u00fcretken ve bereketli bir kent. S\u00fcrekli bir hareket var\u201d ifadelerini kulland\u0131.<\/p>\n<p>\u201cBor\u00e7lanma yetki talebim reddedilmi\u015f\u201d<\/p>\n<p>Plan ve B\u00fct\u00e7e Komisyonu\u2019nda g\u00f6r\u00fc\u015f\u00fclen bor\u00e7lanma talebinin kabul edilmedi\u011fi bilgisinin kendisine ula\u015ft\u0131\u011f\u0131n\u0131 belirten Ba\u015fkan Se\u00e7er, \u201cG\u00f6r\u00fc\u015fmelerde bor\u00e7lanma yetki talebim reddedilmi\u015f. Bunlar\u0131n anlat\u0131lmas\u0131 laz\u0131m. Yani ben Mut\u2019un yolunu yapmak isterken, ben sosyal politikalar\u0131mda ihtiya\u00e7 sahibi insanlara yard\u0131m yapma pe\u015finde olurken, ben e\u011fitime katk\u0131 vermek i\u00e7in \u00e7ocuklar\u0131m\u0131za e\u011fitim merkezleri, et\u00fct merkezleri a\u00e7ma gayreti i\u00e7erisinde olurken, ben evde bak\u0131m hizmetlerini yerine getirme arzusu i\u00e7inde olurken, ben kald\u0131r\u0131m yapmak isterken, ben k\u00f6pr\u00fc yapmak isterken, ben bir\u00e7ok alanda, g\u00f6rev alan\u0131mda hizmetlerimi en iyi noktalara ta\u015f\u0131ma gayreti i\u00e7erisinde olmam gerekirken, neden b\u00f6yle bir karar al\u0131n\u0131yor?  Bunlar\u0131n Meclis\u2019te konu\u015fuluyor olmas\u0131 laz\u0131m ve konu\u015fulacak da. Bunlar\u0131 da vatanda\u015flar\u0131n izlemesini istiyorum. Bizlerin ayaklar\u0131na yap\u0131\u015farak, engellemeye \u00e7al\u0131\u015farak bu memlekete iyilik etmediklerini g\u00f6rmeleri gerekiyor\u201d diye konu\u015ftu.<\/p>\n<p>Ge\u00e7mi\u015f d\u00f6nemden kalan bor\u00e7lar\u0131 \u00f6demeye \u00e7al\u0131\u015ft\u0131klar\u0131n\u0131 da hat\u0131rlatan Ba\u015fkan Se\u00e7er, \u201cSen bunlar\u0131 \u00f6de, hizmet yap, yol yap, \u015funu yap, bunu yap, b\u00fct\u00fcn talepleri kar\u015f\u0131la. \u0130yi g\u00fczel de eksik kald\u0131\u011f\u0131m\u0131z noktalarda da \u2018Bizim de bor\u00e7lanmaya ihtiyac\u0131m\u0131z var, krediye ihtiyac\u0131m\u0131z var\u2019 dedi\u011fimiz noktada \u2018hop sen bunu yapamazs\u0131n.\u2019 Allah a\u015fk\u0131na bunu vicdan\u0131n\u0131z kabul ediyor mu? Yani bunu adaletli bir yakla\u015f\u0131m olarak m\u0131 g\u00f6r\u00fcyorsunuz? Bu yasal de\u011fil zaten. B\u00fct\u00e7ede yer alan bor\u00e7lanma kalemindeki rakam\u0131 ben talep ediyorum. Zaten bu y\u0131l i\u00e7erisinde ilk istedi\u011fimiz bor\u00e7lanma talebi Meclis taraf\u0131ndan reddedilmi\u015fti. \u015eu anda yarg\u0131da. \u00d6n\u00fcm\u00fczdeki g\u00fcnlerde mutlaka sonu\u00e7lanacakt\u0131r. Umut ederim, mahkeme karar\u0131n\u0131 bir an \u00f6nce verir. \u00c7\u00fcnk\u00fc geciken adalet, adalet olmuyor. Y\u0131l bitiyor, benim bu y\u0131la mahsus kullanaca\u011f\u0131m bor\u00e7 miktar\u0131n\u0131 bir y\u0131l sonraya kald\u0131\u011f\u0131m zaman kullanam\u0131yorum yasal olarak. B\u00f6yle b\u00fcy\u00fck s\u0131k\u0131nt\u0131lar ya\u015f\u0131yoruz. Bunlar\u0131 vatanda\u015flar\u0131m\u0131z\u0131n g\u00f6rmesi, bilmesi laz\u0131m\u201d ifadelerini kulland\u0131.<\/p>\n<p>\u201c3 Ocak\u2019ta metronun temelini ataca\u011f\u0131z\u201d<\/p>\n<p>Metro projesiyle ilgili de\u011ferlendirmelerini s\u00fcrd\u00fcren Ba\u015fkan Se\u00e7er, \u015funlar\u0131 s\u00f6yledi:<\/p>\n<p>\u201c3 Ocak&#8217;ta metronun temelini ataca\u011f\u0131z. Metro da yapaca\u011f\u0131z. Birinci etab\u0131n\u0131 da yapaca\u011f\u0131z. Biz Mersin&#8217;e 13.4 kilometre yeralt\u0131 metrosu yapaca\u011f\u0131z. Yani olacak i\u015f de\u011fil. \u2018Hayal\u2019 ya da \u2018i\u015fte efendim Mersin\u2019i bor\u00e7 alt\u0131na al\u0131yorsunuz, bilmem ne yap\u0131yorsunuz\u2019. Hakikaten anla\u015f\u0131l\u0131r gibi bir durum de\u011fil. Bu bak\u0131\u015f a\u00e7\u0131s\u0131 ile Mersin\u2019e bir hizmet yapamay\u0131z. Mersin\u2019in hizmet almas\u0131 laz\u0131m. Bak\u0131n 2013&#8217;ten beri havaalan\u0131 daha bitmedi. \u0130stanbul Havaalan\u0131 d\u00fcnyan\u0131n en b\u00fcy\u00fck havaalan\u0131 olarak lanse ediliyor. Ondan sonra ba\u015flad\u0131. Bitirildi. Mersin Havaalan\u0131 bitmedi. Hala \u00c7e\u015fmeli, K\u0131zkalesi, Ta\u015fucu Otoban Ba\u011flant\u0131 Yolu bitmedi. Ta\u015fucu Antalya Sahil Yolu Projesi bitmedi. Bunlar\u0131n bitmi\u015f olmas\u0131 gerekiyordu. T\u00fcrkiye\u2019nin 5., 6., 7. s\u0131rada vergisini \u00f6deyen bir \u015fehrin Ankara\u2019dan hizmet d\u00f6n\u00fc\u015f\u00fcn\u00fcn de o derece y\u00fcksek olmas\u0131 laz\u0131m. Bunlar \u00f6nemli projeler, de\u011ferli projeler. Bizim belediyemizin yapt\u0131\u011f\u0131 da tarihimizin, yerel y\u00f6netimlerdeki en \u00f6nemli, en b\u00fcy\u00fck, en de\u011ferli projesi. Umut ediyorum in\u015fallah 3 Ocak\u2019ta temelini ataca\u011f\u0131z ve s\u00fcratle de ger\u00e7ekle\u015ftirece\u011fiz. Ba\u015fkalar\u0131n\u0131n hayali olabilir ama benim ger\u00e7ekte yapt\u0131\u011f\u0131m normal bir projeyi ger\u00e7ekle\u015ftiriyoruz.\u201d<\/p>\n<p>\u201cBizler \u00e7al\u0131\u015faca\u011f\u0131z, \u00fcretece\u011fiz\u201d<\/p>\n<p>\u201cBizler \u00e7al\u0131\u015faca\u011f\u0131z. Bizler \u00fcretece\u011fiz. Bizler memlekete katk\u0131 i\u00e7in gecemizi g\u00fcnd\u00fcz\u00fcm\u00fcze kataca\u011f\u0131z ki gelecek ku\u015faklara de\u011ferli bir emanet b\u0131rakal\u0131m\u201d s\u00f6zleriyle de\u011ferlendirmelerini s\u00fcrd\u00fcren Ba\u015fkan Se\u00e7er, vatanda\u015flara da \u201cBizi desteklesinler. Bizimle beraber olsunlar. \u00c7al\u0131\u015fmalar\u0131m\u0131zdan, niyetimizden \u015f\u00fcpheleri olmas\u0131n\u201d c\u00fcmleleriyle seslendi.<\/p>\n","protected":false},"excerpt":{"rendered":"<p>B\u00fcy\u00fck\u015fehir Belediye Ba\u015fkan\u0131 Vahap Se\u00e7er, Mersin\u2019i kar\u0131\u015f kar\u0131\u015f gezerek vatanda\u015flarla bir araya gelmeye devam ediyor. Mut ve Silifke il\u00e7elerinde yo\u011fun bir program ger\u00e7ekle\u015ftiren Ba\u015fkan Se\u00e7er, esnaf, vatanda\u015f, muhtar ve sivil &hellip; <a href=\"https:\/\/akdenizolaygazetesi.com\/?p=14592\" class=\"more-link\">Devam\u0131n\u0131 Oku&#8230;<\/a><\/p>\n","protected":false},"author":2,"featured_media":14593,"comment_status":"open","ping_status":"open","sticky":false,"template":"","format":"standard","meta":[],"categories":[34,1,2,3],"tags":[],"_links":{"self":[{"href":"https:\/\/akdenizolaygazetesi.com\/index.php?rest_route=\/wp\/v2\/posts\/14592"}],"collection":[{"href":"https:\/\/akdenizolaygazetesi.com\/index.php?rest_route=\/wp\/v2\/posts"}],"about":[{"href":"https:\/\/akdenizolaygazetesi.com\/index.php?rest_route=\/wp\/v2\/types\/post"}],"author":[{"embeddable":true,"href":"https:\/\/akdenizolaygazetesi.com\/index.php?rest_route=\/wp\/v2\/users\/2"}],"replies":[{"embeddable":true,"href":"https:\/\/akdenizolaygazetesi.com\/index.php?rest_route=%2Fwp%2Fv2%2Fcomments&post=14592"}],"version-history":[{"count":1,"href":"https:\/\/akdenizolaygazetesi.com\/index.php?rest_route=\/wp\/v2\/posts\/14592\/revisions"}],"predecessor-version":[{"id":14594,"href":"https:\/\/akdenizolaygazetesi.com\/index.php?rest_route=\/wp\/v2\/posts\/14592\/revisions\/14594"}],"wp:featuredmedia":[{"embeddable":true,"href":"https:\/\/akdenizolaygazetesi.com\/index.php?rest_route=\/wp\/v2\/media\/14593"}],"wp:attachment":[{"href":"https:\/\/akdenizolaygazetesi.com\/index.php?rest_route=%2Fwp%2Fv2%2Fmedia&parent=14592"}],"wp:term":[{"taxonomy":"category","embeddable":true,"href":"https:\/\/akdenizolaygazetesi.com\/index.php?rest_route=%2Fwp%2Fv2%2Fcategories&post=14592"},{"taxonomy":"post_tag","embeddable":true,"href":"https:\/\/akdenizolaygazetesi.com\/index.php?rest_route=%2Fwp%2Fv2%2Ftags&post=14592"}],"curies":[{"name":"wp","href":"https:\/\/api.w.org\/{rel}","templated":true}]}}