{"id":14595,"date":"2021-10-09T22:51:24","date_gmt":"2021-10-09T19:51:24","guid":{"rendered":"http:\/\/akdenizolaygazetesi.com\/?p=14595"},"modified":"2021-10-09T22:51:24","modified_gmt":"2021-10-09T19:51:24","slug":"festival-binlerce-insani-agirladi","status":"publish","type":"post","link":"https:\/\/akdenizolaygazetesi.com\/?p=14595","title":{"rendered":"Festival, binlerce insan\u0131 a\u011f\u0131rlad\u0131"},"content":{"rendered":"<p>Akdeniz Belediyesi\u2019nin, bu y\u0131l ikincisini d\u00fczenledi\u011fi \u201cKaraduvar Bal\u0131k Festivali\u2019nin\u201d ilk g\u00fcn\u00fcnde binlerce insan, festivalin ger\u00e7ekle\u015fti\u011fi Karaduvar sahiline adeta ak\u0131n etti. Mersin&#8217;in ilk bal\u0131k festivali olma \u00f6zelli\u011fi de ta\u015f\u0131yan ve iki g\u00fcn s\u00fcrecek olan festivalde, konuklara 5 ton sardalya-ekmek ikram edilecek. <\/p>\n<p>Festivali ziyaret eden her ya\u015ftan binlerce vatanda\u015f, bal\u0131k-ekmek ve \u015falgam alabilmek i\u00e7in, sahilde kurulan ocaklar\u0131n \u00f6n\u00fcnde uzun kuyruklar olu\u015fturdu. M\u00fczik ve folklor gruplar\u0131n\u0131n da sahne al\u0131p g\u00f6steriler sundu\u011fu festivalde, \u00e7ocuklar da kendileri i\u00e7in haz\u0131rlanan alanlarda g\u00f6n\u00fcllerince e\u011flendi.<\/p>\n<p>Akdeniz Belediyesi\u2019nin, ilkini 2019 y\u0131l\u0131nda ger\u00e7ekle\u015ftirdi\u011fi, Pandemi nedeniyle 2020 y\u0131l\u0131nda ara verildi\u011fi Karaduvar Bal\u0131k Festivali\u2019nin ikincisi yine ayn\u0131 yerde; Karaduvar sahilinde binlerce insan\u0131n kat\u0131l\u0131m\u0131yla ba\u015flad\u0131. Ekmek aras\u0131 sardalya alabilmek i\u00e7in stantlar \u00f6n\u00fcnde uzun kuyruklar olu\u015fturan vatanda\u015flar, deniz k\u0131y\u0131s\u0131na inerek, ikram edilen \u015falgamla birlikte keyifle bal\u0131k-ekmeklerini yedi. <\/p>\n<p>Festival, binlerce insan\u0131 a\u011f\u0131rlad\u0131<\/p>\n<p>Sardalya-ekmek lezzetinin m\u00fczik ve e\u011flence ile bulu\u015ftu\u011fu festivale, Akdeniz Belediye Ba\u015fkan\u0131 M. Mustafa G\u00fcltak, Mersin Valisi Ali \u0130hsan Su, AK Parti Mersin Milletvekilleri Zehra G\u00fcl Y\u0131lmaz, Ali Cumhur Ta\u015fk\u0131n ve Hac\u0131 \u00d6zkan, Akdeniz Kaymakam\u0131 Muhittin Pamuk, Akdeniz Belediye Ba\u015fkan Yard\u0131mc\u0131lar\u0131 ve Meclis \u00fcyeleri, AK Parti ve MHP il ve il\u00e7e yetkilileri, sivil toplum \u00f6rg\u00fct\u00fc temsilcileri ile muhtarlar\u0131n yan\u0131 s\u0131ra, aralar\u0131nda farkl\u0131 il ve il\u00e7elerden gelen vatanda\u015flar\u0131n oldu\u011fu binlerce insan kat\u0131ld\u0131.<\/p>\n<p>Bal\u0131k-ekmek lezzeti, oyun, e\u011flence, m\u00fczik hepsi bir arada\u2026<\/p>\n<p>Festivalde da\u011f\u0131t\u0131lan bal\u0131k-ekmek ve \u015falgam almak isteyen vatanda\u015flar uzun kuyruklar olu\u015ftururken, \u00e7ocuklar da palya\u00e7o g\u00f6sterileri ve kendileri i\u00e7in haz\u0131rlanan alanlarda g\u00f6n\u00fcllerince e\u011flendi. Festivalde Ba\u015fkan G\u00fcltak da bir oca\u011f\u0131n ba\u015f\u0131na ge\u00e7erek kendi haz\u0131rlad\u0131\u011f\u0131 sardalya-ekmekleri vatanda\u015flara ikram etti. Sahilde kurulan di\u011fer stantlarda da belediyenin mahalle evlerinde kurs alan kad\u0131nlar taraf\u0131ndan yap\u0131lan el eme\u011fi, g\u00f6z nuru \u00fcr\u00fcnlerin sat\u0131\u015f\u0131 yap\u0131ld\u0131. Konserler, g\u00f6steriler, \u00e7ocuk etkinlikleri ve oltayla bal\u0131k tutma da d\u00e2hil bir\u00e7ok alanda \u00f6d\u00fcll\u00fc yar\u0131\u015fmalar\u0131n organize edildi\u011fi festival renkli g\u00f6r\u00fcnt\u00fclere sahne oldu. <\/p>\n<p>Festival iki g\u00fcn s\u00fcrecek\u2026<\/p>\n<p>\u0130lk g\u00fcn \u0130rem Derici\u2019nin, ikinci g\u00fcn de Ece Se\u00e7kin\u2019in konserleriyle renk kataca\u011f\u0131 bal\u0131k festivalinde, Dr. Ender Sara\u00e7 da sardalya ve sa\u011fl\u0131k \u00fczerine bir s\u00f6yle\u015fi ger\u00e7ekle\u015ftirecek. K\u00fclt\u00fcr ve Turizm Bakanl\u0131\u011f\u0131n\u0131n da destek ve katk\u0131lar\u0131yla d\u00fczenlenen \u0130kinci Karaduvar Bal\u0131k Festivali\u2019ne, bu y\u0131l Mersin d\u0131\u015f\u0131ndan da \u00e7ok say\u0131da vatanda\u015f kat\u0131l\u0131rken; ziyaret\u00e7iler 2 g\u00fcn boyunca sardalya-ekmek ve \u015falgam ziyafeti \u00e7ekecek.<\/p>\n<p>\u201cKaraduvar Bal\u0131k Festivalimiz geleneksel hale gelecek\u201d<\/p>\n<p>Akdeniz Belediye Ba\u015fkan\u0131 M. Mustafa G\u00fcltak, stantlar\u0131 ziyareti ve vatanda\u015flarla sohbetinin ard\u0131ndan bas\u0131n mensuplar\u0131na bir a\u00e7\u0131klama yapt\u0131. Akdeniz\u2019de, 2019 y\u0131l\u0131nda g\u00f6reve gelir gelmez Karaduvar Mahallesinin sahilini yapmaya ba\u015flad\u0131klar\u0131n\u0131 belirten Ba\u015fkan G\u00fcltak; \u201cBir iddiam\u0131z var; Karaduvar, T\u00fcrkiye\u2019nin en \u00f6nemli bal\u0131k\u00e7\u0131 kasabalar\u0131ndan biri. Karaduvar, T\u00fcrkiye&#8217;nin en \u00f6nemli bal\u0131k\u00e7\u0131 kasabalar\u0131ndan birisi. Buras\u0131, t\u00fcm bal\u0131klar\u0131n \u00e7\u0131kt\u0131\u011f\u0131, karides, yenge\u00e7 ve ahtapot gibi deniz \u00fcr\u00fcnlerinin yeti\u015fti\u011fi bir b\u00f6lgemiz. Bir veya iki sene i\u00e7inde Karaduvar Bal\u0131k Festivali, T\u00fcrkiye ve uluslararas\u0131 \u00e7apta takip edilen geleneksel bir festival haline gelecek. Bizler de sahillerimizi haz\u0131rl\u0131yoruz. Altyap\u0131s\u0131 bitip \u00e7al\u0131\u015fmalar tamamland\u0131\u011f\u0131nda Karaduvar bir anda insanlar\u0131n ak\u0131n ak\u0131n geldi\u011fi, deniz kenar\u0131nda bal\u0131\u011f\u0131n\u0131 yedi\u011fi ve bir alan olacak\u201d dedi.<\/p>\n<p>\u201cBu zenginli\u011fi t\u00fcm T\u00fcrkiye\u2019ye tan\u0131tmak istiyoruz\u201d<\/p>\n<p>Ba\u015fkan G\u00fcltak; festivale, sadece yak\u0131n illerden de\u011fil, \u0130stanbul ve farkl\u0131 illerden gelenler oldu\u011funa da i\u015faret ederek; \u201c2019\u2019daki ilk festivalimizde, 2 g\u00fcnde 50 bin ki\u015fiye ula\u015fm\u0131\u015ft\u0131k. Bug\u00fcn \u00e7ok daha farkl\u0131 rakamlar\u0131 bekliyoruz. Hava g\u00fcne\u015fli, ortam g\u00fczel ve insanlar ak\u0131n ak\u0131n geliyor. Burada bal\u0131k k\u00fclt\u00fcr\u00fc var. Arap karde\u015flerimizin k\u00fclt\u00fcrleri var, farkl\u0131 mezeler var ve farkl\u0131 co\u011frafyalar\u0131n insanlar\u0131 burada ya\u015f\u0131yor. Bu da bir zenginlik; bu zenginli\u011fi t\u00fcm T\u00fcrkiye\u2019ye tan\u0131tmak istiyoruz. Festivalimizin amac\u0131 da bu\u201d \u015feklinde konu\u015ftu.<\/p>\n<p>\u201cZiyaret\u00e7ilerimize 2 g\u00fcn boyunca 5 ton sardalya ikram edece\u011fiz\u201d<\/p>\n<p>Projesini haz\u0131rlay\u0131p gelecek y\u0131l i\u00e7erisindeki yapacaklar\u0131 \u00e7al\u0131\u015fmalarla 5 kilometrelik y\u00fcr\u00fcy\u00fc\u015f ve bisiklet yollar\u0131yla bir park\u0131 Karaduvar sahiline kazand\u0131racaklar\u0131n\u0131 da kaydeden Ba\u015fkan G\u00fcltak, bal\u0131k-ekmek festivalinin i\u00e7eri\u011fine ili\u015fkin olarak da \u015f\u00f6yle konu\u015ftu; \u201cKaraduvar Bal\u0131k Festivalimizde; farkl\u0131 oyunlar, \u00e7e\u015fitli etkinlikler ve \u00f6d\u00fcll\u00fc yar\u0131\u015fmalar\u0131m\u0131z var. \u00c7ocuklar\u0131m\u0131z ve aileleri i\u00e7in de e\u011flenceli alanlar haz\u0131rlad\u0131k. Yakla\u015f\u0131k 10 stant kuruldu ve bunlar\u0131n 6\u2019s\u0131, sadece Karaduvar\u2019da ya\u015fayan han\u0131mefendilere, \u00fcrettikleri \u00fcr\u00fcnlerin sat\u0131\u015f\u0131 i\u00e7in ayr\u0131lm\u0131\u015f vaziyette. Dolay\u0131s\u0131yla bir katma de\u011fer de sa\u011flam\u0131\u015f olduk.<br \/>\nFestivalimizde ayr\u0131ca \u0130rem Derici ve Ece Se\u00e7kin\u2019in de konserleri olacak. Dr. Ender Sara\u00e7\u2019\u0131n da bir s\u00f6yle\u015fisi var. \u0130ki g\u00fcn boyunca vatanda\u015flar\u0131m\u0131za 5 ton civar\u0131nda sardalya ikram edece\u011fiz. Yine 50 binin \u00fczerinde insan\u0131 bekliyoruz. \u00c7ocuklar\u0131yla birlikte aileler denizi, sahili, kumu, e\u011flenceyi burada g\u00f6recekler. Mersin ve Akdeniz\u2019i de\u011fi\u015ftirme m\u00fccadelemizde, bizlerden desteklerini esirgemeyen Cumhurba\u015fkan\u0131m\u0131z Say\u0131n Recep Tayyip Erdo\u011fan\u2019a, Hazine ve Maliye Bakan\u0131m\u0131z Say\u0131n L\u00fctfi Elvan\u2019a, De\u011ferli Bakan ve Milletvekillerimize, \u015fahs\u0131m ve Akdeniz halk\u0131 ad\u0131na \u015f\u00fckranlar\u0131m\u0131 sunuyor, te\u015fekk\u00fcr ediyorum.\u201d<\/p>\n","protected":false},"excerpt":{"rendered":"<p>Akdeniz Belediyesi\u2019nin, bu y\u0131l ikincisini d\u00fczenledi\u011fi \u201cKaraduvar Bal\u0131k Festivali\u2019nin\u201d ilk g\u00fcn\u00fcnde binlerce insan, festivalin ger\u00e7ekle\u015fti\u011fi Karaduvar sahiline adeta ak\u0131n etti. Mersin&#8217;in ilk bal\u0131k festivali olma \u00f6zelli\u011fi de ta\u015f\u0131yan ve iki &hellip; <a href=\"https:\/\/akdenizolaygazetesi.com\/?p=14595\" class=\"more-link\">Devam\u0131n\u0131 Oku&#8230;<\/a><\/p>\n","protected":false},"author":2,"featured_media":14596,"comment_status":"open","ping_status":"open","sticky":false,"template":"","format":"standard","meta":[],"categories":[8,1,2,3,5],"tags":[],"_links":{"self":[{"href":"https:\/\/akdenizolaygazetesi.com\/index.php?rest_route=\/wp\/v2\/posts\/14595"}],"collection":[{"href":"https:\/\/akdenizolaygazetesi.com\/index.php?rest_route=\/wp\/v2\/posts"}],"about":[{"href":"https:\/\/akdenizolaygazetesi.com\/index.php?rest_route=\/wp\/v2\/types\/post"}],"author":[{"embeddable":true,"href":"https:\/\/akdenizolaygazetesi.com\/index.php?rest_route=\/wp\/v2\/users\/2"}],"replies":[{"embeddable":true,"href":"https:\/\/akdenizolaygazetesi.com\/index.php?rest_route=%2Fwp%2Fv2%2Fcomments&post=14595"}],"version-history":[{"count":1,"href":"https:\/\/akdenizolaygazetesi.com\/index.php?rest_route=\/wp\/v2\/posts\/14595\/revisions"}],"predecessor-version":[{"id":14597,"href":"https:\/\/akdenizolaygazetesi.com\/index.php?rest_route=\/wp\/v2\/posts\/14595\/revisions\/14597"}],"wp:featuredmedia":[{"embeddable":true,"href":"https:\/\/akdenizolaygazetesi.com\/index.php?rest_route=\/wp\/v2\/media\/14596"}],"wp:attachment":[{"href":"https:\/\/akdenizolaygazetesi.com\/index.php?rest_route=%2Fwp%2Fv2%2Fmedia&parent=14595"}],"wp:term":[{"taxonomy":"category","embeddable":true,"href":"https:\/\/akdenizolaygazetesi.com\/index.php?rest_route=%2Fwp%2Fv2%2Fcategories&post=14595"},{"taxonomy":"post_tag","embeddable":true,"href":"https:\/\/akdenizolaygazetesi.com\/index.php?rest_route=%2Fwp%2Fv2%2Ftags&post=14595"}],"curies":[{"name":"wp","href":"https:\/\/api.w.org\/{rel}","templated":true}]}}