{"id":14607,"date":"2021-10-10T16:06:23","date_gmt":"2021-10-10T13:06:23","guid":{"rendered":"http:\/\/akdenizolaygazetesi.com\/?p=14607"},"modified":"2021-10-10T16:06:23","modified_gmt":"2021-10-10T13:06:23","slug":"karaduvar-balik-festivali-ayni-coskuyla-devam-ediyor","status":"publish","type":"post","link":"https:\/\/akdenizolaygazetesi.com\/?p=14607","title":{"rendered":"KARADUVAR BALIK FEST\u0130VAL\u0130 AYNI CO\u015eKUYLA DEVAM ED\u0130YOR"},"content":{"rendered":"<p>Akdeniz Belediyesi\u2019nin, bu y\u0131l ikincisini organize etti\u011fi \u201cKaraduvar Bal\u0131k Festivali,  ikinci g\u00fcn\u00fcnde de ayn\u0131 co\u015fkuyla devam ediyor. Festival alan\u0131na insan ak\u0131n\u0131 devam ederken, binlerce ki\u015fi de bal\u0131k-ekmek lezzetini tatmak i\u00e7in s\u0131rada bekliyor.<br \/>\nKaraduvar Bal\u0131k Festivali\u2019 kapsam\u0131nda festivalin ilk g\u00fcn\u00fc olan Cumartesi ak\u015fam\u0131nda sahneye \u00e7\u0131kan \u00fcnl\u00fc sanat\u00e7\u0131 \u0130rem Derici, sevilen \u015fark\u0131lar\u0131n\u0131 sahili dolduran hayranlar\u0131 i\u00e7in seslendirdi; binlerce ki\u015fi sanat\u00e7\u0131n\u0131n \u015fark\u0131lar\u0131na e\u015flik ederek unutmayacaklar\u0131 dakikalar ya\u015fad\u0131.<br \/>\nAkdeniz Belediye Ba\u015fkan\u0131 M. Mustafa G\u00fcltak da sahneye \u00e7\u0131karak festivale kat\u0131l\u0131m\u0131ndan dolay\u0131 \u0130rem Derici\u2019ye te\u015fekk\u00fcr etti. \u00d6zellikle festivalin minik konuklar\u0131yla yak\u0131ndan ilgilenen Ba\u015fkan G\u00fcltak, ilk festivalde oldu\u011fu gibi sahili dolduran seyirciler ve sanat\u00e7\u0131 \u0130rem Derici ile foto\u011fraf \u00e7ekmeyi de ihmal etmedi.<br \/>\n\u0130kinci g\u00fcn\u00fcnde de festivale insan ak\u0131n\u0131 s\u00fcr\u00fcyor<br \/>\nKaraduvar Bal\u0131k Festivali\u2019nin ikinci g\u00fcn\u00fcnde de binlerce insan\u0131n sahile ak\u0131n\u0131 devam ediyor. Y\u00fczlerce ki\u015fi deniz kenar\u0131na kurulan bal\u0131k-ekmek tezg\u00e2hlar\u0131 \u00f6n\u00fcnde s\u0131ras\u0131n\u0131 beklerken, yerel sanat\u00e7\u0131lar da sevilen \u015fark\u0131larla konuklara unutamayacaklar\u0131 dakikalar ya\u015fat\u0131yor. \u00d6d\u00fcll\u00fc yar\u0131\u015fmalar\u0131n d\u00fczenlendi\u011fi etkinlikte, k\u00fc\u00e7\u00fck \u00e7ocuklar da kendileri i\u00e7in haz\u0131rlanan alanlarda g\u00f6n\u00fcllerince e\u011fleniyor.<br \/>\nFestivalin ikinci g\u00fcn\u00fcnde \u00fcnl\u00fc doktor Dr. Ender Sara\u00e7, sardalya ve sa\u011fl\u0131k \u00fczerine bir s\u00f6yle\u015fi ger\u00e7ekle\u015ftirecek. Karaduvar Bal\u0131k Festivali\u2019nin ikinci g\u00fcn\u00fcn\u00fcn ak\u015fam\u0131nda da konuklar, sevilen sanat\u00e7\u0131 Ece Se\u00e7kin konserini izleme \u015fans\u0131 bulacak. Ba\u015fkan G\u00fcltak, lezzetin e\u011flence ile bulu\u015faca\u011f\u0131 ve g\u00fcn boyu s\u00fcrecek olan etkinliklere t\u00fcm Mersinlileri davet etti.  <\/p>\n","protected":false},"excerpt":{"rendered":"<p>Akdeniz Belediyesi\u2019nin, bu y\u0131l ikincisini organize etti\u011fi \u201cKaraduvar Bal\u0131k Festivali, ikinci g\u00fcn\u00fcnde de ayn\u0131 co\u015fkuyla devam ediyor. Festival alan\u0131na insan ak\u0131n\u0131 devam ederken, binlerce ki\u015fi de bal\u0131k-ekmek lezzetini tatmak i\u00e7in &hellip; <a href=\"https:\/\/akdenizolaygazetesi.com\/?p=14607\" class=\"more-link\">Devam\u0131n\u0131 Oku&#8230;<\/a><\/p>\n","protected":false},"author":2,"featured_media":14608,"comment_status":"open","ping_status":"open","sticky":false,"template":"","format":"standard","meta":[],"categories":[2,3,5],"tags":[],"_links":{"self":[{"href":"https:\/\/akdenizolaygazetesi.com\/index.php?rest_route=\/wp\/v2\/posts\/14607"}],"collection":[{"href":"https:\/\/akdenizolaygazetesi.com\/index.php?rest_route=\/wp\/v2\/posts"}],"about":[{"href":"https:\/\/akdenizolaygazetesi.com\/index.php?rest_route=\/wp\/v2\/types\/post"}],"author":[{"embeddable":true,"href":"https:\/\/akdenizolaygazetesi.com\/index.php?rest_route=\/wp\/v2\/users\/2"}],"replies":[{"embeddable":true,"href":"https:\/\/akdenizolaygazetesi.com\/index.php?rest_route=%2Fwp%2Fv2%2Fcomments&post=14607"}],"version-history":[{"count":1,"href":"https:\/\/akdenizolaygazetesi.com\/index.php?rest_route=\/wp\/v2\/posts\/14607\/revisions"}],"predecessor-version":[{"id":14609,"href":"https:\/\/akdenizolaygazetesi.com\/index.php?rest_route=\/wp\/v2\/posts\/14607\/revisions\/14609"}],"wp:featuredmedia":[{"embeddable":true,"href":"https:\/\/akdenizolaygazetesi.com\/index.php?rest_route=\/wp\/v2\/media\/14608"}],"wp:attachment":[{"href":"https:\/\/akdenizolaygazetesi.com\/index.php?rest_route=%2Fwp%2Fv2%2Fmedia&parent=14607"}],"wp:term":[{"taxonomy":"category","embeddable":true,"href":"https:\/\/akdenizolaygazetesi.com\/index.php?rest_route=%2Fwp%2Fv2%2Fcategories&post=14607"},{"taxonomy":"post_tag","embeddable":true,"href":"https:\/\/akdenizolaygazetesi.com\/index.php?rest_route=%2Fwp%2Fv2%2Ftags&post=14607"}],"curies":[{"name":"wp","href":"https:\/\/api.w.org\/{rel}","templated":true}]}}