{"id":1461,"date":"2020-11-04T18:22:01","date_gmt":"2020-11-04T15:22:01","guid":{"rendered":"http:\/\/mersinekonomipolitikagazetesi.com\/?p=1461"},"modified":"2020-11-04T18:22:01","modified_gmt":"2020-11-04T15:22:01","slug":"mersinde-daha-once-gozaltina-alinan-avukatlardan-ozgur-caglar-beraat-etti-ayni-davada-yargilanan-2-avukat-ise-ilerleyen-gunlerde-gorulecek-mahkeme-ile-yargilanmaya-devam-edecek","status":"publish","type":"post","link":"https:\/\/akdenizolaygazetesi.com\/?p=1461","title":{"rendered":"Mersin&#8217;de daha \u00f6nce g\u00f6zalt\u0131na al\u0131nan avukatlardan \u00d6zg\u00fcr \u00c7a\u011flar beraat etti. Ayn\u0131 davada yarg\u0131lanan 2 avukat ise ilerleyen g\u00fcnlerde g\u00f6r\u00fclecek mahkeme ile yarg\u0131lanmaya devam edecek."},"content":{"rendered":"<div id=\":ke\">\n<div id=\":jx\">\n<div dir=\"ltr\">\n<p>3 Ekim&#8217;de avukatlara y\u00f6nelik yap\u0131lan operasyonda \u00a08 avukattan g\u00f6zalt\u0131na al\u0131nm\u0131\u015ft\u0131. Serbest b\u0131rak\u0131lan avukatlar i\u00e7in dava a\u00e7\u0131ld\u0131. Avukatlardan\u00a0 \u00d6zg\u00fcr \u00c7a\u011flar, avukatlar Onur Kale ve Emrullah \u015eam &#8220;\u00f6rg\u00fct propagandas\u0131 yapmak&#8221; iddias\u0131yla Mersin 9. A\u011f\u0131r Ceza Mahkemesi&#8217;nde hakim kar\u015f\u0131s\u0131na \u00e7\u0131kt\u0131. \u0130lk duru\u015fmada avukat \u00c7a\u011flar beraat ederken Onur Kale ve Emrullah \u015eam ise yarg\u0131lanmaya devam edilecek.<\/p>\n<p>\u00a0<\/p>\n<p>\u00a0<\/p>\n<p>Mahkemede konu\u015fan \u00c7a\u011flar, &#8220;Ben \u0130HD \u00fcyesiyim. Bu dernek \u00fclke \u00e7ap\u0131nda faaliyet y\u00fcr\u00fcten bir dernektir. \u00a0Su\u00e7lamalar as\u0131ls\u0131zd\u0131r. Her ne kadar \u00fclkede ya\u015fayan t\u00fcm etnik gruplar\u0131 sevsem de ben devleti hi\u00e7bir zaman sevmedim, ba\u015f\u0131ma gelen bu olaydan sonra incindim, ma\u011fdur oldum. Hi\u00e7bir \u00f6rg\u00fctle ba\u011flant\u0131m yoktur. Beraatimi talep ediyorum&#8221; dedi.<\/p>\n<p>\u00a0\u00a0<\/p>\n<p>Emrullah \u015eam\u00a0 ise, &#8220;Ben \u00f6ncelikle soru\u015fturman\u0131n gizlili\u011fini ihlal eden Mersin Cumhuriyet Ba\u015fsavc\u0131l\u0131\u011f\u0131 hakk\u0131nda su\u00e7 duyurusunda bulunulmas\u0131n\u0131 istiyorum. Biz savc\u0131l\u0131\u011fa sevk edilmeden dosyalar\u0131m\u0131z tefrik edilmi\u015f \u00e7\u00fcnk\u00fc silahl\u0131 \u00f6rg\u00fcte \u00fcye olmad\u0131\u011f\u0131m\u0131z biliniyordu su\u00e7 duyurusunda bulunulmamas\u0131 halinde yasalar \u00e7i\u011fnenmi\u015f olacakt\u0131r&#8221; dedi.<\/p>\n<p>\u00a0<\/p>\n<p>San\u0131k k\u00fcrs\u00fcs\u00fcnde olan 3 avukat da beraatini talep etti. Mahkeme \u00c7a\u011flar hakk\u0131nda su\u00e7 vasf\u0131 olu\u015fmad\u0131\u011f\u0131 gerek\u00e7esiyle beraat verdi. Ancan \u015eam ve Kale i\u00e7in ileri bir tarihe erteledi.<\/p>\n<div>\u00a0<\/div>\n<\/div>\n<div>\u00a0<\/div>\n<\/div>\n<\/div>\n<div id=\":m1\" style=\"clear:both;\">\u00a0<\/div>\n","protected":false},"excerpt":{"rendered":"<p>3 Ekim&#8217;de avukatlara y\u00f6nelik yap\u0131lan operasyonda \u00a08 avukattan g\u00f6zalt\u0131na al\u0131nm\u0131\u015ft\u0131. Serbest b\u0131rak\u0131lan avukatlar i\u00e7in dava a\u00e7\u0131ld\u0131. Avukatlardan\u00a0 \u00d6zg\u00fcr \u00c7a\u011flar, avukatlar Onur Kale ve Emrullah \u015eam &#8220;\u00f6rg\u00fct propagandas\u0131 yapmak&#8221; iddias\u0131yla Mersin &hellip; <a href=\"https:\/\/akdenizolaygazetesi.com\/?p=1461\" class=\"more-link\">Devam\u0131n\u0131 Oku&#8230;<\/a><\/p>\n","protected":false},"author":1,"featured_media":0,"comment_status":"open","ping_status":"open","sticky":false,"template":"","format":"standard","meta":[],"categories":[],"tags":[],"_links":{"self":[{"href":"https:\/\/akdenizolaygazetesi.com\/index.php?rest_route=\/wp\/v2\/posts\/1461"}],"collection":[{"href":"https:\/\/akdenizolaygazetesi.com\/index.php?rest_route=\/wp\/v2\/posts"}],"about":[{"href":"https:\/\/akdenizolaygazetesi.com\/index.php?rest_route=\/wp\/v2\/types\/post"}],"author":[{"embeddable":true,"href":"https:\/\/akdenizolaygazetesi.com\/index.php?rest_route=\/wp\/v2\/users\/1"}],"replies":[{"embeddable":true,"href":"https:\/\/akdenizolaygazetesi.com\/index.php?rest_route=%2Fwp%2Fv2%2Fcomments&post=1461"}],"version-history":[{"count":0,"href":"https:\/\/akdenizolaygazetesi.com\/index.php?rest_route=\/wp\/v2\/posts\/1461\/revisions"}],"wp:attachment":[{"href":"https:\/\/akdenizolaygazetesi.com\/index.php?rest_route=%2Fwp%2Fv2%2Fmedia&parent=1461"}],"wp:term":[{"taxonomy":"category","embeddable":true,"href":"https:\/\/akdenizolaygazetesi.com\/index.php?rest_route=%2Fwp%2Fv2%2Fcategories&post=1461"},{"taxonomy":"post_tag","embeddable":true,"href":"https:\/\/akdenizolaygazetesi.com\/index.php?rest_route=%2Fwp%2Fv2%2Ftags&post=1461"}],"curies":[{"name":"wp","href":"https:\/\/api.w.org\/{rel}","templated":true}]}}