{"id":14619,"date":"2021-10-11T12:43:32","date_gmt":"2021-10-11T09:43:32","guid":{"rendered":"http:\/\/akdenizolaygazetesi.com\/?p=14619"},"modified":"2021-10-11T12:43:32","modified_gmt":"2021-10-11T09:43:32","slug":"cinsiyet-farki-kimseye-ustunluk-saglamaz","status":"publish","type":"post","link":"https:\/\/akdenizolaygazetesi.com\/?p=14619","title":{"rendered":"\u201cCinsiyet fark\u0131, kimseye \u00fcst\u00fcnl\u00fck sa\u011flamaz\u201d"},"content":{"rendered":"<p>Akdeniz Belediye Ba\u015fkan\u0131 G\u00fcltak; \u201c11 Ekim D\u00fcnya K\u0131z \u00c7ocuklar\u0131 G\u00fcn\u00fc\u201d dolay\u0131s\u0131yla d\u00fczenlenen \u00f6zel bir etkinlikte minik k\u0131z \u00f6\u011frenciler ile bir araya geldi; onlarla birlikte duvarlar\u0131 reng\u00e2renk boyay\u0131p resimler yapt\u0131.<br \/>\nAkdeniz Belediyesi Kad\u0131n ve Aile Hizmetleri M\u00fcd\u00fcrl\u00fc\u011f\u00fc taraf\u0131ndan, \u201c11 Ekim D\u00fcnya K\u0131z \u00c7ocuklar\u0131 G\u00fcn\u00fc\u201d kapsam\u0131nda renkli bir bulu\u015fmaya imza at\u0131ld\u0131. Salim G\u00fcven \u0130lkokulu\u2019nda okuyan onlarca k\u0131z \u00e7ocu\u011fu kuruma ait bina bah\u00e7esinde a\u011f\u0131rlan\u0131p onlara \u00f6zel bir etkinlik organize edildi. G\u00fcne \u00f6zel d\u00fczenlenen bulu\u015fmaya, Akdeniz Belediye Ba\u015fkan\u0131 M. Mustafa G\u00fcltak, Kad\u0131n ve Aile Hizmetleri M\u00fcd\u00fcr\u00fc Ali Turna, kurum personeli uzmanlar ile \u00f6\u011fretmenler kat\u0131ld\u0131.<br \/>\n\u201cCinsiyet fark\u0131, kimseye \u00fcst\u00fcnl\u00fck sa\u011flamaz\u201d<br \/>\n\u0130lk olarak kuruma ait binan\u0131n duvarlar\u0131n\u0131 g\u00f6kku\u015fa\u011f\u0131 renkleriyle boyayan ve resimler yap\u0131p e\u011flenen k\u0131z \u00e7ocuklar\u0131, ard\u0131ndan Ba\u015fkan G\u00fcltak ile birlikte ellerini boyay\u0131p duvara el izlerini b\u0131rakt\u0131lar. Bulu\u015fmada Ba\u015fkan G\u00fcltak, etkinli\u011fe kat\u0131lan \u00e7ocuklara hediyeler verdi; miniklere meyve suyu ve kek ikram edildi. G\u00fcn\u00fcn \u00f6nemine ili\u015fkin konu\u015fan Ba\u015fkan G\u00fcltak, kendisinin de k\u0131z babas\u0131 oldu\u011funu belirterek; \u201cG\u00fcn dolay\u0131s\u0131yla bir fark\u0131ndal\u0131k yaratmak istedik. Tabi bu mesele, bir e\u015fitlik meselesi. E\u011fitim, siyaset, ticaret, k\u0131sacas\u0131 hayat\u0131n her alanda kad\u0131n-erkek aras\u0131nda fark yoktur. Cinsiyet fark\u0131 hi\u00e7 kimseye \u00fcst\u00fcnl\u00fck sa\u011flamaz\u201d dedi.<br \/>\n\u201cAkdeniz\u2019de kad\u0131nlara ve k\u0131z \u00e7ocuklar\u0131m\u0131za y\u00f6nelik alg\u0131y\u0131 de\u011fi\u015ftirdik\u201d<br \/>\nS\u00f6zlerini, \u201cT\u00fcm k\u0131z \u00e7ocuklar\u0131m\u0131z\u0131n g\u00fcn\u00fc kutlu olsun. Onlar\u0131n yan\u0131nday\u0131z. Kad\u0131na y\u00f6nelik \u015fiddeti, k\u0131z \u00e7ocuklar\u0131m\u0131za y\u00f6nelik bask\u0131 ve istismar\u0131 da k\u0131n\u0131yor ve lanetliyorum\u201d diyerek s\u00fcrd\u00fcren Ba\u015fkan G\u00fcltak, \u015f\u00f6yle konu\u015ftu; \u201cKad\u0131nlara, gen\u00e7lere ve \u00e7ocuklar\u0131m\u0131za sahip \u00e7\u0131kaca\u011f\u0131z. Akdeniz Belediyesi olarak ba\u015fta e\u011fitim olmak \u00fczere her t\u00fcrl\u00fc talep ve ihtiya\u00e7lar\u0131na yan\u0131t vermeye devam edece\u011fiz. Yakla\u015f\u0131k 18 k\u00fclt\u00fcr evimizde psikolog ve sosyologlar\u0131m\u0131z, annelerimiz ve \u00e7ocuklar\u0131m\u0131za destek veriyor.  Ayr\u0131ca Anne-K\u0131z projesi ile hayat\u0131nda hi\u00e7 kampa veya denize gitmeyen anneler ile k\u0131zlar\u0131n\u0131 kampa g\u00f6t\u00fcr\u00fcyoruz. Bu k\u0131z \u00e7ocuklar\u0131m\u0131zdan biri; \u0130clal Kurt, haz\u0131rlad\u0131\u011f\u0131m\u0131z e\u011fitim portal\u0131 sayesinde t\u0131p fak\u00fcltesini kazand\u0131.<br \/>\nMilli sporcumuz Miray Ula\u015f k\u0131z\u0131m\u0131z, \u0130talya&#8217;da d\u00fczenlenen yelken \u015fampiyonas\u0131nda d\u00fcnya 3\u2019\u00fcnc\u00fcs\u00fc oldu. Miray k\u0131z\u0131m\u0131z, \u00f6n\u00fcm\u00fczdeki seneden itibaren sporcumuz olacak. Yine Huri Korkut k\u0131z\u0131m\u0131z;  Avrupa Tekvando \u015eampiyonu, her t\u00fcrl\u00fc destek veriyoruz. Huri k\u0131z\u0131m\u0131z da Ocak ay\u0131ndan itibaren spor kul\u00fcb\u00fcm\u00fcz b\u00fcnyesine ge\u00e7ecek. Kad\u0131nlar ve k\u0131zlara y\u00f6nelik proje ve kampanyalar\u0131 \u00f6nemsiyoruz. Akdeniz\u2019de kad\u0131nlar ve k\u0131zlar bir t\u0131k \u00f6telenmi\u015fti. Ama fark\u0131ndal\u0131k yaratarak bu durumu b\u00fcy\u00fck \u00f6l\u00e7\u00fcde de\u011fi\u015ftirdik. Onlar da \u00fcretmeye ve kazanmaya ba\u015flad\u0131lar. Akdenizli kad\u0131nlar art\u0131k daha \u00f6zg\u00fcvenli ve g\u00fc\u00e7l\u00fc.\u201d<\/p>\n","protected":false},"excerpt":{"rendered":"<p>Akdeniz Belediye Ba\u015fkan\u0131 G\u00fcltak; \u201c11 Ekim D\u00fcnya K\u0131z \u00c7ocuklar\u0131 G\u00fcn\u00fc\u201d dolay\u0131s\u0131yla d\u00fczenlenen \u00f6zel bir etkinlikte minik k\u0131z \u00f6\u011frenciler ile bir araya geldi; onlarla birlikte duvarlar\u0131 reng\u00e2renk boyay\u0131p resimler yapt\u0131. Akdeniz &hellip; <a href=\"https:\/\/akdenizolaygazetesi.com\/?p=14619\" class=\"more-link\">Devam\u0131n\u0131 Oku&#8230;<\/a><\/p>\n","protected":false},"author":2,"featured_media":14620,"comment_status":"open","ping_status":"open","sticky":false,"template":"","format":"standard","meta":[],"categories":[3,5],"tags":[],"_links":{"self":[{"href":"https:\/\/akdenizolaygazetesi.com\/index.php?rest_route=\/wp\/v2\/posts\/14619"}],"collection":[{"href":"https:\/\/akdenizolaygazetesi.com\/index.php?rest_route=\/wp\/v2\/posts"}],"about":[{"href":"https:\/\/akdenizolaygazetesi.com\/index.php?rest_route=\/wp\/v2\/types\/post"}],"author":[{"embeddable":true,"href":"https:\/\/akdenizolaygazetesi.com\/index.php?rest_route=\/wp\/v2\/users\/2"}],"replies":[{"embeddable":true,"href":"https:\/\/akdenizolaygazetesi.com\/index.php?rest_route=%2Fwp%2Fv2%2Fcomments&post=14619"}],"version-history":[{"count":1,"href":"https:\/\/akdenizolaygazetesi.com\/index.php?rest_route=\/wp\/v2\/posts\/14619\/revisions"}],"predecessor-version":[{"id":14621,"href":"https:\/\/akdenizolaygazetesi.com\/index.php?rest_route=\/wp\/v2\/posts\/14619\/revisions\/14621"}],"wp:featuredmedia":[{"embeddable":true,"href":"https:\/\/akdenizolaygazetesi.com\/index.php?rest_route=\/wp\/v2\/media\/14620"}],"wp:attachment":[{"href":"https:\/\/akdenizolaygazetesi.com\/index.php?rest_route=%2Fwp%2Fv2%2Fmedia&parent=14619"}],"wp:term":[{"taxonomy":"category","embeddable":true,"href":"https:\/\/akdenizolaygazetesi.com\/index.php?rest_route=%2Fwp%2Fv2%2Fcategories&post=14619"},{"taxonomy":"post_tag","embeddable":true,"href":"https:\/\/akdenizolaygazetesi.com\/index.php?rest_route=%2Fwp%2Fv2%2Ftags&post=14619"}],"curies":[{"name":"wp","href":"https:\/\/api.w.org\/{rel}","templated":true}]}}