{"id":14622,"date":"2021-10-11T16:27:32","date_gmt":"2021-10-11T13:27:32","guid":{"rendered":"http:\/\/akdenizolaygazetesi.com\/?p=14622"},"modified":"2021-10-11T16:27:32","modified_gmt":"2021-10-11T13:27:32","slug":"secer-butun-cocuklari-ayrim-yapmadan-seviyoruz","status":"publish","type":"post","link":"https:\/\/akdenizolaygazetesi.com\/?p=14622","title":{"rendered":"SE\u00c7ER: \u201cB\u00dcT\u00dcN \u00c7OCUKLARI AYRIM YAPMADAN SEV\u0130YORUZ\u201d"},"content":{"rendered":"<p>Mersin B\u00fcy\u00fck\u015fehir Belediye Ba\u015fkan\u0131 Vahap Se\u00e7er, 11 Ekim D\u00fcnya K\u0131z \u00c7ocuklar\u0131 G\u00fcn\u00fc\u2019nde \u00e7ocuklarla bir araya geldi. Mersin Toptanc\u0131 ve Sebze Meyve Hal Kompleksi i\u00e7erisinde bulunan Mersin B\u00fcy\u00fck\u015fehir Belediyesi M\u00fcnir \u00d6zkul Kre\u015fi\u2019ni ziyaret eden Ba\u015fkan Se\u00e7er, \u00e7ocuklarla keyifli vakit ge\u00e7irdi. \u015eark\u0131lar e\u015fli\u011finde dans eden \u00e7ocuklar\u0131n mutlulu\u011funa alk\u0131\u015flarla ortak olan Ba\u015fkan Se\u00e7er, miniklere hediyeler da\u011f\u0131tt\u0131.<br \/>\n\u201cOnlara daha g\u00fczel bir d\u00fcnya b\u0131rakabilmek ad\u0131na gayret sarf ediyoruz\u201d<br \/>\n11 Ekim D\u00fcnya K\u0131z \u00c7ocuklar\u0131 G\u00fcn\u00fc\u2019nde cinsiyet e\u015fitli\u011fi konusuna vurgu yapan Ba\u015fkan Se\u00e7er, \u201cBen \u00e7ocuklar\u0131m\u0131z\u0131 cinsiyet ayr\u0131m\u0131 yapmadan \u00e7ok seviyorum. Her biri bizim \u00e7ok b\u00fcy\u00fck de\u011ferlerimiz. Ebeveynler olarak, b\u00fcy\u00fckler olarak onlar i\u00e7in \u00e7al\u0131\u015f\u0131yoruz. Onlara daha g\u00fczel bir d\u00fcnya b\u0131rakabilmek ad\u0131na gayret sarf ediyoruz\u201d dedi.<br \/>\n\u201cB\u00fct\u00fcn \u00e7ocuklar\u0131 ayr\u0131m yapmadan seviyoruz\u201d<br \/>\nToptanc\u0131 Hal Kompleksi i\u00e7erisinde Mersin B\u00fcy\u00fck\u015fehir Belediyesi taraf\u0131ndan hayata ge\u00e7irilen M\u00fcnir \u00d6zkul Kre\u015fi hakk\u0131nda bilgiler vererek konu\u015fmas\u0131n\u0131 s\u00fcrd\u00fcren Ba\u015fkan Se\u00e7er, \u201cBurada \u00e7ok say\u0131da \u00e7al\u0131\u015fan kad\u0131n var. Onlar\u0131n \u00e7ocuklar\u0131n\u0131 b\u0131rakabilece\u011fi g\u00fcvenli bir yer olsun istedik ve b\u00f6yle bir kre\u015fi hayata ge\u00e7irdik. Bu anlaml\u0131 g\u00fcnde ben de onlar\u0131 ziyaret etmek i\u00e7in geldim. \u00c7ok mutlular. Tabi onlar\u0131n mutluluklar\u0131 bize de yans\u0131yor. Biz de mutlu oluyoruz. Ba\u015fta onlar\u0131n e\u011fitimine gereken \u00f6zeni g\u00f6steriyoruz. Sa\u011fl\u0131kl\u0131 birer birey olmalar\u0131; hem aklen hem bedenen hem ruhen daha sa\u011fl\u0131kl\u0131 birer gen\u00e7 olmalar\u0131 i\u00e7in biz de \u00fczerimize d\u00fc\u015fen g\u00f6revi yap\u0131yoruz ve yapmaya da devam edece\u011fiz. B\u00fct\u00fcn \u00e7ocuklar\u0131 ayr\u0131m yapmadan seviyoruz\u201d diye konu\u015ftu.<\/p>\n","protected":false},"excerpt":{"rendered":"<p>Mersin B\u00fcy\u00fck\u015fehir Belediye Ba\u015fkan\u0131 Vahap Se\u00e7er, 11 Ekim D\u00fcnya K\u0131z \u00c7ocuklar\u0131 G\u00fcn\u00fc\u2019nde \u00e7ocuklarla bir araya geldi. Mersin Toptanc\u0131 ve Sebze Meyve Hal Kompleksi i\u00e7erisinde bulunan Mersin B\u00fcy\u00fck\u015fehir Belediyesi M\u00fcnir \u00d6zkul &hellip; <a href=\"https:\/\/akdenizolaygazetesi.com\/?p=14622\" class=\"more-link\">Devam\u0131n\u0131 Oku&#8230;<\/a><\/p>\n","protected":false},"author":2,"featured_media":14623,"comment_status":"open","ping_status":"open","sticky":false,"template":"","format":"standard","meta":[],"categories":[2,3],"tags":[],"_links":{"self":[{"href":"https:\/\/akdenizolaygazetesi.com\/index.php?rest_route=\/wp\/v2\/posts\/14622"}],"collection":[{"href":"https:\/\/akdenizolaygazetesi.com\/index.php?rest_route=\/wp\/v2\/posts"}],"about":[{"href":"https:\/\/akdenizolaygazetesi.com\/index.php?rest_route=\/wp\/v2\/types\/post"}],"author":[{"embeddable":true,"href":"https:\/\/akdenizolaygazetesi.com\/index.php?rest_route=\/wp\/v2\/users\/2"}],"replies":[{"embeddable":true,"href":"https:\/\/akdenizolaygazetesi.com\/index.php?rest_route=%2Fwp%2Fv2%2Fcomments&post=14622"}],"version-history":[{"count":1,"href":"https:\/\/akdenizolaygazetesi.com\/index.php?rest_route=\/wp\/v2\/posts\/14622\/revisions"}],"predecessor-version":[{"id":14624,"href":"https:\/\/akdenizolaygazetesi.com\/index.php?rest_route=\/wp\/v2\/posts\/14622\/revisions\/14624"}],"wp:featuredmedia":[{"embeddable":true,"href":"https:\/\/akdenizolaygazetesi.com\/index.php?rest_route=\/wp\/v2\/media\/14623"}],"wp:attachment":[{"href":"https:\/\/akdenizolaygazetesi.com\/index.php?rest_route=%2Fwp%2Fv2%2Fmedia&parent=14622"}],"wp:term":[{"taxonomy":"category","embeddable":true,"href":"https:\/\/akdenizolaygazetesi.com\/index.php?rest_route=%2Fwp%2Fv2%2Fcategories&post=14622"},{"taxonomy":"post_tag","embeddable":true,"href":"https:\/\/akdenizolaygazetesi.com\/index.php?rest_route=%2Fwp%2Fv2%2Ftags&post=14622"}],"curies":[{"name":"wp","href":"https:\/\/api.w.org\/{rel}","templated":true}]}}