{"id":14628,"date":"2021-10-11T16:35:20","date_gmt":"2021-10-11T13:35:20","guid":{"rendered":"http:\/\/akdenizolaygazetesi.com\/?p=14628"},"modified":"2021-10-11T16:35:20","modified_gmt":"2021-10-11T13:35:20","slug":"karaduvar-balik-festivaline-ziyaretci-akini","status":"publish","type":"post","link":"https:\/\/akdenizolaygazetesi.com\/?p=14628","title":{"rendered":"KARADUVAR BALIK FEST\u0130VAL\u0130&#8217;NE Z\u0130YARET\u00c7\u0130 AKINI"},"content":{"rendered":"<p>Akdeniz Belediyesi taraf\u0131ndan bu y\u0131l 2.&#8217;si ger\u00e7ekle\u015ftirilen Karaduvar Bal\u0131k Festivali, birbirinden renkli etkinlikler, Dr. Ender Sara\u00e7 s\u00f6yle\u015fisi ve sanat\u00e7\u0131 Ece Se\u00e7kin&#8217;in kapan\u0131\u015f konseri ile sona erdi. 2 g\u00fcn s\u00fcren festivale 50 binden fazla ziyaret\u00e7i geldi.<br \/>\nAkdeniz Belediyesi&#8217;nin organize etti\u011fi 2. Karaduvar Bal\u0131k Festivali kentte b\u00fcy\u00fck yank\u0131 uyand\u0131rd\u0131. Festivalde 5 tondan fazla sardalya t\u00fcketilirken, ziyaret\u00e7ilere binlerce bal\u0131k ekmek ve \u015falgam ikram edildi. 2 g\u00fcnde 50 binden fazla ki\u015finin ziyaret etti\u011fi festival alan\u0131 renkli g\u00f6r\u00fcnt\u00fclere sahne oldu.<br \/>\nOn binlerce ki\u015finin adeta ak\u0131n etti\u011fi, \u00e7ocuk aktivite alanlar\u0131, g\u00f6steriler ve \u00f6d\u00fcll\u00fc yar\u0131\u015fmalar\u0131n oldu\u011fu 2. Karaduvar Bal\u0131k Festivali ile muhte\u015fem bir etkinli\u011fe imza at\u0131ld\u0131. Festivalin ilk g\u00fcn\u00fcnde \u0130rem Derici sahne al\u0131rken, ikinci g\u00fcn\u00fcnde ise Dr. Ender Sara\u00e7 s\u00f6yle\u015fisi ve Ece Se\u00e7kin konseri ger\u00e7ekle\u015fti.<br \/>\nBa\u015fkan G\u00fcltak, Ece Se\u00e7kin&#8217;e tablo hediye etti<br \/>\nFestivalin kapan\u0131\u015f konserinde sahne alan ve yakla\u015f\u0131k 2 saat sahnede kalarak Mersinlilere unutulmaz bir gece ya\u015fatan Ece Se\u00e7kin birbirinden g\u00fczel \u015fark\u0131lar seslendirdi. Dans\u00e7\u0131lar\u0131 ile kusursuz bir performans sergileyen Se\u00e7kin, izleyenlerden tam not ald\u0131. Ayr\u0131ca yak\u0131n zamanda d\u00fcnya evine giren sanat\u00e7\u0131ya Ba\u015fkan Mustafa G\u00fcltak taraf\u0131ndan, Akdeniz Belediyesi K\u00fclt\u00fcr Sanat Evlerindeki kad\u0131n kursiyerlerin yapm\u0131\u015f oldu\u011fu bir tablo da hediye edildi.<br \/>\n&#8220;Mersin&#8217;in b\u00f6yle bir festivale ihtiyac\u0131 vard\u0131&#8221;<br \/>\nFestival sonras\u0131 konuyla ilgili a\u00e7\u0131klama yapan Akdeniz Belediye Ba\u015fkan\u0131 Mustafa G\u00fcltak, &#8220;Mersin&#8217;in b\u00f6yle bir festivale ihtiyac\u0131 vard\u0131. Yo\u011fun kat\u0131l\u0131mla beraber Mersin, Akdeniz ve Karadavur&#8217;\u0131n ad\u0131n\u0131 t\u00fcm T\u00fcrkiye&#8217;ye duyurmaktan dolay\u0131 \u00e7ok mutluyuz. \u00c7evre il ve il\u00e7elerden  \u00e7ok ciddi bir kat\u0131l\u0131m oldu. Bu da bizim do\u011fru bir i\u015f yapt\u0131\u011f\u0131m\u0131z\u0131 g\u00f6steriyor.  Bununla birlikte esnaf\u0131m\u0131za, kad\u0131nlar\u0131m\u0131za ve b\u00f6lge halk\u0131na da i\u015f yapabilmeleri ad\u0131na katk\u0131 sunmu\u015f olduk. Bu da bizi ayr\u0131ca memnun ediyor&#8221; ifadelerini kulland\u0131.<br \/>\n&#8220;Akdeniz art\u0131k de\u011fi\u015fiyor&#8221;<br \/>\n\u00d6n\u00fcm\u00fczdeki y\u0131l \u00fczerine katarak daha co\u015fkulu bir festival organize edeceklerini s\u00f6zlerine ekleyen Ba\u015fkan G\u00fcltak, &#8220;G\u00f6reve geldi\u011fimizden bu yana il\u00e7emizin makus talihini k\u0131rmak ad\u0131na elimizden gelenin fazlas\u0131n\u0131 yapt\u0131k; yapmaya da devam ediyoruz. Akdeniz art\u0131k de\u011fi\u015fiyor. Bu de\u011fi\u015fimle beraber art\u0131k b\u00f6lge halk\u0131m\u0131z ve kentimiz daha da mutlu. Bunu \u00e7ok net g\u00f6rebiliyoruz.  \u00d6n\u00fcm\u00fczdeki s\u00fcre\u00e7te de \u00e7ok ba\u015far\u0131l\u0131 festival ve projelere imza ataca\u011f\u0131z&#8221; diye konu\u015ftu. <\/p>\n","protected":false},"excerpt":{"rendered":"<p>Akdeniz Belediyesi taraf\u0131ndan bu y\u0131l 2.&#8217;si ger\u00e7ekle\u015ftirilen Karaduvar Bal\u0131k Festivali, birbirinden renkli etkinlikler, Dr. Ender Sara\u00e7 s\u00f6yle\u015fisi ve sanat\u00e7\u0131 Ece Se\u00e7kin&#8217;in kapan\u0131\u015f konseri ile sona erdi. 2 g\u00fcn s\u00fcren festivale &hellip; <a href=\"https:\/\/akdenizolaygazetesi.com\/?p=14628\" class=\"more-link\">Devam\u0131n\u0131 Oku&#8230;<\/a><\/p>\n","protected":false},"author":2,"featured_media":14629,"comment_status":"open","ping_status":"open","sticky":false,"template":"","format":"standard","meta":[],"categories":[3,5],"tags":[],"_links":{"self":[{"href":"https:\/\/akdenizolaygazetesi.com\/index.php?rest_route=\/wp\/v2\/posts\/14628"}],"collection":[{"href":"https:\/\/akdenizolaygazetesi.com\/index.php?rest_route=\/wp\/v2\/posts"}],"about":[{"href":"https:\/\/akdenizolaygazetesi.com\/index.php?rest_route=\/wp\/v2\/types\/post"}],"author":[{"embeddable":true,"href":"https:\/\/akdenizolaygazetesi.com\/index.php?rest_route=\/wp\/v2\/users\/2"}],"replies":[{"embeddable":true,"href":"https:\/\/akdenizolaygazetesi.com\/index.php?rest_route=%2Fwp%2Fv2%2Fcomments&post=14628"}],"version-history":[{"count":1,"href":"https:\/\/akdenizolaygazetesi.com\/index.php?rest_route=\/wp\/v2\/posts\/14628\/revisions"}],"predecessor-version":[{"id":14630,"href":"https:\/\/akdenizolaygazetesi.com\/index.php?rest_route=\/wp\/v2\/posts\/14628\/revisions\/14630"}],"wp:featuredmedia":[{"embeddable":true,"href":"https:\/\/akdenizolaygazetesi.com\/index.php?rest_route=\/wp\/v2\/media\/14629"}],"wp:attachment":[{"href":"https:\/\/akdenizolaygazetesi.com\/index.php?rest_route=%2Fwp%2Fv2%2Fmedia&parent=14628"}],"wp:term":[{"taxonomy":"category","embeddable":true,"href":"https:\/\/akdenizolaygazetesi.com\/index.php?rest_route=%2Fwp%2Fv2%2Fcategories&post=14628"},{"taxonomy":"post_tag","embeddable":true,"href":"https:\/\/akdenizolaygazetesi.com\/index.php?rest_route=%2Fwp%2Fv2%2Ftags&post=14628"}],"curies":[{"name":"wp","href":"https:\/\/api.w.org\/{rel}","templated":true}]}}