{"id":14631,"date":"2021-10-11T16:37:15","date_gmt":"2021-10-11T13:37:15","guid":{"rendered":"http:\/\/akdenizolaygazetesi.com\/?p=14631"},"modified":"2021-10-11T16:37:15","modified_gmt":"2021-10-11T13:37:15","slug":"baskan-yilmaz-mersinden-350-kadin-ile-birlikte-atanin-huzuruna-cikti","status":"publish","type":"post","link":"https:\/\/akdenizolaygazetesi.com\/?p=14631","title":{"rendered":"BA\u015eKAN YILMAZ, MERS\u0130N\u2019DEN 350 KADIN \u0130LE B\u0130RL\u0130KTE ATA\u2019NIN HUZURUNA \u00c7IKTI"},"content":{"rendered":"<p>Toroslar Belediye Ba\u015fkan\u0131 Ats\u0131z Af\u015f\u0131n Y\u0131lmaz, Mersin ve Toroslar\u2019dan 350 kad\u0131n ile birlikte An\u0131tkabir\u2019i ziyaret etti.<\/p>\n<p>350 kad\u0131nla Ata\u2019n\u0131n manevi huzuruna \u00e7\u0131kan Ba\u015fkan Y\u0131lmaz\u2019a, e\u015fi Meltem Y\u0131lmaz ve k\u0131zlar\u0131 da e\u015flik etti.<\/p>\n<p>Ba\u015fkan Y\u0131lmaz; \u201cToroslar Belediyesi olarak en b\u00fcy\u00fck hedefimiz,e\u011fitimden sa\u011fl\u0131\u011fa, sanattan spora ve siyasete kadar hayat\u0131n her alan\u0131nda b\u00fcy\u00fck emekleri olan kad\u0131nlar\u0131m\u0131z\u0131n mutlu ve umutlu oldu\u011fu bir kent olu\u015fturmakt\u0131r. Bu noktada kad\u0131nlar\u0131m\u0131z\u0131n her zaman yanlar\u0131nda olmaya devam edece\u011fiz\u201d dedi.<\/p>\n<p>\u201cBu Topraklar, Kad\u0131nlar\u0131m\u0131z, Analar\u0131m\u0131z Sayesinde Ge\u00e7ilmez Olmu\u015ftur\u201d<\/p>\n<p>T\u00fcrkiye Cumhuriyeti\u2019nin gelecek nesillere b\u0131rak\u0131lacak en de\u011ferli miras oldu\u011funu vurgulayan Ba\u015fkan Y\u0131lmaz; \u201cKad\u0131nlar\u0131m\u0131z, tarih boyuncu milli m\u00fccadele d\u00f6neminde en \u00f6n safta yer ald\u0131. Bizim destan\u0131m\u0131z, kad\u0131n\u0131yla, erke\u011fiyle t\u00fcm d\u00fcnyaya \u00f6rnek olmu\u015f bir destand\u0131r. E\u015fim, \u00e7ocuklar\u0131m ve Mersin\u2019den 350 han\u0131mefendi ile birlikte An\u0131tkabir\u2019i ziyaret ederek Cumhuriyetimizin kurucusu Ulu \u00d6nderimiz Gazi Mustafa Kemal Atat\u00fcrk\u2019\u00fcn manevi huzuruna \u00e7\u0131kman\u0131n mutlulu\u011funu ya\u015fad\u0131k. Atam\u0131z\u0131 ve silah arkada\u015flar\u0131n\u0131 yad ettik. Ruhlar\u0131 \u015fad olsun. An\u0131tkabir\u2019de, verilen m\u00fccadele ve o m\u00fccadelenin detaylar\u0131, hangi \u015fartlarda Kurtulu\u015f Sava\u015f\u0131\u2019n\u0131n kazan\u0131ld\u0131\u011f\u0131 ve Cumhuriyet\u2019in nas\u0131l kuruldu\u011funa ili\u015fkin \u00e7ok detayl\u0131 i\u00e7erik var. Ulu \u00d6nderimiz Atat\u00fcrk\u2019\u00fc, t\u00fcm \u015fehitlerimizi ve gazilerimizi rahmet, minnet ve sayg\u0131yla an\u0131yorum\u201d ifadelerinde bulundu.<\/p>\n<p>Ba\u015fkan Y\u0131lmaz, beraberindeki kad\u0131nlarla An\u0131tkabir merdivenlerinde hat\u0131ra foto\u011fraf\u0131 \u00e7ektirdi, e\u015fi ve \u00e7ocuklar\u0131yla birlikte An\u0131tkabir\u2019in i\u00e7indeki m\u00fczeyi de ziyaret etti.<\/p>\n<p>Mersinli kad\u0131nlar ise kendilerine Atat\u00fcrk\u2019\u00fcn manevi huzurunda bulunma f\u0131rsat\u0131n\u0131 sa\u011flayan Toroslar Belediye Ba\u015fkan\u0131 Ats\u0131z Af\u015f\u0131n Y\u0131lmaz\u2019a te\u015fekk\u00fcr etti.<\/p>\n","protected":false},"excerpt":{"rendered":"<p>Toroslar Belediye Ba\u015fkan\u0131 Ats\u0131z Af\u015f\u0131n Y\u0131lmaz, Mersin ve Toroslar\u2019dan 350 kad\u0131n ile birlikte An\u0131tkabir\u2019i ziyaret etti. 350 kad\u0131nla Ata\u2019n\u0131n manevi huzuruna \u00e7\u0131kan Ba\u015fkan Y\u0131lmaz\u2019a, e\u015fi Meltem Y\u0131lmaz ve k\u0131zlar\u0131 da &hellip; <a href=\"https:\/\/akdenizolaygazetesi.com\/?p=14631\" class=\"more-link\">Devam\u0131n\u0131 Oku&#8230;<\/a><\/p>\n","protected":false},"author":2,"featured_media":14632,"comment_status":"open","ping_status":"open","sticky":false,"template":"","format":"standard","meta":[],"categories":[1,3,5],"tags":[],"_links":{"self":[{"href":"https:\/\/akdenizolaygazetesi.com\/index.php?rest_route=\/wp\/v2\/posts\/14631"}],"collection":[{"href":"https:\/\/akdenizolaygazetesi.com\/index.php?rest_route=\/wp\/v2\/posts"}],"about":[{"href":"https:\/\/akdenizolaygazetesi.com\/index.php?rest_route=\/wp\/v2\/types\/post"}],"author":[{"embeddable":true,"href":"https:\/\/akdenizolaygazetesi.com\/index.php?rest_route=\/wp\/v2\/users\/2"}],"replies":[{"embeddable":true,"href":"https:\/\/akdenizolaygazetesi.com\/index.php?rest_route=%2Fwp%2Fv2%2Fcomments&post=14631"}],"version-history":[{"count":1,"href":"https:\/\/akdenizolaygazetesi.com\/index.php?rest_route=\/wp\/v2\/posts\/14631\/revisions"}],"predecessor-version":[{"id":14633,"href":"https:\/\/akdenizolaygazetesi.com\/index.php?rest_route=\/wp\/v2\/posts\/14631\/revisions\/14633"}],"wp:featuredmedia":[{"embeddable":true,"href":"https:\/\/akdenizolaygazetesi.com\/index.php?rest_route=\/wp\/v2\/media\/14632"}],"wp:attachment":[{"href":"https:\/\/akdenizolaygazetesi.com\/index.php?rest_route=%2Fwp%2Fv2%2Fmedia&parent=14631"}],"wp:term":[{"taxonomy":"category","embeddable":true,"href":"https:\/\/akdenizolaygazetesi.com\/index.php?rest_route=%2Fwp%2Fv2%2Fcategories&post=14631"},{"taxonomy":"post_tag","embeddable":true,"href":"https:\/\/akdenizolaygazetesi.com\/index.php?rest_route=%2Fwp%2Fv2%2Ftags&post=14631"}],"curies":[{"name":"wp","href":"https:\/\/api.w.org\/{rel}","templated":true}]}}