{"id":14637,"date":"2021-10-12T11:45:09","date_gmt":"2021-10-12T08:45:09","guid":{"rendered":"http:\/\/akdenizolaygazetesi.com\/?p=14637"},"modified":"2021-10-12T11:45:09","modified_gmt":"2021-10-12T08:45:09","slug":"duduk-caldi-turnuvanin-ilk-vuruslari-yapildi","status":"publish","type":"post","link":"https:\/\/akdenizolaygazetesi.com\/?p=14637","title":{"rendered":"D\u00dcD\u00dcK \u00c7ALDI, TURNUVANIN \u0130LK VURU\u015eLARI YAPILDI"},"content":{"rendered":"<p>Mersin B\u00fcy\u00fck\u015fehir Belediyesi Gen\u00e7lik ve Spor Hizmetleri Dairesi\u2019nin ge\u00e7en y\u0131l ilkini ger\u00e7ekle\u015ftirdi\u011fi \u201c10 Kas\u0131m Atat\u00fcrk\u2019\u00fc Anma 10 Ya\u015f Futbol Turnuvas\u0131\u201d geleneksel hale geliyor. Bu y\u0131l 2\u2019ncisi ger\u00e7ekle\u015fen turnuvan\u0131n ba\u015flang\u0131\u00e7 vuru\u015flar\u0131 yap\u0131ld\u0131.<br \/>\n2 ayr\u0131 sahada turnuvan\u0131n ilk ma\u00e7lar\u0131 yap\u0131ld\u0131<br \/>\n16 tak\u0131m\u0131n kar\u015f\u0131la\u015faca\u011f\u0131 turnuvan\u0131n ilk ma\u00e7\u0131 Macit \u00d6zcan Spor Tesisleri\u2019nde yap\u0131ld\u0131. Mersin B\u00fcy\u00fck\u015fehir Belediyesi, Mersinter, \u00c7ukurova \u0130dman Yurdu, Yeni\u015fehir \u0130dman Yurdu, Mezitli, Akdenizg\u00fcc\u00fc, Silifke Gen\u00e7lik, Trabzonspor, Toroslar Kartal, Ba\u015far\u0131spor, Alt\u0131nordu, Demirspor, Camspor, Galata, Galatasaray ve Kuvayi Milliye spor kul\u00fcplerinin yer ald\u0131\u011f\u0131 turnuvan\u0131n ilk ma\u00e7\u0131nda Mersin B\u00fcy\u00fck\u015fehir Belediyesi Gen\u00e7lik ve Spor Kul\u00fcb\u00fc-Yeni\u015fehir \u0130dman Yurdu ve Mersin \u0130nter Spor Kul\u00fcb\u00fc-\u00c7ukurova \u0130dman Yurdu tak\u0131mlar\u0131 kar\u015f\u0131la\u015ft\u0131.<br \/>\n\u201cKazanan, t\u00fcm \u00e7ocuklar olacak\u201d<br \/>\nMersin B\u00fcy\u00fck\u015fehir Belediyesi Gen\u00e7lik ve Spor Hizmetleri Dairesi Ba\u015fkan\u0131 Ahmet Tarak\u00e7\u0131, turnuvayla ilgili \u015funlar\u0131 s\u00f6yledi:<br \/>\n\u201c\u00c7ocuklar i\u00e7in birbirlerini tan\u0131mas\u0131, g\u00f6rmesi, hocalar\u0131m\u0131z\u0131n oyuncular\u0131n\u0131 test etmesi anlam\u0131nda \u00e7ok keyifli oluyor. Bu ya\u015f grubunu, b\u00fcy\u00fck ya\u015f gruplar\u0131na nazaran izlemesi daha keyifli. \u00c7\u00fcnk\u00fc kendi yeteneklerini g\u00f6sterebilmek ad\u0131na hen\u00fcz herhangi bir dizili\u015fin ya da bir takti\u011fin uygulanmad\u0131\u011f\u0131 ya\u015f gruplar\u0131. O y\u00fczden \u00e7ok keyifli oluyor. Ma\u00e7\u0131 ba\u015flatt\u0131k. 10 Kas\u0131m\u2019da da finalini yapaca\u011f\u0131z. Kazanan, t\u00fcm \u00e7ocuklar olacak. Biz B\u00fcy\u00fck Atat\u00fcrk\u2019\u00fcn ad\u0131na yap\u0131yoruz. O y\u00fczden bizim i\u00e7in \u00e7ok \u00f6nemli.\u201d<br \/>\n\u201cKat\u0131l\u0131m \u00e7ok iyi\u201d<br \/>\nMersin Amat\u00f6r Spor Kul\u00fcpleri Federasyonu Genel Ba\u015fkan\u0131 Mithat Erta\u015f, d\u00fczenlenen turnuva i\u00e7in te\u015fekk\u00fcr ederek, amat\u00f6r spor kul\u00fcpleri olarak turnuvaya gereken katk\u0131y\u0131 sa\u011flamaya \u00e7al\u0131\u015ft\u0131klar\u0131n\u0131 vurgulad\u0131. Erta\u015f, \u201c16 tak\u0131m\u0131n kat\u0131ld\u0131\u011f\u0131n\u0131 biliyorum. \u00c7ok g\u00fczel tesislerde bu m\u00fcsabakalar ba\u015flad\u0131. Umar\u0131m geleneksel hale gelir. \u00d6n\u00fcm\u00fczdeki y\u0131llarda bu say\u0131n\u0131n artaca\u011f\u0131na inan\u0131yorum. Kat\u0131l\u0131m \u00e7ok iyi. Velilerin ilgisi, alakas\u0131 \u00e7ok g\u00fczel\u201d dedi.<br \/>\n\u201cKazan\u0131nca rakibimizi tebrik edece\u011fiz\u201d<br \/>\nTurnuvaya kat\u0131lan \u00e7ocuklardan \u00c7a\u011fan Birero\u011flu, \u201c\u0130n\u015fallah kazan\u0131r\u0131z. G\u00fcc\u00fcm\u00fczle \u00e7\u0131k\u0131p, kazanmay\u0131 tercih ediyoruz. \u00c7ok mutluyum. Dostluk ortam\u0131 \u00e7ok iyi. Atat\u00fcrk\u2019\u00fc \u00e7ok seviyorum\u201d derken, Fatih Bal\u0131k\u00e7\u0131 ise \u201cBenim ya\u015f\u0131mdakiler ve bizim tak\u0131m\u0131m\u0131z i\u00e7in g\u00fczel bir turnuva oldu. Vahap Se\u00e7er\u2019e \u00e7ok te\u015fekk\u00fcr ediyoruz bu turnuvay\u0131 yapt\u0131\u011f\u0131 i\u00e7in\u201d diye konu\u015ftu.<\/p>\n","protected":false},"excerpt":{"rendered":"<p>Mersin B\u00fcy\u00fck\u015fehir Belediyesi Gen\u00e7lik ve Spor Hizmetleri Dairesi\u2019nin ge\u00e7en y\u0131l ilkini ger\u00e7ekle\u015ftirdi\u011fi \u201c10 Kas\u0131m Atat\u00fcrk\u2019\u00fc Anma 10 Ya\u015f Futbol Turnuvas\u0131\u201d geleneksel hale geliyor. Bu y\u0131l 2\u2019ncisi ger\u00e7ekle\u015fen turnuvan\u0131n ba\u015flang\u0131\u00e7 vuru\u015flar\u0131 &hellip; <a href=\"https:\/\/akdenizolaygazetesi.com\/?p=14637\" class=\"more-link\">Devam\u0131n\u0131 Oku&#8230;<\/a><\/p>\n","protected":false},"author":2,"featured_media":14638,"comment_status":"open","ping_status":"open","sticky":false,"template":"","format":"standard","meta":[],"categories":[3,10],"tags":[],"_links":{"self":[{"href":"https:\/\/akdenizolaygazetesi.com\/index.php?rest_route=\/wp\/v2\/posts\/14637"}],"collection":[{"href":"https:\/\/akdenizolaygazetesi.com\/index.php?rest_route=\/wp\/v2\/posts"}],"about":[{"href":"https:\/\/akdenizolaygazetesi.com\/index.php?rest_route=\/wp\/v2\/types\/post"}],"author":[{"embeddable":true,"href":"https:\/\/akdenizolaygazetesi.com\/index.php?rest_route=\/wp\/v2\/users\/2"}],"replies":[{"embeddable":true,"href":"https:\/\/akdenizolaygazetesi.com\/index.php?rest_route=%2Fwp%2Fv2%2Fcomments&post=14637"}],"version-history":[{"count":1,"href":"https:\/\/akdenizolaygazetesi.com\/index.php?rest_route=\/wp\/v2\/posts\/14637\/revisions"}],"predecessor-version":[{"id":14639,"href":"https:\/\/akdenizolaygazetesi.com\/index.php?rest_route=\/wp\/v2\/posts\/14637\/revisions\/14639"}],"wp:featuredmedia":[{"embeddable":true,"href":"https:\/\/akdenizolaygazetesi.com\/index.php?rest_route=\/wp\/v2\/media\/14638"}],"wp:attachment":[{"href":"https:\/\/akdenizolaygazetesi.com\/index.php?rest_route=%2Fwp%2Fv2%2Fmedia&parent=14637"}],"wp:term":[{"taxonomy":"category","embeddable":true,"href":"https:\/\/akdenizolaygazetesi.com\/index.php?rest_route=%2Fwp%2Fv2%2Fcategories&post=14637"},{"taxonomy":"post_tag","embeddable":true,"href":"https:\/\/akdenizolaygazetesi.com\/index.php?rest_route=%2Fwp%2Fv2%2Ftags&post=14637"}],"curies":[{"name":"wp","href":"https:\/\/api.w.org\/{rel}","templated":true}]}}