{"id":1466,"date":"2020-11-04T18:22:02","date_gmt":"2020-11-04T15:22:02","guid":{"rendered":"http:\/\/mersinekonomipolitikagazetesi.com\/?p=1466"},"modified":"2020-11-04T18:22:02","modified_gmt":"2020-11-04T15:22:02","slug":"ariza-giderildi-yeniden-su-verilmeye-baslandi","status":"publish","type":"post","link":"https:\/\/akdenizolaygazetesi.com\/?p=1466","title":{"rendered":"Ar\u0131za giderildi, yeniden su verilmeye ba\u015fland\u0131"},"content":{"rendered":"<p>Mersin&#8217;de, merkez Mezitli il\u00e7esinin tamam\u0131 ile Akdeniz, Toroslar ve Yeni\u015fehir il\u00e7elerinin baz\u0131 mahallelerine su verilen boruda meydana gelen ar\u0131za giderilerek, yeniden su verilmeye ba\u015fland\u0131.<\/p>\n<p><span style=\"font-size:16px;\"><span style=\"font-family: sans-serif; line-height: 20px; text-align: justify; background-color: rgb(242, 244, 245);\">Mersin B\u00fcy\u00fck\u015fehir Belediyesi Su ve Kanalizasyon \u0130daresi (MESK\u0130) Genel M\u00fcd\u00fcrl\u00fc\u011f\u00fc&#8217;nden yap\u0131lan a\u00e7\u0131klama g\u00f6re, d\u00fcn sabah saatlerinde D1-D2 i\u00e7me su depolar\u0131 aras\u0131ndaki borunun yap\u0131m\u0131 esnas\u0131nda ar\u0131za meydana geldi. Bunun \u00fczerine Mezitli il\u00e7esinin tamam\u0131, Akdeniz, Toroslar ve Yeni\u015fehir il\u00e7elerinin baz\u0131 mahallerinde su kesildi. 2 vin\u00e7, 6 kep\u00e7e, montaj ve demontaj ekiplerinden olu\u015fan 50 ki\u015filik bir ekip, ar\u0131zay\u0131 gidermek i\u00e7in 24 saat boyunca \u00e7al\u0131\u015ft\u0131. \u00c7al\u0131\u015fmalar\u0131, MESK\u0130 Genel M\u00fcd\u00fcr\u00fc Baha G\u00fcnhan G\u00fcng\u00f6rd\u00fc, Genel M\u00fcd\u00fcr Yard\u0131mc\u0131s\u0131 Can Ta\u015fk\u0131n, daire ba\u015fkanlar\u0131 da yerinden takip etti. Yap\u0131lan \u00e7al\u0131\u015fmalar sonucunda ar\u0131za giderilerek, kesinti yap\u0131lan b\u00f6lgelere su verilmeye ba\u015fland\u0131.\u00a0<\/span><br style=\"box-sizing: border-box; font-family: sans-serif; font-size: 14px; line-height: 20px; text-align: justify; background-color: rgb(242, 244, 245);\" \/><br \/>\n<span style=\"font-family: sans-serif; line-height: 20px; text-align: justify; background-color: rgb(242, 244, 245);\">\u00c7al\u0131\u015fmalar kapsam\u0131nda ayn\u0131 zamanda Toroslar il\u00e7esi Gazi Osmanpa\u015fa Caddesindeki 400 metrelik i\u00e7mesuyu terfi hatt\u0131ndaki ba\u011flant\u0131larda tamamland\u0131. Cello \u00c7e\u015fmesi mevkinde tespit edilen su ka\u00e7a\u011f\u0131 da \u00f6nlenerek, saniyede 30 litre su kayb\u0131n\u0131n \u00f6n\u00fcne ge\u00e7ildi.\u00a0<\/span><\/span><\/p>\n","protected":false},"excerpt":{"rendered":"<p>Mersin&#8217;de, merkez Mezitli il\u00e7esinin tamam\u0131 ile Akdeniz, Toroslar ve Yeni\u015fehir il\u00e7elerinin baz\u0131 mahallelerine su verilen boruda meydana gelen ar\u0131za giderilerek, yeniden su verilmeye ba\u015fland\u0131. Mersin B\u00fcy\u00fck\u015fehir Belediyesi Su ve Kanalizasyon &hellip; <a href=\"https:\/\/akdenizolaygazetesi.com\/?p=1466\" class=\"more-link\">Devam\u0131n\u0131 Oku&#8230;<\/a><\/p>\n","protected":false},"author":1,"featured_media":0,"comment_status":"open","ping_status":"open","sticky":false,"template":"","format":"standard","meta":[],"categories":[],"tags":[],"_links":{"self":[{"href":"https:\/\/akdenizolaygazetesi.com\/index.php?rest_route=\/wp\/v2\/posts\/1466"}],"collection":[{"href":"https:\/\/akdenizolaygazetesi.com\/index.php?rest_route=\/wp\/v2\/posts"}],"about":[{"href":"https:\/\/akdenizolaygazetesi.com\/index.php?rest_route=\/wp\/v2\/types\/post"}],"author":[{"embeddable":true,"href":"https:\/\/akdenizolaygazetesi.com\/index.php?rest_route=\/wp\/v2\/users\/1"}],"replies":[{"embeddable":true,"href":"https:\/\/akdenizolaygazetesi.com\/index.php?rest_route=%2Fwp%2Fv2%2Fcomments&post=1466"}],"version-history":[{"count":0,"href":"https:\/\/akdenizolaygazetesi.com\/index.php?rest_route=\/wp\/v2\/posts\/1466\/revisions"}],"wp:attachment":[{"href":"https:\/\/akdenizolaygazetesi.com\/index.php?rest_route=%2Fwp%2Fv2%2Fmedia&parent=1466"}],"wp:term":[{"taxonomy":"category","embeddable":true,"href":"https:\/\/akdenizolaygazetesi.com\/index.php?rest_route=%2Fwp%2Fv2%2Fcategories&post=1466"},{"taxonomy":"post_tag","embeddable":true,"href":"https:\/\/akdenizolaygazetesi.com\/index.php?rest_route=%2Fwp%2Fv2%2Ftags&post=1466"}],"curies":[{"name":"wp","href":"https:\/\/api.w.org\/{rel}","templated":true}]}}