{"id":1467,"date":"2020-11-04T18:22:02","date_gmt":"2020-11-04T15:22:02","guid":{"rendered":"http:\/\/mersinekonomipolitikagazetesi.com\/?p=1467"},"modified":"2020-11-04T18:22:02","modified_gmt":"2020-11-04T15:22:02","slug":"baskan-tuna-deprem-degil-kalitesiz-ve-kacak-binalar-can-alir","status":"publish","type":"post","link":"https:\/\/akdenizolaygazetesi.com\/?p=1467","title":{"rendered":"Ba\u015fkan Tuna: &#8220;Deprem de\u011fil, kalitesiz ve ka\u00e7ak binalar can al\u0131r&#8221;"},"content":{"rendered":"<p>Toroslar Belediyesi\u2019nin, her y\u0131l 1-7 Mart Deprem Haftas\u0131 kapsam\u0131nda Arama Kurtarma Derne\u011fi (AKUT) i\u015fbirli\u011fiyle il\u00e7edeki \u00f6\u011frencilere y\u00f6nelik d\u00fczenledi\u011fi \u2018deprem bilin\u00e7lendirme e\u011fitim seminerleri&#8217; bu y\u0131l da devam ediyor<\/p>\n<p><span style=\"font-size:16px;\"><span style=\"font-family: sans-serif; line-height: 20px; text-align: justify; background-color: rgb(242, 244, 245);\">Mersin&#8217;in merkez il\u00e7e Toroslar Belediye Ba\u015fkan\u0131 Hamit Tuna, depremde can kayb\u0131n\u0131n ya\u015fanmamas\u0131 i\u00e7in deprem bilincinin olu\u015fmas\u0131 gerekti\u011fini vurgulayarak, &#8220;Deprem, do\u011fan\u0131n en \u00f6nemli afetlerinden bir tanesidir. Deprem de\u011fil, kalitesiz ve ka\u00e7ak binalar can al\u0131r&#8221; dedi.\u00a0<\/span><br style=\"box-sizing: border-box; font-family: sans-serif; font-size: 14px; line-height: 20px; text-align: justify; background-color: rgb(242, 244, 245);\" \/><br \/>\n<span style=\"font-family: sans-serif; line-height: 20px; text-align: justify; background-color: rgb(242, 244, 245);\">Mersin&#8217;in merkez il\u00e7e Toroslar Belediyesi\u2019nin, her y\u0131l 1-7 Mart Deprem Haftas\u0131 kapsam\u0131nda Arama Kurtarma Derne\u011fi (AKUT) i\u015fbirli\u011fiyle il\u00e7edeki \u00f6\u011frencilere y\u00f6nelik d\u00fczenledi\u011fi \u2018deprem bilin\u00e7lendirme e\u011fitim seminerleri&#8217; bu y\u0131l da devam ediyor. Kuvayi Milliye ve Necatibey ilkokullar\u0131nda Mersin AKUT ekibi taraf\u0131ndan verilen e\u011fitimlere Toroslar Belediye Ba\u015fkan\u0131 Hamit Tuna da kat\u0131larak, \u00f6\u011frencileri yaln\u0131z b\u0131rakmad\u0131. E\u011fitimde, olas\u0131 bir depreme kar\u015f\u0131 al\u0131nacak \u00f6nlemler ile deprem an\u0131 ve sonras\u0131 yap\u0131lmas\u0131 gerekenler sinevizyon e\u015fli\u011finde uygulamal\u0131 olarak anlat\u0131l\u0131rken, g\u00f6n\u00fcll\u00fc ekibi dikkatle dinleyen \u00f6\u011frencilere depreme haz\u0131r olma bilinci olu\u015fturuldu. Ayn\u0131 zamanda, afet s\u0131ras\u0131nda acil durum \u00e7antas\u0131n\u0131n yan\u0131 s\u0131ra aile ile bulu\u015fulamamas\u0131 halinde aranabilecek \u015fehir i\u00e7indeki ve d\u0131\u015f\u0131ndaki yak\u0131nlar\u0131n ileti\u015fim bilgilerinin yaz\u0131l\u0131 olarak muhafaza edilmesinin \u00f6nemine de dikkat \u00e7ekildi. \u00d6\u011frencilerin yo\u011fun sevgi g\u00f6sterileri aras\u0131nda okullar\u0131 ziyaret ederek e\u011fitim seminerine kat\u0131lan Ba\u015fkan Tuna da depremin de\u011fil, kalitesiz ve ka\u00e7ak binalar\u0131n can ald\u0131\u011f\u0131na vurgu yaparak, T\u00fcrkiye\u2019nin deprem ku\u015fa\u011f\u0131nda yer almas\u0131ndan dolay\u0131 her zaman tedbirli olunmas\u0131 gerekti\u011fini ifade etti. Toroslar Belediyesi olarak \u00e7e\u015fitli bran\u015flarda d\u00fczenledikleri bilgilendirme e\u011fitimleriyle \u00e7ocuklar\u0131n daha bilin\u00e7li birer birey olmalar\u0131 i\u00e7in \u00e7aba g\u00f6sterdiklerini belirten Tuna, depremde can kayb\u0131n\u0131n ya\u015fanmamas\u0131 i\u00e7in deprem bilincinin olu\u015fmas\u0131 gerekti\u011finin \u00f6nemine de\u011findi.Tuna, &#8220;AKUT ile her y\u0131l il\u00e7emizdeki okullar\u0131m\u0131zda deprem bilin\u00e7lendirme e\u011fitimlerini gelece\u011fimiz olan \u00e7ocuklar\u0131m\u0131za d\u00fczenliyoruz. Deprem, do\u011fan\u0131n en \u00f6nemli afetlerinden bir tanesidir. Depreme kar\u015f\u0131 her t\u00fcrl\u00fc tedbiri alabilecek \u015fartlarda donan\u0131ml\u0131 olmam\u0131z laz\u0131m. Her zaman da dedi\u011fimiz gibi deprem insan\u0131 \u00f6ld\u00fcrmez, binalar \u00f6ld\u00fcr\u00fcr. Allah b\u00f6yle bir felaketi d\u00fcnyaya vermesin ama tedbiri de elden b\u0131rakmamam\u0131z laz\u0131m. Belediye olarak \u00f6zellikle afet ve deprem konusunda \u00e7ocuklar\u0131m\u0131z\u0131 ve vatanda\u015flar\u0131m\u0131z\u0131 bilgilendirmeye \u00e7al\u0131\u015f\u0131yoruz. Toroslar Belediyesi olarak il\u00e7emizdeki yap\u0131lar\u0131n g\u00fcvenli hale getirilmesini s\u00fcrekli takip ediyoruz&#8221; \u015feklinde konu\u015ftu.\u00a0<\/span><br style=\"box-sizing: border-box; font-family: sans-serif; font-size: 14px; line-height: 20px; text-align: justify; background-color: rgb(242, 244, 245);\" \/><br \/>\n<span style=\"font-family: sans-serif; line-height: 20px; text-align: justify; background-color: rgb(242, 244, 245);\">Binalar\u0131n sa\u011fl\u0131kl\u0131 yap\u0131lmas\u0131 i\u00e7in vatanda\u015flar\u0131 ruhsatl\u0131 yap\u0131ya y\u00f6nlendirdiklerinin alt\u0131n\u0131 \u00e7izen Tuna, &#8220;Ka\u00e7ak bina g\u00fc\u00e7l\u00fcl\u00fck anlam\u0131nda da depreme dayan\u0131kl\u0131 olmaz. \u0130l\u00e7emizde, plan ve projesi olan her t\u00fcrl\u00fc teknik \u015fartlar\u0131 ta\u015f\u0131yan binalar\u0131n yap\u0131lmas\u0131 i\u00e7in u\u011fra\u015f veriyoruz ve bu konuda insanlar\u0131m\u0131z\u0131 te\u015fvik ediyoruz. G\u00f6reve ilk geldi\u011fimizde in\u015faat ruhsat har\u00e7lar\u0131nda y\u00fczde 50, yap\u0131 kullanma izin belgesinde de y\u00fczde 57 indirim yapt\u0131k. Toroslar\u0131m\u0131za bakt\u0131\u011f\u0131n\u0131zda yeni olu\u015fan mahallelerimizde \u00e7ok nizami ve ho\u015f binalar yap\u0131l\u0131yor art\u0131k. Bu da belediye olarak insanlar\u0131m\u0131za sa\u011flad\u0131\u011f\u0131m\u0131z kolayl\u0131klar\u0131n sonucudur. Bu anlamda yapt\u0131\u011f\u0131m\u0131z alt yap\u0131 \u00e7al\u0131\u015fmalar\u0131 hem de AKUT ekibinin sundu\u011fu teknik bilgi destekleriyle \u00e7ocuklar\u0131m\u0131z\u0131 gelece\u011fe haz\u0131rlamaya \u00e7al\u0131\u015f\u0131yoruz. \u00c7\u00fcnk\u00fc \u00e7ocuklar\u0131m\u0131z gelecekte bu \u00fclkenin y\u00f6neticileri olacaklard\u0131r. Onlar\u0131n her anlamda dolu dolu olmalar\u0131n\u0131 istiyoruz. Bu e\u011fitimlere katk\u0131 sunan ve do\u011fal afetlerde her zaman yard\u0131ma ko\u015fan g\u00f6n\u00fcll\u00fcler grubu Mersin AKUT ekibine te\u015fekk\u00fcr ediyoruz\u201d diye konu\u015ftu.\u00a0<\/span><\/span><\/p>\n","protected":false},"excerpt":{"rendered":"<p>Toroslar Belediyesi\u2019nin, her y\u0131l 1-7 Mart Deprem Haftas\u0131 kapsam\u0131nda Arama Kurtarma Derne\u011fi (AKUT) i\u015fbirli\u011fiyle il\u00e7edeki \u00f6\u011frencilere y\u00f6nelik d\u00fczenledi\u011fi \u2018deprem bilin\u00e7lendirme e\u011fitim seminerleri&#8217; bu y\u0131l da devam ediyor Mersin&#8217;in merkez il\u00e7e &hellip; <a href=\"https:\/\/akdenizolaygazetesi.com\/?p=1467\" class=\"more-link\">Devam\u0131n\u0131 Oku&#8230;<\/a><\/p>\n","protected":false},"author":1,"featured_media":0,"comment_status":"open","ping_status":"open","sticky":false,"template":"","format":"standard","meta":[],"categories":[],"tags":[],"_links":{"self":[{"href":"https:\/\/akdenizolaygazetesi.com\/index.php?rest_route=\/wp\/v2\/posts\/1467"}],"collection":[{"href":"https:\/\/akdenizolaygazetesi.com\/index.php?rest_route=\/wp\/v2\/posts"}],"about":[{"href":"https:\/\/akdenizolaygazetesi.com\/index.php?rest_route=\/wp\/v2\/types\/post"}],"author":[{"embeddable":true,"href":"https:\/\/akdenizolaygazetesi.com\/index.php?rest_route=\/wp\/v2\/users\/1"}],"replies":[{"embeddable":true,"href":"https:\/\/akdenizolaygazetesi.com\/index.php?rest_route=%2Fwp%2Fv2%2Fcomments&post=1467"}],"version-history":[{"count":0,"href":"https:\/\/akdenizolaygazetesi.com\/index.php?rest_route=\/wp\/v2\/posts\/1467\/revisions"}],"wp:attachment":[{"href":"https:\/\/akdenizolaygazetesi.com\/index.php?rest_route=%2Fwp%2Fv2%2Fmedia&parent=1467"}],"wp:term":[{"taxonomy":"category","embeddable":true,"href":"https:\/\/akdenizolaygazetesi.com\/index.php?rest_route=%2Fwp%2Fv2%2Fcategories&post=1467"},{"taxonomy":"post_tag","embeddable":true,"href":"https:\/\/akdenizolaygazetesi.com\/index.php?rest_route=%2Fwp%2Fv2%2Ftags&post=1467"}],"curies":[{"name":"wp","href":"https:\/\/api.w.org\/{rel}","templated":true}]}}