{"id":1468,"date":"2020-11-04T18:22:02","date_gmt":"2020-11-04T15:22:02","guid":{"rendered":"http:\/\/mersinekonomipolitikagazetesi.com\/?p=1468"},"modified":"2020-11-04T18:22:02","modified_gmt":"2020-11-04T15:22:02","slug":"mersinde-26-bin-484-kadin-siddete-maruz-kaldi","status":"publish","type":"post","link":"https:\/\/akdenizolaygazetesi.com\/?p=1468","title":{"rendered":"Mersin&#8217;de 26 bin 484 kad\u0131n \u015fiddete maruz kald\u0131"},"content":{"rendered":"<p>Akdeniz Belediyesi taraf\u0131ndan kad\u0131na y\u00f6nelik \u015fiddete ve madde ba\u011f\u0131ml\u0131l\u0131\u011f\u0131na kar\u015f\u0131 toplumsal fark\u0131ndal\u0131\u011f\u0131 artt\u0131rmak ve bilin\u00e7 olu\u015fturmak amac\u0131yla seminer d\u00fczenlendi<\/p>\n<p><span style=\"font-size:16px;\"><span style=\"font-family: sans-serif; line-height: 20px; text-align: justify; background-color: rgb(242, 244, 245);\">Mersin merkez ve il\u00e7elerinde 2012 y\u0131l\u0131ndan bu yana 26 bin 484 kad\u0131n\u0131n \u015fiddete maruz kald\u0131\u011f\u0131 ve aile mahkemelerinin bu olaylar nedeniyle tedbir karar\u0131 ald\u0131\u011f\u0131 bildirildi.\u00a0<\/span><br style=\"box-sizing: border-box; font-family: sans-serif; font-size: 14px; line-height: 20px; text-align: justify; background-color: rgb(242, 244, 245);\" \/><br \/>\n<span style=\"font-family: sans-serif; line-height: 20px; text-align: justify; background-color: rgb(242, 244, 245);\">Akdeniz Belediyesi taraf\u0131ndan kad\u0131na y\u00f6nelik \u015fiddete ve madde ba\u011f\u0131ml\u0131l\u0131\u011f\u0131na kar\u015f\u0131 toplumsal fark\u0131ndal\u0131\u011f\u0131 artt\u0131rmak ve bilin\u00e7 olu\u015fturmak amac\u0131yla y\u00fcr\u00fct\u00fclen seminerler dizisi devam ediyor.\u00a0<\/span><br style=\"box-sizing: border-box; font-family: sans-serif; font-size: 14px; line-height: 20px; text-align: justify; background-color: rgb(242, 244, 245);\" \/><br \/>\n<span style=\"font-family: sans-serif; line-height: 20px; text-align: justify; background-color: rgb(242, 244, 245);\">Akdeniz Belediyesi Kad\u0131n ve Aile M\u00fcd\u00fcrl\u00fc\u011f\u00fc taraf\u0131ndan, yakla\u015fan 8 Mart D\u00fcnya Kad\u0131nlar G\u00fcn\u00fc dolay\u0131s\u0131yla, kad\u0131na y\u00f6nelik \u015fiddete kar\u015f\u0131 seminer organize edilirken, Spor Kul\u00fcb\u00fc taraf\u0131ndan da kul\u00fcp b\u00fcnyesinde faaliyet g\u00f6steren sporculara y\u00f6nelik uyu\u015fturucu madde kullan\u0131m\u0131na kar\u015f\u0131 panel ger\u00e7ekle\u015ftirildi. Mersin Aile ve Sosyal Politikalar \u0130l M\u00fcd\u00fcr Yard\u0131mc\u0131s\u0131 \u00c7i\u011fdem G\u00f6ll\u00fc\u2019n\u00fcn konu\u015fmac\u0131 oldu\u011fu ilk seminere, a\u011f\u0131rl\u0131kl\u0131 olarak belediyenin kad\u0131n \u00e7al\u0131\u015fanlar\u0131 dinleyici olarak kat\u0131ld\u0131.\u00a0<\/span><br style=\"box-sizing: border-box; font-family: sans-serif; font-size: 14px; line-height: 20px; text-align: justify; background-color: rgb(242, 244, 245);\" \/><br \/>\n<span style=\"font-family: sans-serif; line-height: 20px; text-align: justify; background-color: rgb(242, 244, 245);\">G\u00f6ll\u00fc, \u015eiddet \u00d6nleme ve \u0130zleme Merkezinde (\u015e\u00d6N\u0130M) en \u00f6nemli kriterin gizlilik oldu\u011funun alt\u0131n\u0131 \u00e7izdi\u011fi sunumunda, merkez olarak 7 g\u00fcn 24 saat hizmet verdiklerini s\u00f6yledi. Akdeniz, Toroslar, Tarsus, Silifke, Erdemli, Anamur ve Mut il\u00e7elerinde bulunan sosyal hizmet merkezlerinden de sorumlu oldu\u011funu kaydeden G\u00f6ll\u00fc, \u201cEngelli maa\u015f\u0131, evde bak\u0131m maa\u015f\u0131, ya\u015fl\u0131lar\u0131n huzurevine yerle\u015ftirilmesi, evlat edinme, koruyucu aile ve kad\u0131na y\u00f6nelik \u015fiddet gibi problemlerde bu merkezlerimize ba\u015fvurabilirsiniz\u201d dedi.\u00a0<\/span><br style=\"box-sizing: border-box; font-family: sans-serif; font-size: 14px; line-height: 20px; text-align: justify; background-color: rgb(242, 244, 245);\" \/><br \/>\n<span style=\"font-family: sans-serif; line-height: 20px; text-align: justify; background-color: rgb(242, 244, 245);\">&#8220;Mersin\u2019de \u015fiddet ma\u011fduru 26 bin 484 kad\u0131n i\u00e7in tedbir karar\u0131 al\u0131nd\u0131&#8221;\u00a0<\/span><br style=\"box-sizing: border-box; font-family: sans-serif; font-size: 14px; line-height: 20px; text-align: justify; background-color: rgb(242, 244, 245);\" \/><br \/>\n<span style=\"font-family: sans-serif; line-height: 20px; text-align: justify; background-color: rgb(242, 244, 245);\">\u015eiddeti \u00d6nleme ve \u0130zleme Merkezinin bar\u0131nma, hukuki destek, istihdam, sa\u011fl\u0131k hizmeti ve psikososyal destek \u00e7al\u0131\u015fmalar\u0131n\u0131 da anlatan G\u00f6ll\u00fc, 6284 Say\u0131l\u0131 Kanunun y\u00fcr\u00fcrl\u00fc\u011fe girdi\u011fi 20 Mart 2012\u2019den bu yana, Tarsus\u2019tan Anamur\u2019a kadar Mersin\u2019in 13 il\u00e7esinde 26 bin 484 kad\u0131n\u0131n \u015fiddete maruz kald\u0131\u011f\u0131n\u0131 ve aile mahkemelerinin tedbir karar\u0131 ald\u0131\u011f\u0131na dikkat \u00e7ekti. G\u00f6ll\u00fc, \u201c\u015eiddet, maalesef hep en yak\u0131n\u0131m\u0131zdaki insandan, e\u015fimizden, babam\u0131z veya karde\u015fimizden geliyor. \u015eiddete en \u00e7ok maruz kalanlar da kad\u0131nlard\u0131r. \u015eiddet, sadece fiziksel de\u011fildir. \u015eiddet ekonomiktir, psikolojiktir, cinseldir, \u015fiddet s\u00f6zeldir. Sadece darp \u015fiddet de\u011fildir\u201d diye konu\u015ftu.\u00a0<\/span><br style=\"box-sizing: border-box; font-family: sans-serif; font-size: 14px; line-height: 20px; text-align: justify; background-color: rgb(242, 244, 245);\" \/><br \/>\n<span style=\"font-family: sans-serif; line-height: 20px; text-align: justify; background-color: rgb(242, 244, 245);\">&#8220;Alo 183 ve B\u0130MER\u2019e ba\u015fvurulabilir&#8221;\u00a0<\/span><br style=\"box-sizing: border-box; font-family: sans-serif; font-size: 14px; line-height: 20px; text-align: justify; background-color: rgb(242, 244, 245);\" \/><br \/>\n<span style=\"font-family: sans-serif; line-height: 20px; text-align: justify; background-color: rgb(242, 244, 245);\">Kad\u0131na y\u00f6nelik \u015fiddet konusunda toplumun her kesiminin duyarl\u0131l\u0131k ve bilin\u00e7lenmeye ihtiyac\u0131 oldu\u011funun \u00e7izen G\u00f6ll\u00fc, \u015fiddet ma\u011fduru kad\u0131nlara sa\u011fl\u0131k hizmetinin yan\u0131 s\u0131ra hukuki hizmet verdiklerini de belirtti. G\u00f6ll\u00fc, \u201cSizlerin de vatanda\u015f olarak \u015fiddeti ihbar etme y\u00fck\u00fcml\u00fcl\u00fc\u011f\u00fcn\u00fcz var. Ayr\u0131ca &#8216;Alo183&#8217; ihbar hatt\u0131 var ve bu hat 7 g\u00fcn 24 saat a\u00e7\u0131k. Bir yak\u0131n\u0131n\u0131z, bir kom\u015funuz \u015fiddete maruz kald\u0131\u011f\u0131nda bu numaray\u0131 arayabilirsiniz. Yine ayn\u0131 \u015fekilde B\u0130MER\u2019e de ba\u015fvuru yapabilirsiniz\u201d \u015feklinde konu\u015ftu.\u00a0<\/span><br style=\"box-sizing: border-box; font-family: sans-serif; font-size: 14px; line-height: 20px; text-align: justify; background-color: rgb(242, 244, 245);\" \/><br \/>\n<span style=\"font-family: sans-serif; line-height: 20px; text-align: justify; background-color: rgb(242, 244, 245);\">Sporculara, uyu\u015fturucuya kar\u015f\u0131 bilin\u00e7lendirme semineri\u00a0<\/span><br style=\"box-sizing: border-box; font-family: sans-serif; font-size: 14px; line-height: 20px; text-align: justify; background-color: rgb(242, 244, 245);\" \/><br \/>\n<span style=\"font-family: sans-serif; line-height: 20px; text-align: justify; background-color: rgb(242, 244, 245);\">Akdeniz Belediyesi K\u00fclt\u00fcr Sosyal \u0130\u015fler M\u00fcd\u00fcrl\u00fc\u011f\u00fc, Akdeniz Belediye Spor Kul\u00fcb\u00fc ve \u0130l\u00e7e Gen\u00e7lik Hizmetleri ve Spor M\u00fcd\u00fcrl\u00fc\u011f\u00fc i\u015fbirli\u011finde d\u00fczenlenen di\u011fer bir etkinlikte ise sporcu \u00e7ocuklar ve gen\u00e7lere y\u00f6nelik uyu\u015fturucu maddelerin zararlar\u0131 ve kullan\u0131m\u0131n\u0131n olu\u015fturdu\u011fu tehlikeler anlat\u0131ld\u0131.\u00a0<\/span><br style=\"box-sizing: border-box; font-family: sans-serif; font-size: 14px; line-height: 20px; text-align: justify; background-color: rgb(242, 244, 245);\" \/><br \/>\n<span style=\"font-family: sans-serif; line-height: 20px; text-align: justify; background-color: rgb(242, 244, 245);\">Akdeniz \u0130l\u00e7e Gen\u00e7lik Spor Temsilcisi Osman Yal\u00e7\u0131n, madde ba\u011f\u0131ml\u0131l\u0131\u011f\u0131, ba\u011f\u0131ml\u0131l\u0131\u011f\u0131n olumsuz etkileri, madde kullan\u0131m belirtileri, ba\u011f\u0131ml\u0131l\u0131\u011f\u0131n nas\u0131l ba\u015flad\u0131\u011f\u0131, kullan\u0131c\u0131lar\u0131n s\u0131\u011f\u0131nd\u0131\u011f\u0131 gerek\u00e7eler, madde kullan\u0131m\u0131n\u0131n tedavisi konular\u0131nda sunum yapt\u0131.\u00a0<\/span><br style=\"box-sizing: border-box; font-family: sans-serif; font-size: 14px; line-height: 20px; text-align: justify; background-color: rgb(242, 244, 245);\" \/><br \/>\n<span style=\"font-family: sans-serif; line-height: 20px; text-align: justify; background-color: rgb(242, 244, 245);\">Uyu\u015fturucu madde kullan\u0131m\u0131n\u0131n nas\u0131l ba\u015flay\u0131p ilerledi\u011fini anlatan Yal\u00e7\u0131n, bu s\u00fcrecin, &#8216;Bir kereden bir \u015fey olmaz, &#8216;Bir daha kullanmam&#8217;, &#8216;Ben ba\u011f\u0131ml\u0131 olmam&#8217;, &#8216;\u0130stersem b\u0131rak\u0131r\u0131m&#8217; \u015feklinde k\u0131s\u0131r d\u00f6ng\u00fc i\u00e7inde s\u00fcrd\u00fc\u011f\u00fcn\u00fc vurgulad\u0131.\u00a0<\/span><br style=\"box-sizing: border-box; font-family: sans-serif; font-size: 14px; line-height: 20px; text-align: justify; background-color: rgb(242, 244, 245);\" \/><br \/>\n<span style=\"font-family: sans-serif; line-height: 20px; text-align: justify; background-color: rgb(242, 244, 245);\">\u00d6zellikle arkada\u015f ortam\u0131nda g\u00f6r\u00fclebilen madde kullan\u0131m\u0131 tekliflerine kar\u015f\u0131 &#8216;hay\u0131r&#8217; diyebilmenin \u00f6nemine de dikkat \u00e7eken Yal\u00e7\u0131n, \u201cL\u00fctfen \u2018hay\u0131r\u2019 diyebilmeyi \u00f6\u011frenin ve bu konuda kararl\u0131 durun. Ba\u011f\u0131ml\u0131l\u0131k yap\u0131c\u0131 maddelerle ilgili size bir teklif geldi\u011finde, verebilece\u011finiz en k\u0131sa ve en net yan\u0131t \u2018hay\u0131r\u2019 olmal\u0131d\u0131r\u201d dedi.\u00a0<\/span><\/span><\/p>\n","protected":false},"excerpt":{"rendered":"<p>Akdeniz Belediyesi taraf\u0131ndan kad\u0131na y\u00f6nelik \u015fiddete ve madde ba\u011f\u0131ml\u0131l\u0131\u011f\u0131na kar\u015f\u0131 toplumsal fark\u0131ndal\u0131\u011f\u0131 artt\u0131rmak ve bilin\u00e7 olu\u015fturmak amac\u0131yla seminer d\u00fczenlendi Mersin merkez ve il\u00e7elerinde 2012 y\u0131l\u0131ndan bu yana 26 bin 484 &hellip; <a href=\"https:\/\/akdenizolaygazetesi.com\/?p=1468\" class=\"more-link\">Devam\u0131n\u0131 Oku&#8230;<\/a><\/p>\n","protected":false},"author":1,"featured_media":0,"comment_status":"open","ping_status":"open","sticky":false,"template":"","format":"standard","meta":[],"categories":[],"tags":[],"_links":{"self":[{"href":"https:\/\/akdenizolaygazetesi.com\/index.php?rest_route=\/wp\/v2\/posts\/1468"}],"collection":[{"href":"https:\/\/akdenizolaygazetesi.com\/index.php?rest_route=\/wp\/v2\/posts"}],"about":[{"href":"https:\/\/akdenizolaygazetesi.com\/index.php?rest_route=\/wp\/v2\/types\/post"}],"author":[{"embeddable":true,"href":"https:\/\/akdenizolaygazetesi.com\/index.php?rest_route=\/wp\/v2\/users\/1"}],"replies":[{"embeddable":true,"href":"https:\/\/akdenizolaygazetesi.com\/index.php?rest_route=%2Fwp%2Fv2%2Fcomments&post=1468"}],"version-history":[{"count":0,"href":"https:\/\/akdenizolaygazetesi.com\/index.php?rest_route=\/wp\/v2\/posts\/1468\/revisions"}],"wp:attachment":[{"href":"https:\/\/akdenizolaygazetesi.com\/index.php?rest_route=%2Fwp%2Fv2%2Fmedia&parent=1468"}],"wp:term":[{"taxonomy":"category","embeddable":true,"href":"https:\/\/akdenizolaygazetesi.com\/index.php?rest_route=%2Fwp%2Fv2%2Fcategories&post=1468"},{"taxonomy":"post_tag","embeddable":true,"href":"https:\/\/akdenizolaygazetesi.com\/index.php?rest_route=%2Fwp%2Fv2%2Ftags&post=1468"}],"curies":[{"name":"wp","href":"https:\/\/api.w.org\/{rel}","templated":true}]}}