{"id":14681,"date":"2021-10-15T12:21:41","date_gmt":"2021-10-15T09:21:41","guid":{"rendered":"http:\/\/akdenizolaygazetesi.com\/?p=14681"},"modified":"2021-10-15T12:21:41","modified_gmt":"2021-10-15T09:21:41","slug":"bundan-sonra-sular-birikmeyecek","status":"publish","type":"post","link":"https:\/\/akdenizolaygazetesi.com\/?p=14681","title":{"rendered":"&#8220;Bundan sonra sular birikmeyecek&#8221;"},"content":{"rendered":"<p>Akdeniz Belediyesi\u2019nin, \u00d6zg\u00fcrl\u00fck Mahallesi\u2019nde toplam 9 bu\u00e7uk d\u00f6n\u00fcm b\u00fcy\u00fckl\u00fc\u011f\u00fcndeki araziye kurdu\u011fu parktaki yap\u0131 ve donat\u0131lara zarar verilip tahrip edildi. Ba\u015fkan Mustafa G\u00fcltak, konuya ili\u015fkin mahalle sakinlerine seslenerek &#8220;Biz yeniden yapar\u0131z ama her seferinde k\u0131r\u0131l\u0131p d\u00f6k\u00fcl\u00fcrse bu milli serveti ortadan kald\u0131rmak olur. L\u00fctfen bu hizmetlere sahip \u00e7\u0131k\u0131n&#8221; dedi.<br \/>\nAkdeniz Belediyesi\u2019nin, il\u00e7e s\u0131n\u0131rlar\u0131 i\u00e7erisinde bulunan \u00d6zg\u00fcrl\u00fck Mahallesi&#8217;ndeki TCDD\u2019den kiralad\u0131\u011f\u0131 devasa bir alanda, Erzurum B\u00fcy\u00fck\u015fehir Belediye Ba\u015fkan\u0131 Mehmet Sekmen\u2019in de katk\u0131 ve deste\u011fiyle kazand\u0131r\u0131lan park ve ye\u015fil alan zarar verilip, tahrip edildi.  Akdeniz Belediyesi&#8217;ne ba\u011fl\u0131 ekipler park ve \u00e7evresinde \u00e7al\u0131\u015fmalar\u0131n\u0131 h\u0131z kesmeden s\u00fcrd\u00fcr\u00fcrken, park\u0131n etraf\u0131ndaki yollar\u0131n da asfalt \u00e7al\u0131\u015fmas\u0131 ba\u015flad\u0131.<br \/>\n&#8220;Bundan sonra sular birikmeyecek&#8221;<br \/>\nKonuyla ilgili a\u00e7\u0131klama yapan Ba\u015fkan Mustafa G\u00fcltak; &#8220;Erzurum B\u00fcy\u00fck\u015fehir Belediye Ba\u015fkan\u0131m\u0131z\u0131n destekleri ile 9 d\u00f6n\u00fcm\u00fcn \u00fczerinde \u00e7ok g\u00fczel bir park alan\u0131n\u0131 buraya kazand\u0131rd\u0131k. Belediyemize ba\u011fl\u0131 ekipler de bu sokakta kald\u0131r\u0131m \u00e7al\u0131\u015fmas\u0131 yapt\u0131lar. Asfalt\u0131 da d\u00f6\u015fendi.  Ya\u011fmur suyu noktas\u0131nda ve alt yap\u0131 konusunda hep sular birikiyordu. Arkada\u015flar ona g\u00f6re de bir sistem yapm\u0131\u015flar. Art\u0131k bundan sonra sular da birikmeyecek&#8221; dedi.<br \/>\n&#8220;Bu milli servettir&#8221;<br \/>\nBa\u015fkan G\u00fcltak; &#8221; \u00d6zg\u00fcrl\u00fck Mahallesi sakinlerinden, muhtar\u0131m\u0131zdan ve t\u00fcm vatanda\u015flardan benim bir iste\u011fim olacak. Buradaki teli g\u00f6r\u00fcyorsunuz. Bunlar tamamen k\u0131r\u0131lm\u0131\u015f. \u0130\u00e7eride lavabolar, mescitler var. T\u00fcm camlar\u0131 k\u0131r\u0131lm\u0131\u015f. Bu milli servettir. Biz bunlar\u0131 sizler i\u00e7in, bu mahalle i\u00e7in yap\u0131yoruz. \u00d6zg\u00fcrl\u00fck Mahallesi&#8217;nde oturan karde\u015flerimize ve \u00f6zellikle de han\u0131mefendilere sesleniyorum. L\u00fctfen buralara sahip \u00e7\u0131k\u0131n&#8221; diye konu\u015ftu.<br \/>\n&#8220;Bunlar kal\u0131c\u0131 hizmetlerdir&#8221;<br \/>\nBa\u015fkan Mustafa G\u00fcltak, ellerinden  geldi\u011fi kadar yenileme \u00e7al\u0131\u015fmalar\u0131n\u0131 yapmaya devam edeceklerini s\u00f6zlerine ekleyerek; &#8220;Biz yeniden yapar\u0131z ama her seferinde k\u0131r\u0131l\u0131p d\u00f6k\u00fcl\u00fcrse bu milli serveti ortadan kald\u0131rmak olur. \u00dcst \u00fcste k\u0131r\u0131ld\u0131\u011f\u0131nda her zaman da yapamayabiliriz. Bu hizmetler kal\u0131c\u0131 hizmetlerdir. Sonu\u00e7ta buralar\u0131 siz kullan\u0131yorsunuz. L\u00fctfen sahip \u00e7\u0131k\u0131n&#8221; ifadelerini kulland\u0131. <\/p>\n","protected":false},"excerpt":{"rendered":"<p>Akdeniz Belediyesi\u2019nin, \u00d6zg\u00fcrl\u00fck Mahallesi\u2019nde toplam 9 bu\u00e7uk d\u00f6n\u00fcm b\u00fcy\u00fckl\u00fc\u011f\u00fcndeki araziye kurdu\u011fu parktaki yap\u0131 ve donat\u0131lara zarar verilip tahrip edildi. Ba\u015fkan Mustafa G\u00fcltak, konuya ili\u015fkin mahalle sakinlerine seslenerek &#8220;Biz yeniden yapar\u0131z &hellip; <a href=\"https:\/\/akdenizolaygazetesi.com\/?p=14681\" class=\"more-link\">Devam\u0131n\u0131 Oku&#8230;<\/a><\/p>\n","protected":false},"author":2,"featured_media":14682,"comment_status":"open","ping_status":"open","sticky":false,"template":"","format":"standard","meta":[],"categories":[2,3,5],"tags":[],"_links":{"self":[{"href":"https:\/\/akdenizolaygazetesi.com\/index.php?rest_route=\/wp\/v2\/posts\/14681"}],"collection":[{"href":"https:\/\/akdenizolaygazetesi.com\/index.php?rest_route=\/wp\/v2\/posts"}],"about":[{"href":"https:\/\/akdenizolaygazetesi.com\/index.php?rest_route=\/wp\/v2\/types\/post"}],"author":[{"embeddable":true,"href":"https:\/\/akdenizolaygazetesi.com\/index.php?rest_route=\/wp\/v2\/users\/2"}],"replies":[{"embeddable":true,"href":"https:\/\/akdenizolaygazetesi.com\/index.php?rest_route=%2Fwp%2Fv2%2Fcomments&post=14681"}],"version-history":[{"count":1,"href":"https:\/\/akdenizolaygazetesi.com\/index.php?rest_route=\/wp\/v2\/posts\/14681\/revisions"}],"predecessor-version":[{"id":14683,"href":"https:\/\/akdenizolaygazetesi.com\/index.php?rest_route=\/wp\/v2\/posts\/14681\/revisions\/14683"}],"wp:featuredmedia":[{"embeddable":true,"href":"https:\/\/akdenizolaygazetesi.com\/index.php?rest_route=\/wp\/v2\/media\/14682"}],"wp:attachment":[{"href":"https:\/\/akdenizolaygazetesi.com\/index.php?rest_route=%2Fwp%2Fv2%2Fmedia&parent=14681"}],"wp:term":[{"taxonomy":"category","embeddable":true,"href":"https:\/\/akdenizolaygazetesi.com\/index.php?rest_route=%2Fwp%2Fv2%2Fcategories&post=14681"},{"taxonomy":"post_tag","embeddable":true,"href":"https:\/\/akdenizolaygazetesi.com\/index.php?rest_route=%2Fwp%2Fv2%2Ftags&post=14681"}],"curies":[{"name":"wp","href":"https:\/\/api.w.org\/{rel}","templated":true}]}}