{"id":14684,"date":"2021-10-15T12:23:44","date_gmt":"2021-10-15T09:23:44","guid":{"rendered":"http:\/\/akdenizolaygazetesi.com\/?p=14684"},"modified":"2021-10-15T12:23:44","modified_gmt":"2021-10-15T09:23:44","slug":"toroslar-her-mevsim-rengarenk","status":"publish","type":"post","link":"https:\/\/akdenizolaygazetesi.com\/?p=14684","title":{"rendered":"\u201cToroslar, Her Mevsim Reng\u00e2renk\u201d"},"content":{"rendered":"<p>Toroslar Belediyesi, il\u00e7enin d\u00f6rt bir yan\u0131na dikti\u011fi \u00e7i\u00e7ek ve bitkileri, kendi seras\u0131nda yeti\u015ftiriyor.<\/p>\n<p>Park ve Bah\u00e7eler M\u00fcd\u00fcrl\u00fc\u011f\u00fc b\u00fcnyesinde \u00f6zenle \u00fcretilen \u00e7al\u0131 mine, beyaz g\u00fcl, bodur cennet bambular\u0131, japon g\u00fclleri, kakt\u00fcs ve sukkulent bitkileri, park ve ye\u015fil alanlar\u0131 s\u00fcsl\u00fcyor.<\/p>\n<p>Park ve ye\u015fil alanlarda bak\u0131m, onar\u0131m, \u00e7i\u00e7eklendirme ve a\u011fa\u00e7land\u0131rma \u00e7al\u0131\u015fmalar\u0131n\u0131 aral\u0131ks\u0131z s\u00fcrd\u00fcren belediye, vatanda\u015flara temiz ve nezih alanlar sunuyor.<\/p>\n<p>\u201c\u0130l\u00e7emizdeki Ye\u015fil Alanlar\u0131 Koruyor, Say\u0131lar\u0131n\u0131 Daha da Art\u0131r\u0131yoruz\u201d<\/p>\n<p>Toroslar Belediye Ba\u015fkan\u0131 Ats\u0131z Af\u015f\u0131n Y\u0131lmaz, \u015fehrin ye\u015fil dokusuna \u00f6nem verdiklerini ve \u00fcreten bir belediye olduklar\u0131n\u0131 s\u00f6yledi.<\/p>\n<p>Gelecek nesillere daha ya\u015fanabilir bir d\u00fcnya b\u0131rakmak amac\u0131yla \u00e7al\u0131\u015ft\u0131klar\u0131n\u0131 belirten Ba\u015fkan Y\u0131lmaz; \u201cKentimizin iklimine uygun olarak belediyemiz seras\u0131nda \u00fcretti\u011fimiz \u00e7i\u00e7ek ve bitkileri, ye\u015fil alanlar\u0131m\u0131zda, parklar\u0131m\u0131zda, il\u00e7emizdeki kurumlar\u0131n bah\u00e7elerinde toprakla bulu\u015fturuyoruz. Hem kentimizi g\u00fczelle\u015ftiriyor hem de \u00fcreterek b\u00fcy\u00fck tasarruf sa\u011fl\u0131yoruz. Hem\u015fehrilerimizden de iste\u011fimiz bu ye\u015fil alanlar\u0131m\u0131z\u0131 korumalar\u0131 ve sahip \u00e7\u0131kmalar\u0131d\u0131r. Bu g\u00fczellikler hepimizin\u201d diye konu\u015ftu.<\/p>\n","protected":false},"excerpt":{"rendered":"<p>Toroslar Belediyesi, il\u00e7enin d\u00f6rt bir yan\u0131na dikti\u011fi \u00e7i\u00e7ek ve bitkileri, kendi seras\u0131nda yeti\u015ftiriyor. Park ve Bah\u00e7eler M\u00fcd\u00fcrl\u00fc\u011f\u00fc b\u00fcnyesinde \u00f6zenle \u00fcretilen \u00e7al\u0131 mine, beyaz g\u00fcl, bodur cennet bambular\u0131, japon g\u00fclleri, kakt\u00fcs &hellip; <a href=\"https:\/\/akdenizolaygazetesi.com\/?p=14684\" class=\"more-link\">Devam\u0131n\u0131 Oku&#8230;<\/a><\/p>\n","protected":false},"author":2,"featured_media":14685,"comment_status":"open","ping_status":"open","sticky":false,"template":"","format":"standard","meta":[],"categories":[1,3,5],"tags":[],"_links":{"self":[{"href":"https:\/\/akdenizolaygazetesi.com\/index.php?rest_route=\/wp\/v2\/posts\/14684"}],"collection":[{"href":"https:\/\/akdenizolaygazetesi.com\/index.php?rest_route=\/wp\/v2\/posts"}],"about":[{"href":"https:\/\/akdenizolaygazetesi.com\/index.php?rest_route=\/wp\/v2\/types\/post"}],"author":[{"embeddable":true,"href":"https:\/\/akdenizolaygazetesi.com\/index.php?rest_route=\/wp\/v2\/users\/2"}],"replies":[{"embeddable":true,"href":"https:\/\/akdenizolaygazetesi.com\/index.php?rest_route=%2Fwp%2Fv2%2Fcomments&post=14684"}],"version-history":[{"count":1,"href":"https:\/\/akdenizolaygazetesi.com\/index.php?rest_route=\/wp\/v2\/posts\/14684\/revisions"}],"predecessor-version":[{"id":14686,"href":"https:\/\/akdenizolaygazetesi.com\/index.php?rest_route=\/wp\/v2\/posts\/14684\/revisions\/14686"}],"wp:featuredmedia":[{"embeddable":true,"href":"https:\/\/akdenizolaygazetesi.com\/index.php?rest_route=\/wp\/v2\/media\/14685"}],"wp:attachment":[{"href":"https:\/\/akdenizolaygazetesi.com\/index.php?rest_route=%2Fwp%2Fv2%2Fmedia&parent=14684"}],"wp:term":[{"taxonomy":"category","embeddable":true,"href":"https:\/\/akdenizolaygazetesi.com\/index.php?rest_route=%2Fwp%2Fv2%2Fcategories&post=14684"},{"taxonomy":"post_tag","embeddable":true,"href":"https:\/\/akdenizolaygazetesi.com\/index.php?rest_route=%2Fwp%2Fv2%2Ftags&post=14684"}],"curies":[{"name":"wp","href":"https:\/\/api.w.org\/{rel}","templated":true}]}}