{"id":1469,"date":"2020-11-04T18:22:02","date_gmt":"2020-11-04T15:22:02","guid":{"rendered":"http:\/\/mersinekonomipolitikagazetesi.com\/?p=1469"},"modified":"2020-11-04T18:22:02","modified_gmt":"2020-11-04T15:22:02","slug":"vali-su-sehit-ailelerini-konya-ve-canakkaleye-ugurladi","status":"publish","type":"post","link":"https:\/\/akdenizolaygazetesi.com\/?p=1469","title":{"rendered":"Vali Su, \u015fehit ailelerini Konya ve \u00c7anakkale&#8217;ye u\u011furlad\u0131"},"content":{"rendered":"<p>Mersin Valili\u011fi b\u00fcnyesinde \u0130l Sosyal Yard\u0131mla\u015fma ve Dayan\u0131\u015fma Vakf\u0131 arac\u0131l\u0131\u011f\u0131yla, Mersin&#8217;de ikamet eden 36 \u015fehit ailesi, Konya ve \u00c7anakkale ziyaretine u\u011furland\u0131.<\/p>\n<p><span style=\"font-size:16px;\"><span style=\"font-family: sans-serif; line-height: 20px; text-align: justify; background-color: rgb(242, 244, 245);\">\u015eehit aileleri, yak\u0131nlar\u0131 ve Sosyal Yard\u0131mla\u015fma Dayan\u0131\u015fma Vakf\u0131 M\u00fctevelli Heyet \u00fcyelerinin kat\u0131ld\u0131\u011f\u0131 u\u011furlama t\u00f6reninde konu\u015fan Vali Su, \u015fehitlerin, d\u00fcnyadaki en k\u0131ymetli varl\u0131klar\u0131 olan hayatlar\u0131n\u0131 bu millete ve vatana adad\u0131klar\u0131n\u0131 dile getirerek, \u015fehitli\u011fin peygamberlikten sonra eri\u015filebilecek en y\u00fcksek mertebe oldu\u011funu hat\u0131rlatt\u0131.\u00a0<\/span><br style=\"box-sizing: border-box; font-family: sans-serif; font-size: 14px; line-height: 20px; text-align: justify; background-color: rgb(242, 244, 245);\" \/><br \/>\n<span style=\"font-family: sans-serif; line-height: 20px; text-align: justify; background-color: rgb(242, 244, 245);\">Proje kapsam\u0131nda 90 \u015fehit yak\u0131n\u0131n\u0131n ilk olarak Konya\u2019ya ard\u0131ndan da \u00c7anakkale\u2019ye ziyarette bulunaca\u011f\u0131 bilgisini veren Su, iki g\u00fcn s\u00fcrecek olan ziyarette ailelerin 6 Mart\u2019ta yola \u00e7\u0131kaca\u011f\u0131n\u0131 ve onlara bir rehberin de e\u015flik edece\u011fini s\u00f6yledi.\u00a0<\/span><br style=\"box-sizing: border-box; font-family: sans-serif; font-size: 14px; line-height: 20px; text-align: justify; background-color: rgb(242, 244, 245);\" \/><br \/>\n<span style=\"font-family: sans-serif; line-height: 20px; text-align: justify; background-color: rgb(242, 244, 245);\">Vatan topraklar\u0131 i\u00e7in can\u0131n\u0131 feda eden \u015fehitlere Allah\u2019tan rahmet, gazilere de sa\u011fl\u0131kl\u0131 \u00f6m\u00fcr temennisinde bulunan Su, s\u00f6zlerini \u015fehit ailelerinin sa\u011fl\u0131k ve selametle gidip d\u00f6nmelerini temenni ederek noktalad\u0131.\u00a0<\/span><\/span><\/p>\n","protected":false},"excerpt":{"rendered":"<p>Mersin Valili\u011fi b\u00fcnyesinde \u0130l Sosyal Yard\u0131mla\u015fma ve Dayan\u0131\u015fma Vakf\u0131 arac\u0131l\u0131\u011f\u0131yla, Mersin&#8217;de ikamet eden 36 \u015fehit ailesi, Konya ve \u00c7anakkale ziyaretine u\u011furland\u0131. \u015eehit aileleri, yak\u0131nlar\u0131 ve Sosyal Yard\u0131mla\u015fma Dayan\u0131\u015fma Vakf\u0131 M\u00fctevelli &hellip; <a href=\"https:\/\/akdenizolaygazetesi.com\/?p=1469\" class=\"more-link\">Devam\u0131n\u0131 Oku&#8230;<\/a><\/p>\n","protected":false},"author":1,"featured_media":0,"comment_status":"open","ping_status":"open","sticky":false,"template":"","format":"standard","meta":[],"categories":[],"tags":[],"_links":{"self":[{"href":"https:\/\/akdenizolaygazetesi.com\/index.php?rest_route=\/wp\/v2\/posts\/1469"}],"collection":[{"href":"https:\/\/akdenizolaygazetesi.com\/index.php?rest_route=\/wp\/v2\/posts"}],"about":[{"href":"https:\/\/akdenizolaygazetesi.com\/index.php?rest_route=\/wp\/v2\/types\/post"}],"author":[{"embeddable":true,"href":"https:\/\/akdenizolaygazetesi.com\/index.php?rest_route=\/wp\/v2\/users\/1"}],"replies":[{"embeddable":true,"href":"https:\/\/akdenizolaygazetesi.com\/index.php?rest_route=%2Fwp%2Fv2%2Fcomments&post=1469"}],"version-history":[{"count":0,"href":"https:\/\/akdenizolaygazetesi.com\/index.php?rest_route=\/wp\/v2\/posts\/1469\/revisions"}],"wp:attachment":[{"href":"https:\/\/akdenizolaygazetesi.com\/index.php?rest_route=%2Fwp%2Fv2%2Fmedia&parent=1469"}],"wp:term":[{"taxonomy":"category","embeddable":true,"href":"https:\/\/akdenizolaygazetesi.com\/index.php?rest_route=%2Fwp%2Fv2%2Fcategories&post=1469"},{"taxonomy":"post_tag","embeddable":true,"href":"https:\/\/akdenizolaygazetesi.com\/index.php?rest_route=%2Fwp%2Fv2%2Ftags&post=1469"}],"curies":[{"name":"wp","href":"https:\/\/api.w.org\/{rel}","templated":true}]}}