{"id":14691,"date":"2021-10-15T12:27:00","date_gmt":"2021-10-15T09:27:00","guid":{"rendered":"http:\/\/akdenizolaygazetesi.com\/?p=14691"},"modified":"2021-10-15T12:27:00","modified_gmt":"2021-10-15T09:27:00","slug":"buyuksehirin-yuzme-maratonuna-nesrin-olgun-arslan-da-katiliyor","status":"publish","type":"post","link":"https:\/\/akdenizolaygazetesi.com\/?p=14691","title":{"rendered":"B\u00dcY\u00dcK\u015eEH\u0130R\u2019\u0130N Y\u00dcZME MARATONU\u2019NA NESR\u0130N OLGUN ARSLAN DA KATILIYOR"},"content":{"rendered":"<p>Mersin B\u00fcy\u00fck\u015fehir Belediyesi Gen\u00e7lik ve Spor Hizmetleri Dairesi koordinesinde 17 Ekim\u2019de ger\u00e7ekle\u015ftirilecek olan \u201cMersin Soli Pompeiopolis Y\u00fczme Maratonu\u201dna, tarihe ad\u0131n\u0131 bir kez daha yazd\u0131rmak i\u00e7in 28 A\u011fustos 1979\u2019da Man\u015f Denizi\u2019ni y\u00fczerek ge\u00e7en ilk T\u00fcrk kad\u0131n olan Nesrin Olgun Arslan da kat\u0131lacak.<br \/>\nB\u00fcy\u00fck\u015fehir\u2019in 2 parkurda d\u00fczenleyece\u011fi y\u00fczme yar\u0131\u015f\u0131, Mersin \u0130dman Yurdu Meydan\u0131 ve Viran\u015fehir Plaj\u0131\u2019ndan ba\u015flay\u0131p Soli Pompeiopolis Park\u0131 yan\u0131nda noktalanacak. 65 ya\u015f\u0131ndaki Nesrin Olgun Arslan da 1200 metrelik Halk Parkuru\u2019nda her ya\u015ftan Mersinliyle Mersin\u2019in maviliklerinde kula\u00e7 atacak.<br \/>\n\u201cAdana\u2019n\u0131n g\u00f6l\u00fc ve sulama kanallar\u0131nda y\u00fczmeyi \u00f6\u011frendik\u201d<br \/>\n1957\u2019de Adana\u2019da do\u011fan 65 ya\u015f\u0131ndaki Nesrin Olgun Arslan, y\u00fczmeyle tan\u0131\u015fma s\u00fcrecini anlatarak, \u201cAdana, y\u00fczmeyle birlikte an\u0131lan bir kent. Her ne kadar Mersin\u2019in denizi varsa da Adana\u2019n\u0131n da g\u00f6l\u00fc ve sulama kanallar\u0131 var. Biz y\u00fcz\u00fcc\u00fcler oralarda y\u00fczmeyi \u00f6\u011frendik ve o d\u00f6nemin \u015fampiyon y\u00fcz\u00fcc\u00fcleri aras\u0131nda yeti\u015fti\u011fim i\u00e7in de \u00e7ok mutluyum\u201d dedi.<br \/>\nT\u00fcrkiye\u2019nin ve d\u00fcnyan\u0131n farkl\u0131 noktalar\u0131nda bir\u00e7ok ba\u015far\u0131ya imza atan Arslan, 28 A\u011fustos 1979\u2019da ku\u015f u\u00e7u\u015fu 33 kilometre olan Man\u015f Denizi\u2019ni y\u00fczerek ge\u00e7me ba\u015far\u0131s\u0131n\u0131, \u201c1979 y\u0131l\u0131nda Man\u015f Denizi\u2019ni y\u00fczerek ge\u00e7en ilk kad\u0131n y\u00fcz\u00fcc\u00fc unvan\u0131n\u0131 ald\u0131m. 28 A\u011fustos tarihinde \u0130ngiltere\u2019den Fransa\u2019ya 15 saat 47 dakikada y\u00fczerek bu ba\u015far\u0131y\u0131 kazand\u0131m. Bu ger\u00e7ekten bana b\u00fcy\u00fck mutluluk verdi\u201d c\u00fcmleleriyle anlatt\u0131.<br \/>\nArslan\u2019a 17 ya\u015f\u0131ndayken \u2018y\u00fczmeyi b\u0131rak\u2019 dediler ama b\u0131rakmad\u0131!<br \/>\n17 ya\u015f\u0131nda Gazi \u00dcniversitesi Beden E\u011fitimi B\u00f6l\u00fcm\u00fc\u2019n\u00fc kazand\u0131\u011f\u0131nda o d\u00f6nemin Adana Gen\u00e7lik ve Spor \u0130l M\u00fcd\u00fcr\u00fc Tuncay \u015eeny\u00fcz\u2019\u00fcn kendisinden y\u00fczmeyi b\u0131rakmas\u0131n\u0131 istedi\u011fini s\u00f6yleyen Arslan, \u201cBenim en b\u00fcy\u00fck \u015fans\u0131m Tuncay \u015eeny\u00fcz. Beni havuzun kantininde g\u00f6rd\u00fc\u011f\u00fcnde, \u2018Sen 17 ya\u015f\u0131ndan sonra y\u00fcz\u00fcp ne yapacaks\u0131n\u2019 dedi. \u2018B\u0131rak art\u0131k bu y\u00fczmeyi, niye geldin\u2019 dedi. Ben de \u2018yapmay\u0131n hocam\u2019 dedim. \u2018Ben Ankara Gazi Beden E\u011fitimi B\u00f6l\u00fcm\u00fc\u2019n\u00fc kazand\u0131m ve sporun i\u00e7indeyim, niye y\u00fczmeyeyim ki\u2019 dedim\u201d diye konu\u015ftu. Havuzda bir\u00e7ok ba\u015far\u0131 kazanmas\u0131na ra\u011fmen o ya\u015flarda rekortmen bir y\u00fcz\u00fcc\u00fc olamad\u0131\u011f\u0131n\u0131 da s\u00f6zlerine ekleyen Arslan, \u201cOnun nedenini de \u00e7ok sonra \u00f6\u011frendim. Benim v\u00fccut yap\u0131m, kas yap\u0131m mukavemete g\u00f6re spor bran\u015flar\u0131nda ba\u015far\u0131l\u0131 olabilece\u011fimi g\u00f6steriyormu\u015f. Ben y\u0131llarca havuz yar\u0131\u015flar\u0131nda bo\u015fu bo\u015funa 50-100 metre s\u00fcrat yar\u0131\u015flar\u0131 y\u00fczm\u00fc\u015f\u00fcm\u201d dedi.<br \/>\n\u201cTam 4 y\u0131l s\u00fcrd\u00fc benim Man\u015f\u2019a haz\u0131rlanmam\u201d<br \/>\nArslan, 1975 y\u0131l\u0131nda 32 ya\u015f\u0131ndaki d\u00fcnya rekortmeni Erdal Acet\u2019in Man\u015f Denizi\u2019ne haz\u0131rland\u0131\u011f\u0131n\u0131 gazetelerin yazmas\u0131 \u00fczerine bir iddia ortaya koydu\u011funu belirterek, \u201cErdal abi 32 ya\u015f\u0131nda, ben 17 ya\u015f\u0131nday\u0131m. Dedim ki; \u2018Tuncay Hocam, Erdal abi 32 ya\u015f\u0131nda halen y\u00fcz\u00fcyor, ben 17 ya\u015f\u0131nday\u0131m siz bana ya\u015fl\u0131 diyorsunuz\u2019. \u2018Erdal Acet kim, sen kim\u2019 dedi. Man\u015f\u2019\u0131n yerini bile bilmiyorum. Neyle kar\u015f\u0131la\u015faca\u011f\u0131m\u0131, ne oldu\u011funu bilmiyorum. \u2018Ben de oray\u0131 y\u00fczece\u011fim\u2019 dedim. Tam 4 y\u0131l s\u00fcrd\u00fc benim Man\u015f\u2019a haz\u0131rlanmam ve 1979 y\u0131l\u0131nda, tam da Gazi Beden E\u011fitimi B\u00f6l\u00fcm\u00fc\u2019n\u00fc bitirip \u00f6\u011fretmen olduktan sonra ger\u00e7ekten \u00e7ok ola\u011fan\u00fcst\u00fc antrenman yapt\u0131m. G\u00fcnde 6 saat. Benim ya\u015fant\u0131m\u0131n en g\u00fczel y\u0131llar\u0131yd\u0131 17 ve 22 ya\u015f aras\u0131. B\u00fct\u00fcn vaktim antrenman yapmakla ge\u00e7ti\u201d ifadelerine yer verdi.<br \/>\n\u201cKula\u00e7lar\u0131m\u0131 B\u00fcy\u00fck\u015fehir i\u00e7in ataca\u011f\u0131m\u201d<br \/>\n42 y\u0131l sonra Mersin Soli Pompeiopolis Y\u00fczme Maratonu\u2019nda da y\u00fczerek tarihe ge\u00e7meye haz\u0131rlanan Arslan, \u015funlar\u0131 s\u00f6yledi:<br \/>\n\u201cBundan 42 y\u0131l \u00f6nce Man\u015f Denizi\u2019ni ilk y\u00fczen kad\u0131n olmak, ilk olmak hep \u00e7ok g\u00fczel geldi. \u00c7ok takdir edildim. Mersin B\u00fcy\u00fck\u015fehir Belediyesi\u2019nin de beni bu tarihi yar\u0131\u015fa davet etmesi ger\u00e7ekten b\u00fcy\u00fck bir onur oldu. B\u00fcy\u00fck bir keyifle yine bir ilkte, yine bir tarihe ge\u00e7mek i\u00e7in Pompei Harabeleri\u2019yle; \u00f6nemli, tarihi bir yar\u0131\u015fta y\u00fczmek, yer almak muhte\u015fem bir duygu. B\u00fcy\u00fck\u015fehir Belediyesi\u2019ne sonsuz te\u015fekk\u00fcrler. Kula\u00e7lar\u0131m\u0131 B\u00fcy\u00fck\u015fehir i\u00e7in ataca\u011f\u0131m. Mersin\u2019in tarihi i\u00e7in ataca\u011f\u0131m. Mersin\u2019in g\u00fczel sahillerinde y\u00fczmek ger\u00e7ekten ola\u011fan\u00fcst\u00fc olacak. Halkla birlikte, halk maratonuna kat\u0131laca\u011f\u0131m. \u00c7ocuklarla, gen\u00e7lerle i\u00e7 i\u00e7e denizde kula\u00e7 atmak muhte\u015fem olacak. T\u00fcm Mersinlileri bu yar\u0131\u015fa bekliyorum.\u201d<br \/>\n\u201cVahap Ba\u015fkan\u0131m\u0131 b\u00fcy\u00fck bir takdirle izliyorum\u201d<br \/>\nSpor alan\u0131nda Mersin\u2019de son y\u0131llarda g\u00fczel geli\u015fmelerin oldu\u011funu da s\u00f6zlerine ekleyen Arslan, \u201cVahap Ba\u015fkan\u0131m\u0131 b\u00fcy\u00fck bir takdirle izliyorum. \u00c7al\u0131\u015fmalar\u0131n\u0131 takdir ediyorum. Spora verdi\u011fi hizmetler benim ilgi alan\u0131mda. \u00d6b\u00fcr hizmetleri zaten harika yap\u0131yor. Daha g\u00fczel \u015feyler yapaca\u011f\u0131na inan\u0131yorum sportif anlamda. \u00c7\u00fcnk\u00fc deniz kenarlar\u0131nda benim de g\u00fczel projelerim var, her zaman yanlar\u0131nday\u0131m\u201d dedi.<\/p>\n","protected":false},"excerpt":{"rendered":"<p>Mersin B\u00fcy\u00fck\u015fehir Belediyesi Gen\u00e7lik ve Spor Hizmetleri Dairesi koordinesinde 17 Ekim\u2019de ger\u00e7ekle\u015ftirilecek olan \u201cMersin Soli Pompeiopolis Y\u00fczme Maratonu\u201dna, tarihe ad\u0131n\u0131 bir kez daha yazd\u0131rmak i\u00e7in 28 A\u011fustos 1979\u2019da Man\u015f Denizi\u2019ni &hellip; <a href=\"https:\/\/akdenizolaygazetesi.com\/?p=14691\" class=\"more-link\">Devam\u0131n\u0131 Oku&#8230;<\/a><\/p>\n","protected":false},"author":2,"featured_media":14692,"comment_status":"open","ping_status":"open","sticky":false,"template":"","format":"standard","meta":[],"categories":[1,3,10],"tags":[],"_links":{"self":[{"href":"https:\/\/akdenizolaygazetesi.com\/index.php?rest_route=\/wp\/v2\/posts\/14691"}],"collection":[{"href":"https:\/\/akdenizolaygazetesi.com\/index.php?rest_route=\/wp\/v2\/posts"}],"about":[{"href":"https:\/\/akdenizolaygazetesi.com\/index.php?rest_route=\/wp\/v2\/types\/post"}],"author":[{"embeddable":true,"href":"https:\/\/akdenizolaygazetesi.com\/index.php?rest_route=\/wp\/v2\/users\/2"}],"replies":[{"embeddable":true,"href":"https:\/\/akdenizolaygazetesi.com\/index.php?rest_route=%2Fwp%2Fv2%2Fcomments&post=14691"}],"version-history":[{"count":1,"href":"https:\/\/akdenizolaygazetesi.com\/index.php?rest_route=\/wp\/v2\/posts\/14691\/revisions"}],"predecessor-version":[{"id":14693,"href":"https:\/\/akdenizolaygazetesi.com\/index.php?rest_route=\/wp\/v2\/posts\/14691\/revisions\/14693"}],"wp:featuredmedia":[{"embeddable":true,"href":"https:\/\/akdenizolaygazetesi.com\/index.php?rest_route=\/wp\/v2\/media\/14692"}],"wp:attachment":[{"href":"https:\/\/akdenizolaygazetesi.com\/index.php?rest_route=%2Fwp%2Fv2%2Fmedia&parent=14691"}],"wp:term":[{"taxonomy":"category","embeddable":true,"href":"https:\/\/akdenizolaygazetesi.com\/index.php?rest_route=%2Fwp%2Fv2%2Fcategories&post=14691"},{"taxonomy":"post_tag","embeddable":true,"href":"https:\/\/akdenizolaygazetesi.com\/index.php?rest_route=%2Fwp%2Fv2%2Ftags&post=14691"}],"curies":[{"name":"wp","href":"https:\/\/api.w.org\/{rel}","templated":true}]}}