{"id":14694,"date":"2021-10-15T12:28:43","date_gmt":"2021-10-15T09:28:43","guid":{"rendered":"http:\/\/akdenizolaygazetesi.com\/?p=14694"},"modified":"2021-10-15T12:28:43","modified_gmt":"2021-10-15T09:28:43","slug":"onemli-projelerde-bizimle-calismak-isterseniz-ekibimiz-hazir","status":"publish","type":"post","link":"https:\/\/akdenizolaygazetesi.com\/?p=14694","title":{"rendered":"\u201c\u00d6NEML\u0130 PROJELERDE B\u0130Z\u0130MLE \u00c7ALI\u015eMAK \u0130STERSEN\u0130Z EK\u0130B\u0130M\u0130Z HAZIR\u201d"},"content":{"rendered":"<p>Mersin B\u00fcy\u00fck\u015fehir Belediye Ba\u015fkan\u0131 Vahap Se\u00e7er, \u0130sve\u00e7 Uluslararas\u0131 Kalk\u0131nma Birli\u011fi Ajans\u0131 (SIDA) ve Yerel Y\u00f6neti\u015fimde Rezilyans Projesi (RESLOG) ekibi ile bir araya geldi. Ba\u015fkan Se\u00e7er, toplant\u0131da i\u015f birli\u011fi vurgusu yaparak, \u201c\u0130yi neticeler almak i\u00e7in \u00f6nemli projelerde bizimle \u00e7al\u0131\u015fmak isterseniz ekibimiz buna haz\u0131r\u201d dedi.<br \/>\n\u201cKentte yo\u011fun g\u00f6\u00e7\u00fcn yaratt\u0131\u011f\u0131 \u00e7ok \u00f6nemli bir tahribat s\u00fcregidiyor\u201d<br \/>\nG\u00f6r\u00fc\u015fmede; Ba\u015fkan Vahap Se\u00e7er, \u0130sve\u00e7 Uluslararas\u0131 Kalk\u0131nma Birli\u011fi Ajans\u0131 (SIDA) \u0130sve\u00e7 B\u00fcy\u00fckel\u00e7ili\u011fi \u0130\u015fbirli\u011fi Sorumlusu Christoffer Burnett Cargil, \u0130sve\u00e7 B\u00fcy\u00fckel\u00e7ili\u011fi Program M\u00fcd\u00fcr\u00fc Lucy Andrade, RESLOG \u0130sve\u00e7 Ekibinden Proje M\u00fcd\u00fcr\u00fc Marlene Hugosson, Proje Koordinat\u00f6r\u00fc Ellen Ahlqvist, Key Expert Gunnar Andesson, RESLOG T\u00fcrkiye Ekibinden Proje M\u00fcd\u00fcr\u00fc Sinan \u00d6zden, Uzman Sezin \u00dcskent, \u00c7ukurova B\u00f6lge Uzman\u0131 Alim \u00c7opuro\u011flu, \u0130leti\u015fim Sorumlusu Tu\u011f\u00e7e \u015eahin Kara, Proje Uzman\u0131 Ekip Terc\u00fcman\u0131 \u00c7i\u011fdem Ay\u015fenur Atasoy, Mersin B\u00fcy\u00fck\u015fehir Belediyesi Ba\u015fkan Dan\u0131\u015fman\u0131 \u0130brahim Evrim ve Mersin B\u00fcy\u00fck\u015fehir Belediyesi Sosyal Hizmetler Dairesi Ba\u015fkan\u0131 Serdal G\u00f6kayaz yer ald\u0131.  Ba\u015fkan Se\u00e7er, heyetin ilgilendi\u011fi konular i\u00e7in Mersin\u2019in \u00e7ok verimli bir b\u00f6lge oldu\u011funu ifade ederek, \u015funlar\u0131 s\u00f6yledi:<br \/>\n\u201cBu kentte yo\u011fun g\u00f6\u00e7\u00fcn yaratt\u0131\u011f\u0131 \u00e7ok \u00f6nemli bir tahribat s\u00fcregidiyor. Biz de belediye olarak kendi imk\u00e2nlar\u0131m\u0131z ve yasalar\u0131n bize verdi\u011fi imkanlar \u00f6l\u00e7\u00fcs\u00fcnde bu sorunla bo\u011fu\u015fmaya \u00e7al\u0131\u015f\u0131yoruz. Bizim b\u00f6lgemiz co\u011frafik olarak \u00e7ok stratejik bir b\u00f6lge. \u00d6zellikle Ortado\u011fu\u2019daki geli\u015fmeler, Do\u011fu Akdeniz\u2019deki geli\u015fmelerin ilk etkiledi\u011fi co\u011frafi b\u00f6lgelerin ba\u015f\u0131nda geliyor Mersin. Tabi biraz trajikomik olacak ama Suriye\u2019deki sava\u015f\u0131n nedeni ben de\u011filim. Suriye\u2019deki sava\u015f\u0131n nedeni olanlar, pek bu sorunu \u00e7\u00f6zmek i\u00e7in u\u011fra\u015f vermiyor ama biz sava\u015f istemeyen, bar\u0131\u015f tutkunu insanlar maalesef bu sorunun y\u00fck\u00fcn\u00fc \u00e7ekmeye mecbur kal\u0131yoruz. \u015eunu da \u00e7ok a\u00e7\u0131k y\u00fcreklilikle belirtmem gerekiyor ki bu anlay\u0131\u015fla, bu sorunlar\u0131n k\u0131sa vadede \u00e7\u00f6z\u00fclmeyece\u011fini \u00e7ok net g\u00f6r\u00fcyorum. Uluslararas\u0131 \u00f6rg\u00fctlerin devreye girip Suriye\u2019deki bar\u0131\u015f ortam\u0131n\u0131 tesis edip, insanlar\u0131n normal ya\u015fama d\u00f6nmelerini sa\u011flamas\u0131 gerekiyor. Elbette ki sizler gibi d\u00fcnya sorunlar\u0131 ile alakal\u0131, iyi niyetle, bar\u0131\u015f\u00e7\u0131l bir anlay\u0131\u015fla bu sorunlara e\u011filenleri takdirle kar\u015f\u0131l\u0131yorum. Orada mutlaka sava\u015f\u0131n noktalanmas\u0131 ve sadece T\u00fcrkiye&#8217;de de\u011fil bir\u00e7ok civar \u00fclkelere da\u011f\u0131lm\u0131\u015f Suriyelilerin tekrar \u00fclkelerine d\u00f6nmesinin, d\u00f6nd\u00fcr\u00fclmesinin \u00f6n\u00fcn\u00fcn a\u00e7\u0131lmas\u0131 gerekiyor.\u201d<br \/>\n\u201cMersin T\u00fcrkiye\u2019nin bir \u00f6zeti ve T\u00fcrkiye\u2019nin en zor kenti\u201d<br \/>\nB\u00fcy\u00fck\u015fehir Belediyesi b\u00fcnyesinde bir Uyum Merkezi olu\u015fturduklar\u0131n\u0131 s\u00f6zlerine ekleyen Ba\u015fkan Se\u00e7er, \u201cBu konuda \u00e7ok de\u011ferli, birikimli arkada\u015flar\u0131m\u0131z\u0131, \u00e7al\u0131\u015fanlar\u0131m\u0131z\u0131 da bu i\u015fle g\u00f6revlendirdik. Birle\u015fmi\u015f Milletler G\u00f6\u00e7 \u00d6rg\u00fct\u00fc, M\u00fclteciler Y\u00fcksek Komiserli\u011fi, G\u0130Z gibi \u00e7ok de\u011ferli \u00f6rg\u00fctlerle, kurumlarla i\u015f birli\u011fimiz hala devam ediyor. \u015eunu da mutlulukla ifade edeyim ki; burada bizimle tan\u0131\u015f\u0131p, g\u00f6r\u00fc\u015f\u00fcp, bu konuda ortak \u00e7al\u0131\u015fma y\u00fcr\u00fcten insanlardan bizler son derece memnunuz ama onlar da bizden son derece memnun ki, bu i\u015f birli\u011fi gayet mutlu bir \u015fekilde devam ediyor\u201d dedi.<br \/>\n320 kilometrelik sahil \u015feridine sahip Mersin\u2019de, kay\u0131tl\u0131 ve kay\u0131t d\u0131\u015f\u0131 olmak \u00fczere 350 bin Suriyeli ve yakla\u015f\u0131k 1,9 milyon yerli n\u00fcfus ile birlikte toplam 2,3 milyon ki\u015finin ya\u015fad\u0131\u011f\u0131n\u0131 ifade eden Se\u00e7er, \u201cMersin, T\u00fcrkiye\u2019nin bir \u00f6zeti ve T\u00fcrkiye&#8217;nin en zor kenti. Burada 350 ya da 400 bin Suriyeli ve kentin ekonomik, yap\u0131sal, sosyolojik ta\u015f\u0131d\u0131\u011f\u0131 y\u00fck\u00fc \u015fimdi siz tahmin edin\u201d diye konu\u015ftu.<br \/>\n\u201cKentimizin bu \u00f6nemli y\u00fck\u00fcn\u00fc ta\u015f\u0131mak i\u00e7in her t\u00fcrl\u00fc gayreti s\u00fcrd\u00fcrmeye devam edece\u011fiz\u201d<br \/>\nKonu\u015fmas\u0131n\u0131 i\u015f birli\u011fi vurgusu yaparak s\u00fcrd\u00fcren Se\u00e7er, \u201c\u0130yi neticeler almak i\u00e7in \u00f6nemli projelerde bizimle \u00e7al\u0131\u015fmak isterseniz ekibimiz buna haz\u0131r. Bu konuda samimi olarak da i\u015f birli\u011fine biz de can\u0131 g\u00f6n\u00fclden kat\u0131lmak isteriz ve bunu da samimi bir \u015fekilde istiyoruz\u201d dedi.<br \/>\nCargil: \u201cDurumun \u00fcstesinden gelebilen geli\u015fimleri desteklememiz gerekiyor\u201d<br \/>\n\u0130sve\u00e7 Uluslararas\u0131 Kalk\u0131nma Birli\u011fi Ajans\u0131 (SIDA) \u0130sve\u00e7 B\u00fcy\u00fckel\u00e7ili\u011fi \u0130\u015fbirli\u011fi Sorumlusu Christoffer Burnett Cargil ise b\u00fcy\u00fck bir heyetle \u0130sve\u00e7 h\u00fck\u00fcmetini temsilen Mersin\u2019de olduklar\u0131n\u0131 belirterek, \u015funlar\u0131 s\u00f6yledi:<br \/>\n\u201cSizin az \u00f6nce ifade etti\u011finiz i\u015f birli\u011fine y\u00f6nelik s\u00f6zler de bizim i\u00e7in \u00e7ok ilham verici. \u0130sve\u00e7&#8217;te hem Suriyeli m\u00fcltecileri desteklemek hem de onlara ev sahipli\u011fi yapan toplumu desteklemek i\u00e7in kararl\u0131 bir bi\u00e7imde \u00e7al\u0131\u015f\u0131yoruz. Buraya ne kadar say\u0131da ki\u015finin geldi\u011fi ve bu kadar \u00e7ok say\u0131da ki\u015fiyi nas\u0131l bar\u0131nd\u0131rd\u0131\u011f\u0131n\u0131z esasen hayal bile edilemez, tahayy\u00fcl bile edilemez noktada. Tabi hepimiz Suriye&#8217;de bar\u0131\u015f olsun ve insanlar evine d\u00f6nebilsin istiyoruz ama durumun zor oldu\u011funun da fark\u0131nday\u0131z. Tam da bu nedenle durumu idare edebilen, durumun \u00fcstesinden gelebilen ve duruma adapte olabilen geli\u015fimleri desteklememiz gerekiyor. \u0130sve\u00e7 h\u00fck\u00fcmeti olarak az \u00f6nce s\u00f6yledi\u011fim sonu\u00e7lar\u0131n sonras\u0131nda dayan\u0131kl\u0131l\u0131\u011f\u0131n artmas\u0131na y\u00f6nelik projeleri, sizlerle i\u015f birli\u011fi yap\u0131lan projeleri destekliyoruz. \u0130yi planlar\u0131n olmas\u0131 her zaman \u00f6nemli ama daha da \u00f6nemlisi bunlar\u0131n nas\u0131l uygulanaca\u011f\u0131na ili\u015fkin s\u00fcre\u00e7\u201d dedi.<br \/>\nBa\u015fkan Se\u00e7er, spesifik olarak hangi konularda i\u015f birli\u011fi yap\u0131labilece\u011finin ger\u00e7ekle\u015ftirilebilecek toplant\u0131 ve incelemelerden sonra belirlenebilece\u011fini s\u00f6yledi. Yo\u011fun g\u00f6\u00e7 alan \u015fehirlerin alt yap\u0131 \u00e7al\u0131\u015fmalar\u0131nda FRIT-II kapsam\u0131nda \u00e7ok \u00f6nemli katk\u0131lar al\u0131nabildi\u011fini ifade ederim Se\u00e7er, Birle\u015fmi\u015f Milletler G\u00f6\u00e7 \u00d6rg\u00fct\u00fc, Mersin B\u00fcy\u00fck\u015fehir Belediyesi ve Mersinden Kad\u0131n Kooperatifi\u2019nin ortakl\u0131\u011f\u0131nda kad\u0131n istihdam\u0131na dayal\u0131 g\u00fcne\u015f enerjili kurutma tesisi kurduklar\u0131n\u0131 vurgulad\u0131.<br \/>\nRESLOG hakk\u0131nda<br \/>\n2018 y\u0131l\u0131nda hayata ge\u00e7irilen Yerel Y\u00f6neti\u015fimde Rezilyans Projesi (RESLOG), ulusal g\u00f6\u00e7 politikalar\u0131n\u0131n yerel ger\u00e7eklikleri ve ihtiya\u00e7lar\u0131 yans\u0131tacak \u015fekilde geli\u015ftirilmesini, b\u00f6lge birlikleri arac\u0131l\u0131\u011f\u0131yla belediyeler aras\u0131 \u00f6\u011frenme ve destek yap\u0131lar\u0131n\u0131n g\u00fc\u00e7lendirilmesini, belediye d\u00fczeyinde b\u00fct\u00fcnc\u00fcl planlama ve y\u00f6neti\u015fimin iyile\u015ftirilmesini ama\u00e7l\u0131yor. Proje do\u011frultusunda her 2 ayda bir Marmara Belediyeler Birli\u011fi G\u00f6\u00e7 Politikalar\u0131 Merkezi (GPM) ev sahipli\u011finde e\u011fitimler, s\u00f6yle\u015filer, panel ve deneyim payla\u015f\u0131m toplant\u0131lar\u0131 d\u00fczenleniyor.<\/p>\n","protected":false},"excerpt":{"rendered":"<p>Mersin B\u00fcy\u00fck\u015fehir Belediye Ba\u015fkan\u0131 Vahap Se\u00e7er, \u0130sve\u00e7 Uluslararas\u0131 Kalk\u0131nma Birli\u011fi Ajans\u0131 (SIDA) ve Yerel Y\u00f6neti\u015fimde Rezilyans Projesi (RESLOG) ekibi ile bir araya geldi. Ba\u015fkan Se\u00e7er, toplant\u0131da i\u015f birli\u011fi vurgusu yaparak, &hellip; <a href=\"https:\/\/akdenizolaygazetesi.com\/?p=14694\" class=\"more-link\">Devam\u0131n\u0131 Oku&#8230;<\/a><\/p>\n","protected":false},"author":2,"featured_media":14695,"comment_status":"open","ping_status":"open","sticky":false,"template":"","format":"standard","meta":[],"categories":[8,2,3,6],"tags":[],"_links":{"self":[{"href":"https:\/\/akdenizolaygazetesi.com\/index.php?rest_route=\/wp\/v2\/posts\/14694"}],"collection":[{"href":"https:\/\/akdenizolaygazetesi.com\/index.php?rest_route=\/wp\/v2\/posts"}],"about":[{"href":"https:\/\/akdenizolaygazetesi.com\/index.php?rest_route=\/wp\/v2\/types\/post"}],"author":[{"embeddable":true,"href":"https:\/\/akdenizolaygazetesi.com\/index.php?rest_route=\/wp\/v2\/users\/2"}],"replies":[{"embeddable":true,"href":"https:\/\/akdenizolaygazetesi.com\/index.php?rest_route=%2Fwp%2Fv2%2Fcomments&post=14694"}],"version-history":[{"count":1,"href":"https:\/\/akdenizolaygazetesi.com\/index.php?rest_route=\/wp\/v2\/posts\/14694\/revisions"}],"predecessor-version":[{"id":14696,"href":"https:\/\/akdenizolaygazetesi.com\/index.php?rest_route=\/wp\/v2\/posts\/14694\/revisions\/14696"}],"wp:featuredmedia":[{"embeddable":true,"href":"https:\/\/akdenizolaygazetesi.com\/index.php?rest_route=\/wp\/v2\/media\/14695"}],"wp:attachment":[{"href":"https:\/\/akdenizolaygazetesi.com\/index.php?rest_route=%2Fwp%2Fv2%2Fmedia&parent=14694"}],"wp:term":[{"taxonomy":"category","embeddable":true,"href":"https:\/\/akdenizolaygazetesi.com\/index.php?rest_route=%2Fwp%2Fv2%2Fcategories&post=14694"},{"taxonomy":"post_tag","embeddable":true,"href":"https:\/\/akdenizolaygazetesi.com\/index.php?rest_route=%2Fwp%2Fv2%2Ftags&post=14694"}],"curies":[{"name":"wp","href":"https:\/\/api.w.org\/{rel}","templated":true}]}}