{"id":14710,"date":"2021-10-16T20:04:41","date_gmt":"2021-10-16T17:04:41","guid":{"rendered":"http:\/\/akdenizolaygazetesi.com\/?p=14710"},"modified":"2021-10-16T20:04:41","modified_gmt":"2021-10-16T17:04:41","slug":"ben-kizlarinizin-fahri-babasiyim","status":"publish","type":"post","link":"https:\/\/akdenizolaygazetesi.com\/?p=14710","title":{"rendered":"\u201cBEN KIZLARINIZIN FAHR\u0130 BABASIYIM\u201d"},"content":{"rendered":"<p>Mersin B\u00fcy\u00fck\u015fehir Belediye Ba\u015fkan\u0131 Vahap Se\u00e7er, \u2018K\u0131r \u00c7i\u00e7ekleri 1. Y\u0131l De\u011ferlendirme Etkinli\u011fi\u2019nde B\u00fcy\u00fck\u015fehir Belediyesi\u2019nin K\u0131r \u00c7i\u00e7ekleri Projesi kapsam\u0131nda e\u011fitim g\u00f6ren \u00e7ocuklar, velileri ve \u00f6\u011fretmenleri ile bir araya geldi. Ailelere seslenen Ba\u015fkan Se\u00e7er, \u201cBen k\u0131zlar\u0131n\u0131z\u0131n fahri babas\u0131y\u0131m. Onlar bizim k\u0131zlar\u0131m\u0131z\u201d dedi.<\/p>\n<p>\u201cK\u0131z \u00e7ocuklar\u0131n\u0131 \u00e7ok seviyorum, 55 k\u0131z\u0131m var\u201d<\/p>\n<p>K\u0131r \u00c7i\u00e7ekleri\u2019nin aileleriyle tan\u0131\u015fan ve \u00e7ocuklar\u0131n\u0131n kendilerine emanet oldu\u011funu s\u00f6yleyen Ba\u015fkan Se\u00e7er, \u201cBenim 2 o\u011flum var, elinizden \u00f6per ama k\u0131z\u0131m yok. K\u0131z \u00e7ocuklar\u0131n\u0131 da \u00e7ok seviyorum ama 55 k\u0131z\u0131m var. Bu y\u00f6nden de d\u00fcnyan\u0131n en zengin adam\u0131 benim herhalde. K\u0131z \u00e7ocuklar\u0131 hay\u0131rl\u0131 olur derler. Burada bizlere emanetler. Onlar\u0131 da kendi \u00f6z evlad\u0131m\u0131zdan ay\u0131rt edemeyiz\u201d dedi. Gelece\u011fin sporcu k\u0131zlar\u0131na g\u00f6zleri gibi bakt\u0131klar\u0131n\u0131, \u00e7ocuklar\u0131n bir arada \u00e7ok mutlu oldu\u011funu ifade eden Se\u00e7er, \u201cOnlar\u0131n t\u0131rna\u011f\u0131na ta\u015f de\u011fdirmeyiz, g\u00f6z\u00fcn\u00fcz arkada kalmas\u0131n. Bu konuda m\u00fcsterih olun bir kere. P\u0131r\u0131l p\u0131r\u0131l her biri. Hepsi bir araya gelince \u00e7ok daha fazla bir enerji ortaya \u00e7\u0131k\u0131yor. Bir arada olmalar\u0131 onlar\u0131n kendilerini daha iyi hissetmelerine neden oluyor\u201d diye konu\u015ftu.<\/p>\n<p>\u201cBizleri \u00e7e\u015fitli platformlarda temsil ettikleri zaman bundan daha g\u00fczel bir mutluluk olamaz\u201d<\/p>\n<p>\u00d6\u011frencilerin projeye dahil edildi\u011fi a\u015famada  hi\u00e7bir ailenin siyasi partisini sorgulamad\u0131klar\u0131n\u0131n alt\u0131n\u0131 \u00e7izen Se\u00e7er, \u015funlar\u0131 s\u00f6yledi:<\/p>\n<p>\u201cBen sizlerle yeni tan\u0131\u015f\u0131yorum. Hi\u00e7birinizin ismini bilmiyorum. Benim i\u00e7in esas olan bu \u00fclkenin kimli\u011fini ta\u015f\u0131yan, hangi k\u00f6yden, hangi mezhepten, hangi me\u015frepten, hangi siyasi g\u00f6r\u00fc\u015ften oldu\u011funa bakmaks\u0131z\u0131n, memleketimin insan\u0131na hizmet etmek. Bu konuda da m\u00fcsterih olun. \u00c7izgimiz belli, bu \u00fclke kolay kurulmu\u015f bir \u00fclke de\u011fil. Bu \u00fclke i\u00e7in y\u00fczlerce y\u0131ldan beri nice m\u00fccadeleler olmu\u015f, nice sava\u015flarda nice insanlar \u00f6lm\u00fc\u015f. Sonu\u00e7ta 100 y\u0131l \u00f6nce Mustafa Kemal Atat\u00fcrk bir ulusal m\u00fccadeleyi ba\u015flatm\u0131\u015f. B\u00fct\u00fcn b\u00f6lgelerde insanlar bu m\u00fccadeleye katk\u0131 sunmu\u015f hi\u00e7bir etnik ve mezhepsel ayr\u0131m olmaks\u0131z\u0131n. Bug\u00fcnk\u00fc Misak-\u0131 Mill\u00ee dedi\u011fimiz 780 bin kilometrekare alan T\u00fcrk Milleti\u2019nin vatan\u0131 olarak tescillenmi\u015f. Bu b\u00fcy\u00fck bir eme\u011fin, b\u00fcy\u00fck bir m\u00fccadelenin \u00fcr\u00fcn\u00fc. \u00d6nemli olan bizim bu mirasa lay\u0131k\u0131yla sahip \u00e7\u0131kmam\u0131z. \u00c7ocuklar\u0131m\u0131z, istikbal vadeden \u00e7ocuklar. Bu \u00e7ocuklar\u0131m\u0131z sporcu olarak yeti\u015fiyorlar, iyi e\u011fitim al\u0131yorlar, burada hocalar\u0131m\u0131z taraf\u0131ndan kendilerine, \u00fclkelerine yararl\u0131, faydal\u0131, ailelerine laf s\u00f6z getirmeyecek, ba\u015f\u0131n\u0131 \u00f6ne e\u011fdirmeyecek, iyi insan olarak an\u0131lacak birer birey olmalar\u0131 i\u00e7in her t\u00fcrl\u00fc e\u011fitimi veriyoruz. Bu e\u011fitimlerin sonucu iyi birer sporcu olduklar\u0131 zaman, ulusal m\u00fcsabakalarda Mersinimiz\u2019i, uluslararas\u0131 platformlarda T\u00fcrkiyemiz\u2019i temsil ettikleri zaman, ba\u015far\u0131l\u0131 olduklar\u0131 zaman, bayra\u011f\u0131m\u0131z\u0131 g\u00f6ndere \u00e7ektirdikleri zaman herhalde bundan daha g\u00fczel bir mutluluk olamaz. \u0130n\u015fallah bunlar\u0131 da g\u00f6r\u00fcr\u00fcz. Allah sa\u011fl\u0131k, afiyet versin.\u201d  <\/p>\n<p>\u201cB\u00f6yle g\u00fczel i\u015f birlikleri yap\u0131ld\u0131\u011f\u0131 zaman \u00e7ok g\u00fczel neticeler ortaya \u00e7\u0131k\u0131yor\u201d<\/p>\n<p>Ba\u015fkan Se\u00e7er, ailelere kendilerine g\u00fcvendikleri i\u00e7in te\u015fekk\u00fcr ederek, \u201cMilli E\u011fitim M\u00fcd\u00fcrl\u00fc\u011f\u00fcm\u00fcz bizimle i\u015f birli\u011fi yapt\u0131. \u2018Belediyemiz g\u00fczel bir i\u015fin alt\u0131na imza at\u0131yor\u2019 dedi. Hem buradaki yat\u0131l\u0131 misafirhanenin izninde, olu\u015fmas\u0131nda hem de \u00e7ocuklar\u0131m\u0131z say\u0131n okul m\u00fcd\u00fcr\u00fcm\u00fcz\u00fcn m\u00fcd\u00fcrl\u00fck yapt\u0131\u011f\u0131 okulumuzda e\u011fitimlerini, \u00f6\u011fretimlerini g\u00f6r\u00fcyorlar. Bu i\u015f birliklerinden dolay\u0131 onlara da \u00e7ok te\u015fekk\u00fcr ediyorum. Hepimiz, her birimiz bu devletin kamu kurumuyuz. \u0130\u015fte b\u00f6yle g\u00fczel i\u015f birlikleri yap\u0131ld\u0131\u011f\u0131 zaman da \u00e7ok g\u00fczel neticeler ortaya \u00e7\u0131k\u0131yor. Ben sizlerle tan\u0131\u015ft\u0131\u011f\u0131m i\u00e7in \u00e7ok mutluyum, \u00e7ok te\u015fekk\u00fcr ediyorum. Hepinizi seviyoruz, say\u0131yoruz, sizler bizim hem\u015fehrimizsiniz\u201d dedi.<\/p>\n<p>K\u0131r \u00c7i\u00e7ekleri ritim, m\u00fczik ve dans performanslar\u0131n\u0131 sergiledi<\/p>\n<p>Ba\u015fkan Se\u00e7er\u2019in konu\u015fmas\u0131n\u0131n ard\u0131ndan K\u00fclt\u00fcr ve Sosyal \u0130\u015fler Dairesi Ba\u015fkanl\u0131\u011f\u0131\u2019nda g\u00f6rev yapan ritim ve perk\u00fcsyon sanat\u00e7\u0131lar\u0131 Murat Salih, G\u00f6khan Erke\u00e7, Din\u00e7er Temel ve Mehmet Emre Toprak\u2019\u0131n 6 ayda haz\u0131rlad\u0131\u011f\u0131 \u2018K\u0131r \u00c7i\u00e7ekleri Ritim At\u00f6lyesi Grubu\u2019 performanslar\u0131n\u0131 sergiledi.<\/p>\n<p>Sosyal Hizmetler Dairesi Ba\u015fkanl\u0131\u011f\u0131 E\u011fitim Hizmetleri \u015eube M\u00fcd\u00fcrl\u00fc\u011f\u00fc\u2019ne g\u00f6rev yapan \u0130ngilizce \u00d6\u011fretmeni Dilek \u00d6ner\u2019in de 1 ayda haz\u0131rlam\u0131\u015f oldu\u011fu \u0130ngilizce \u015fark\u0131 performans\u0131 i\u00e7in \u00e7ocuklar sahnede yerlerini ald\u0131. \u00d6\u011frenciler ayr\u0131ca K\u0131r \u00c7i\u00e7ekleri Sporcu Yeti\u015ftirme Yurdu E\u011fitmenlerinden Ceren Sergen\u2019in haz\u0131rlad\u0131\u011f\u0131 dans g\u00f6sterisini sergiledi.<\/p>\n<p>Ba\u015fkan Se\u00e7er, K\u0131r \u00c7i\u00e7ekleri ile birlikte pasta keserek, onlara hediyeler verdi. Etkinlik, hat\u0131ra foto\u011fraf\u0131 \u00e7ekimin ard\u0131ndan sona erdi.<\/p>\n","protected":false},"excerpt":{"rendered":"<p>Mersin B\u00fcy\u00fck\u015fehir Belediye Ba\u015fkan\u0131 Vahap Se\u00e7er, \u2018K\u0131r \u00c7i\u00e7ekleri 1. Y\u0131l De\u011ferlendirme Etkinli\u011fi\u2019nde B\u00fcy\u00fck\u015fehir Belediyesi\u2019nin K\u0131r \u00c7i\u00e7ekleri Projesi kapsam\u0131nda e\u011fitim g\u00f6ren \u00e7ocuklar, velileri ve \u00f6\u011fretmenleri ile bir araya geldi. Ailelere seslenen &hellip; <a href=\"https:\/\/akdenizolaygazetesi.com\/?p=14710\" class=\"more-link\">Devam\u0131n\u0131 Oku&#8230;<\/a><\/p>\n","protected":false},"author":2,"featured_media":14711,"comment_status":"open","ping_status":"open","sticky":false,"template":"","format":"standard","meta":[],"categories":[2,3],"tags":[],"_links":{"self":[{"href":"https:\/\/akdenizolaygazetesi.com\/index.php?rest_route=\/wp\/v2\/posts\/14710"}],"collection":[{"href":"https:\/\/akdenizolaygazetesi.com\/index.php?rest_route=\/wp\/v2\/posts"}],"about":[{"href":"https:\/\/akdenizolaygazetesi.com\/index.php?rest_route=\/wp\/v2\/types\/post"}],"author":[{"embeddable":true,"href":"https:\/\/akdenizolaygazetesi.com\/index.php?rest_route=\/wp\/v2\/users\/2"}],"replies":[{"embeddable":true,"href":"https:\/\/akdenizolaygazetesi.com\/index.php?rest_route=%2Fwp%2Fv2%2Fcomments&post=14710"}],"version-history":[{"count":1,"href":"https:\/\/akdenizolaygazetesi.com\/index.php?rest_route=\/wp\/v2\/posts\/14710\/revisions"}],"predecessor-version":[{"id":14712,"href":"https:\/\/akdenizolaygazetesi.com\/index.php?rest_route=\/wp\/v2\/posts\/14710\/revisions\/14712"}],"wp:featuredmedia":[{"embeddable":true,"href":"https:\/\/akdenizolaygazetesi.com\/index.php?rest_route=\/wp\/v2\/media\/14711"}],"wp:attachment":[{"href":"https:\/\/akdenizolaygazetesi.com\/index.php?rest_route=%2Fwp%2Fv2%2Fmedia&parent=14710"}],"wp:term":[{"taxonomy":"category","embeddable":true,"href":"https:\/\/akdenizolaygazetesi.com\/index.php?rest_route=%2Fwp%2Fv2%2Fcategories&post=14710"},{"taxonomy":"post_tag","embeddable":true,"href":"https:\/\/akdenizolaygazetesi.com\/index.php?rest_route=%2Fwp%2Fv2%2Ftags&post=14710"}],"curies":[{"name":"wp","href":"https:\/\/api.w.org\/{rel}","templated":true}]}}