{"id":14716,"date":"2021-10-16T20:11:39","date_gmt":"2021-10-16T17:11:39","guid":{"rendered":"http:\/\/akdenizolaygazetesi.com\/?p=14716"},"modified":"2021-10-16T20:11:39","modified_gmt":"2021-10-16T17:11:39","slug":"bu-sehrin-kaderi-benim-kaderimden-daha-onemli","status":"publish","type":"post","link":"https:\/\/akdenizolaygazetesi.com\/?p=14716","title":{"rendered":"&#8220;BU \u015eEHR\u0130N KADER\u0130 BEN\u0130M KADER\u0130MDEN DAHA \u00d6NEML\u0130&#8221;"},"content":{"rendered":"<p>Akdeniz Belediye Ba\u015fkan\u0131 Mustafa G\u00fcltak; &#8220;&#8216;Bar\u0131\u015f Mahallesi&#8217;ne kentsel d\u00f6n\u00fc\u015f\u00fcm i\u00e7in nas\u0131l girdin; bir s\u00fcr\u00fc tapu s\u0131k\u0131nt\u0131s\u0131 var; korkmad\u0131n m\u0131 dediler. Hay\u0131r korkmad\u0131m. Mersin&#8217;in bu yap\u0131lar\u0131n\u0131 d\u00fczeltmenin ba\u015fka bir yolu var m\u0131? Yok. Bu \u015fehrin kaderi benim kaderimden \u00e7ok daha \u00f6nemli&#8221; dedi.<br \/>\nAkdeniz Belediye Ba\u015fkan\u0131 Mustafa G\u00fcltak; 19 Ekim Muhtarlar G\u00fcn\u00fc dolay\u0131s\u0131yla il\u00e7e s\u0131n\u0131rlar\u0131 i\u00e7erisinde g\u00f6rev yapan muhtarlar\u0131, aileleri ile birlikte hafta sonu deniz kenar\u0131nda bir otelde a\u011f\u0131rlad\u0131. Muhtarl\u0131k \u0130\u015fleri M\u00fcd\u00fcrl\u00fc\u011f\u00fc&#8217;n\u00fcn organize etti\u011fi etkinlikte muhtarlar\u0131 konaklad\u0131klar\u0131 otelde ziyaret eden Ba\u015fkan G\u00fcltak; verdikleri emekten dolay\u0131 kendilerine te\u015fekk\u00fcr ederek muhtarlar g\u00fcn\u00fcn\u00fc kutlad\u0131.<br \/>\n&#8220;Her ko\u015fulda sizlerin yan\u0131nday\u0131m&#8221;<br \/>\nMuhtarlar\u0131 \u00e7ok fazla \u00f6nemsedi\u011fini s\u00f6yleyerek s\u00f6zlerine ba\u015flayan Ba\u015fkan Mustafa, &#8220;B\u00f6yle \u00f6zel g\u00fcnleri tek bir g\u00fcne s\u0131\u011fd\u0131rmay\u0131 do\u011fru bulmuyorum. Bu can bu bedende oldu\u011fu s\u00fcrece 2,5 y\u0131l daha sizlerin emrindeyim. Her ko\u015fulda yan\u0131n\u0131zday\u0131m. Her hafta Ankara g\u00f6r\u00fc\u015fmelerim olmazsa mutlaka muhtarlar\u0131m\u0131z\u0131 ziyaret ediyoruz. Arkan\u0131zda siyasi bir destek yok. \u0130mkanlar\u0131n\u0131z yok. Buna ra\u011fmen mahallenizde bir \u00e7al\u0131\u015fma y\u00fcr\u00fct\u00fcyorsunuz. Mahallenin her t\u00fcrl\u00fc sorunlar\u0131 ile ilgileniyorsunuz. Bu hi\u00e7 kolay bir i\u015f de\u011fil. Sayg\u0131 duymak zorunday\u0131z&#8221; diye konu\u015ftu.<br \/>\n&#8220;\u015eehrin kurtulu\u015fu kentsel d\u00f6n\u00fc\u015f\u00fcmd\u00fcr&#8221;<br \/>\nBa\u015fkan G\u00fcltak; &#8220;Bu y\u00f6renin \u00e7ocu\u011fu olarak Mersin&#8217;in \u015fu andaki durumuna lay\u0131k oldu\u011funa inanm\u0131yorum. K\u00f6y gibiyiz. Bar\u0131\u015f Mahallesi&#8217;nde \u00e7ekimler yapt\u0131k. Kentsel d\u00f6n\u00fc\u015f\u00fcm alan\u0131n\u0131 geziyoruz. Beton i\u00e7inde demirler kalmam\u0131\u015f; erimi\u015f. Allah g\u00f6stermesin deprem olsa \u00e7ok b\u00fcy\u00fck kay\u0131plar veririz. \u0130nsanlar\u0131 ma\u011fdur etmeden, zorlamadan, g\u00f6n\u00fcl r\u0131zas\u0131yla yerinde kentsel d\u00f6n\u00fc\u015f\u00fcm\u00fc hayata ge\u00e7irdik. \u00c7\u00fcnk\u00fc bu \u015fehrin kurtulu\u015fu budur&#8221; ifadelerini kulland\u0131.<br \/>\n&#8220;\u00c7ay Mahallesi&#8217;ne m\u00fcjdeli haberlerim olacak&#8221;<br \/>\nYak\u0131n zamanda Ankara&#8217;da kentsel d\u00f6n\u00fc\u015f\u00fcme istinaden \u00f6nemli g\u00f6r\u00fc\u015fmeler yapt\u0131\u011f\u0131n\u0131 da dile getiren Ba\u015fkan Mustafa G\u00fcltak; &#8220;\u00c7ay Mahallesi&#8217;ne m\u00fcjdeli haberlerim olacak. Turgut Reis Mahallesi i\u00e7in de g\u00f6r\u00fc\u015fmelerimizi ba\u015flat\u0131yoruz. Bar\u0131\u015f Mahallesi&#8217;nde vatanda\u015flar\u0131m\u0131z\u0131n lehine verdi\u011fimiz imkanlar\u0131 Turgut Reis ve \u00c7ay Mahallesi&#8217;nde de verece\u011fiz. <\/p>\n<p>&#8220;Mersin&#8217;i d\u00fczeltmenin ba\u015fka yolu yok&#8221;<br \/>\nBa\u015fkan G\u00fcltak; &#8220;Bana s\u00fcrekli soruyorlar. &#8216;Bar\u0131\u015f Mahallesi&#8217;nde kentsel d\u00f6n\u00fc\u015f\u00fcm i\u00e7in nas\u0131l girdin? Korkmad\u0131n m\u0131? Orada her bir hisse \u00e7ok kalabal\u0131k; tapu s\u0131k\u0131nt\u0131s\u0131 var\u2019 dediler. De\u011ferli muhtarlar\u0131m Mersin&#8217;in bu evlerini, yap\u0131lar\u0131n\u0131 d\u00fczeltmenin ba\u015fka bir yolu var m\u0131? Yok. Bu \u015fehrin kaderi herkesten \u00e7ok daha \u00f6nemli&#8221; diye konu\u015ftu.<br \/>\n&#8220;Ben durmaya de\u011fil i\u015f yapmaya geldim&#8221;<br \/>\nMersin&#8217;in bir an \u00f6nce d\u00f6n\u00fc\u015fmesi gerekti\u011fine vurgu yapan Ba\u015fkan G\u00fcltak; &#8220;Ne Arap karde\u015flerimizin ne K\u00fcrt karde\u015flerimizin ne de Y\u00f6r\u00fck karde\u015flerimizin kaderi bu de\u011fil. Bu ortamda ya\u015famak do\u011fru de\u011fil. Biz bunu de\u011fi\u015ftirmeye talibiz. Ben bu g\u00f6revde durmaya gelmedim. \u0130\u015f yapmaya geldim. E\u011fer bu \u015fehrin kaderini hep beraber de\u011fi\u015ftirebileceksek ben de var\u0131m&#8221; dedi.<br \/>\n&#8220;Gelin bu \u015fehre hep beraber imza atal\u0131m&#8221;<br \/>\nMersin&#8217;in bar\u0131\u015f ve karde\u015fli\u011fin \u015fehri oldu\u011funa dikkat \u00e7eken Ba\u015fkan G\u00fcltak; &#8220;Akdeniz&#8217;de art\u0131k kavga, g\u00fcr\u00fclt\u00fc yok. Biz herkese e\u015fit mesafedeyiz. H\u00fck\u00fcmetin imkanlar\u0131n\u0131 da elimizden geldi\u011fi kadar buraya getiriyoruz. Spor i\u00e7in destekleri ald\u0131k. TOK\u0130&#8217;yi getirdik. \u00c7aml\u0131bel projesi Mersin&#8217;e lig atlatacak bir projedir ve art\u0131k son a\u015famaya geldik. Bunun gibi b\u00fcy\u00fck projeleri 5 y\u0131lda bitirmi\u015f olaca\u011f\u0131z. Biz sizlerle y\u00fcr\u00fcyoruz ve muhtarlar\u0131m\u0131z\u0131 \u00e7ok \u00f6nemsiyoruz. Gelin bu \u015fehre hep beraber imza atal\u0131m&#8221; \u015feklinde konu\u015ftu.<br \/>\n&#8220;Amac\u0131m\u0131z \u015fehrimizi sizlerle beraber d\u00f6n\u00fc\u015ft\u00fcrmektir&#8221;<br \/>\nBa\u015fkan G\u00fcltak s\u00f6zlerini \u015f\u00f6yle s\u00fcrd\u00fcrd\u00fc: &#8220;TOK\u0130&#8217;yi ba\u015flataca\u011f\u0131z dedik. \u0130nanmad\u0131lar. \u0130\u015fte \u00c7ay Mahallesi&#8217;ni k\u0131sa bir s\u00fcre sonra teslim edece\u011fiz. Bar\u0131\u015f Mahallesi de bir y\u0131la kadar bitecek diye umuyoruz. Demek ki bir \u015feyleri ba\u015far\u0131yoruz. Bu \u015fehir de\u011fi\u015fiyor ama bunu hep sizlerle beraber yap\u0131yoruz. Ben tek ba\u015f\u0131ma bir \u015fey de\u011filim. Bu karde\u015fli\u011fimiz devam etsin ve Mersin bir yerlere gelsin istiyorum. Benim derdim bu. Sizlere var\u0131z; sizlerle y\u00fcr\u00fcyece\u011fiz ve amac\u0131m\u0131z \u015fehri de sizlerle beraber d\u00f6n\u00fc\u015ft\u00fcrmektir.&#8221;<br \/>\nBa\u015fkan Mustafa G\u00fcltak, konu\u015fmas\u0131n\u0131n ard\u0131ndan muhtarlara hediye takdim edip; g\u00fcn\u00fcn an\u0131s\u0131na hat\u0131ra foto\u011fraf\u0131 \u00e7ektirdi. <\/p>\n","protected":false},"excerpt":{"rendered":"<p>Akdeniz Belediye Ba\u015fkan\u0131 Mustafa G\u00fcltak; &#8220;&#8216;Bar\u0131\u015f Mahallesi&#8217;ne kentsel d\u00f6n\u00fc\u015f\u00fcm i\u00e7in nas\u0131l girdin; bir s\u00fcr\u00fc tapu s\u0131k\u0131nt\u0131s\u0131 var; korkmad\u0131n m\u0131 dediler. Hay\u0131r korkmad\u0131m. Mersin&#8217;in bu yap\u0131lar\u0131n\u0131 d\u00fczeltmenin ba\u015fka bir yolu var &hellip; <a href=\"https:\/\/akdenizolaygazetesi.com\/?p=14716\" class=\"more-link\">Devam\u0131n\u0131 Oku&#8230;<\/a><\/p>\n","protected":false},"author":2,"featured_media":14717,"comment_status":"open","ping_status":"open","sticky":false,"template":"","format":"standard","meta":[],"categories":[2,3,5,6],"tags":[],"_links":{"self":[{"href":"https:\/\/akdenizolaygazetesi.com\/index.php?rest_route=\/wp\/v2\/posts\/14716"}],"collection":[{"href":"https:\/\/akdenizolaygazetesi.com\/index.php?rest_route=\/wp\/v2\/posts"}],"about":[{"href":"https:\/\/akdenizolaygazetesi.com\/index.php?rest_route=\/wp\/v2\/types\/post"}],"author":[{"embeddable":true,"href":"https:\/\/akdenizolaygazetesi.com\/index.php?rest_route=\/wp\/v2\/users\/2"}],"replies":[{"embeddable":true,"href":"https:\/\/akdenizolaygazetesi.com\/index.php?rest_route=%2Fwp%2Fv2%2Fcomments&post=14716"}],"version-history":[{"count":1,"href":"https:\/\/akdenizolaygazetesi.com\/index.php?rest_route=\/wp\/v2\/posts\/14716\/revisions"}],"predecessor-version":[{"id":14718,"href":"https:\/\/akdenizolaygazetesi.com\/index.php?rest_route=\/wp\/v2\/posts\/14716\/revisions\/14718"}],"wp:featuredmedia":[{"embeddable":true,"href":"https:\/\/akdenizolaygazetesi.com\/index.php?rest_route=\/wp\/v2\/media\/14717"}],"wp:attachment":[{"href":"https:\/\/akdenizolaygazetesi.com\/index.php?rest_route=%2Fwp%2Fv2%2Fmedia&parent=14716"}],"wp:term":[{"taxonomy":"category","embeddable":true,"href":"https:\/\/akdenizolaygazetesi.com\/index.php?rest_route=%2Fwp%2Fv2%2Fcategories&post=14716"},{"taxonomy":"post_tag","embeddable":true,"href":"https:\/\/akdenizolaygazetesi.com\/index.php?rest_route=%2Fwp%2Fv2%2Ftags&post=14716"}],"curies":[{"name":"wp","href":"https:\/\/api.w.org\/{rel}","templated":true}]}}