{"id":1472,"date":"2020-11-04T18:22:02","date_gmt":"2020-11-04T15:22:02","guid":{"rendered":"http:\/\/mersinekonomipolitikagazetesi.com\/?p=1472"},"modified":"2020-11-04T18:22:02","modified_gmt":"2020-11-04T15:22:02","slug":"prof-dr-aytug-aticidan-onemli-calismalara-imza-sorumlulugumun-bilincindeyim","status":"publish","type":"post","link":"https:\/\/akdenizolaygazetesi.com\/?p=1472","title":{"rendered":"PROF. DR. AYTU\u011e ATICI&#8217;DAN \u00d6NEML\u0130 \u00c7ALI\u015eMALARA \u0130MZA  SORUMLULU\u011eUMUN B\u0130L\u0130NC\u0130NDEY\u0130M"},"content":{"rendered":"<p>CHP Mersin Milletvekili Prof. Dr. Aytu\u011f At\u0131c\u0131 TBMM\u2019de yapt\u0131\u011f\u0131 \u00e7al\u0131\u015fmalar\u0131n\u0131n \u00fclke ve Mersin i\u00e7in yap\u0131ld\u0131\u011f\u0131n\u0131 belirterek, \u201c\u00dczerindeki sorumlulu\u011fun bilincinde oldu\u011funu, \u00fclke ve kente her zaman hizmet ettim.\u201d dedi.<\/p>\n<blockquote type=\"cite\">\n<div>\n<div dir=\"ltr\">\n<blockquote type=\"cite\">\n<div dir=\"ltr\">\n<p>\u00a0<\/p>\n<p><span style=\"font-size:16px;\">CHP Mersin Milletvekili Prof. Dr. Aytu\u011f At\u0131c\u0131 TBMM\u2019de\u00a0\u00a026. d\u00f6nemde yapt\u0131\u011f\u0131 \u00e7al\u0131\u015fmalar\u0131n\u0131 CHP \u0130l ba\u015fkanl\u0131\u011f\u0131 binas\u0131nda a\u00e7\u0131klad\u0131.\u00a0\u00a0Yapt\u0131\u011f\u0131 \u00e7al\u0131\u015fmalar\u0131na de\u011finmeden \u00f6nce halka hesap vermek rutin hale geldi\u011fini, Milletvekili se\u00e7ildi\u011fi g\u00fcnden beri d\u00f6nem d\u00f6nem yapt\u0131\u011f\u0131 \u00e7al\u0131\u015fmalar\u0131n\u0131 halk ile payla\u015ft\u0131\u011f\u0131n\u0131 \u00f6ne s\u00fcrd\u00fc.<\/span><\/p>\n<p><span style=\"font-size:16px;\">At\u0131c\u0131, \u00fczerindeki sorumlulu\u011fun bilincinde oldu\u011funu\u00a0\u00a0\u00fclke ve kente her zaman hizmet etti\u011fini dile getirdi. Kendisine devredildi\u011fi vekaletin sorumluluklar\u0131n\u0131 yerine getirdi\u011fini ve \u00e7al\u0131\u015fmalar\u0131n\u0131 meclise g\u00f6t\u00fcr\u00fcp, \u00fclke ve Mersin i\u00e7in daha iyi \u015feyler sunduklar\u0131n\u0131 belirtti. 26. d\u00f6nem ilk yar\u0131s\u0131n\u0131 geride b\u0131rakt\u0131\u011f\u0131n\u0131 dile getiren At\u0131c\u0131, ilk olarak yapt\u0131\u011f\u0131 Mersin yerel faaliyetlerine de\u011findi. Ard\u0131ndan TBMM\u2019de yapt\u0131\u011f\u0131 faaliyetlere, uluslararas\u0131 d\u00fczeyde faaliyetlere,\u00a0\u00a0CHP\u00a0\u00a0Genel Merkezde faaliyetlere, gelecek i\u00e7in beklentiler faaliyetleri gibi faaliyetler ger\u00e7ekle\u015ftirdi\u011fini vurgulad\u0131.<\/span><\/p>\n<p>\u00a0<\/p>\n<p><span style=\"font-size:16px;\">MERS\u0130NDEK\u0130 FAAL\u0130YETLER\u0130M<\/span><\/p>\n<p>\u00a0<\/p>\n<p><span style=\"font-size:16px;\">\u0130lk olarak Mersin i\u00e7in ger\u00e7ekle\u015ftirdi\u011fi faaliyetlerini dile getiren At\u0131c\u0131: \u201cAnamur Kaledran\u2019dan- Tarsus Yenice aras\u0131nda il\u00e7e, belde ve k\u00f6ylerde vatanda\u015flar\u0131m\u0131zla s\u0131k s\u0131k bir araya gelerek sorunlar\u0131n\u0131 dinledik. Bu sorunlarla ilgili TBMM\u2019ye \u00e7e\u015fitli soru \u00f6nergeleri, ara\u015ft\u0131rma \u00f6nergeleri ve kanun teklifleri sunduk. Mersin\u2019de ya\u015fanan i\u015fsizlik sorunu \u00e7\u00f6z\u00fcm\u00fc konusunda \u0130limizin i\u015f d\u00fcnyas\u0131 ile g\u00f6r\u00fc\u015fmeler yaparak, ticaret ve sanayinin geli\u015fimi ve b\u00f6ylece \u00fcreterek istihdam sa\u011flanmas\u0131 i\u00e7in \u00e7e\u015fitli tespitler yapt\u0131k. Gelece\u011fimizi etkileyecek n\u00fckleer santrali engellemek i\u00e7in her platformda \u00e7al\u0131\u015ft\u0131k. Konuyu s\u0131k s\u0131k TBMM g\u00fcndemine getirdik ve g\u00fcne\u015f, r\u00fczg\u00e2r gibi yenilenebilir kaynaklarla enerji sorunumuzun \u00e7\u00f6z\u00fcm yolar\u0131n\u0131 anlatt\u0131k. Mersin\u2019in bitmek bilmeyen yollar\u0131n\u0131, defalarca temelli at\u0131lan havaliman\u0131n\u0131, hasat zaman\u0131n\u0131 zararla ge\u00e7iren \u00fcreticileri, s\u00f6z verilip yap\u0131lmayan barajlar\u0131, kentimizin g\u00f6be\u011finde bulunan ve d\u00fcnyay\u0131 yok edecek kadar fazla miktardaki Cr+6 zehirli at\u0131klar\u0131n\u0131, Ekosistemi ve halk sa\u011fl\u0131\u011f\u0131n\u0131 tehlikeye atan bal\u0131k \u00e7iftliklerini, \u00e7imento ve termik santrallerle soludu\u011fumuz havan\u0131n, i\u00e7ti\u011fimiz suyun, beslendi\u011fimiz topra\u011f\u0131n zarar g\u00f6rd\u00fc\u011f\u00fcn\u00fc g\u00fcndeme getirerek Mersinlilerin sesi olmaya \u00e7al\u0131\u015ft\u0131k. Ge\u00e7ti\u011fimiz y\u0131l Tarsus\u2019ta esrarengiz bir kaz\u0131 yap\u0131ld\u0131. Kaz\u0131n\u0131n ba\u015flad\u0131\u011f\u0131 g\u00fcnden bitti\u011fi g\u00fcne kadar b\u00fct\u00fcn engellemelere<\/span><\/p>\n<p><span style=\"font-size:16px;\">ra\u011fmen takip\u00e7isi olduk. Gitti\u011fimiz her mahallede, demokrasinin temel ta\u015f\u0131 olan<\/span><\/p>\n<p><span style=\"font-size:16px;\">muhtarlar\u0131m\u0131z\u0131 makam\u0131nda ziyaret ettik. 15 Temmuz al\u00e7ak darbe giri\u015fimine kar\u015f\u0131 TBMM\u2019de grubumuzla birlikte direndik. \u015eimdide OHAL\u2019e yani sivil darbeye sakal\u0131m\u0131z\u0131n her teliyle direniyoruz. 16 Nisan referandumunda \u00f6rg\u00fctlerimizle koordineli bir \u015fekilde Mersin\u2019de %64 hay\u0131r sonucuna katk\u0131 sa\u011flad\u0131k. D\u00fcnyan\u0131n en kitlesel y\u00fcr\u00fcy\u00fc\u015f\u00fc olan Ankara\u2019dan \u0130stanbul\u2019a kadar s\u00fcren Adalet Y\u00fcr\u00fcy\u00fc\u015f\u00fcn\u00fcn her an\u0131nda oradayd\u0131k. Bu y\u00fcr\u00fcy\u00fc\u015f\u00fcn her g\u00fcn\u00fcn\u00fc \u201cAdalet \u0130\u00e7in 700 Bin Ad\u0131m\u201d adl\u0131 kitab\u0131mda kaleme alarak \u00f6l\u00fcms\u00fczle\u015ftirmeye \u00e7al\u0131\u015ft\u0131m. Bu kentin dinamikleri olan Yerel bas\u0131n, Oda, STK ve Dernek ziyaretlerimizi ise bir plan \u00f6l\u00e7e\u011finde halen s\u00fcrd\u00fcr\u00fcyoruz.\u201d \u015feklinde konu\u015ftu.<\/span><\/p>\n<p>\u00a0<\/p>\n<p><span style=\"font-size:16px;\">TBMM\u2019DEK\u0130 FAAL\u0130YETLER\u0130M<\/span><\/p>\n<p>\u00a0<\/p>\n<p><span style=\"font-size:16px;\">At\u0131c\u0131, Mersin halk\u0131n\u0131 temsil etti\u011fi TBMM\u2019deki faaliyet \u00e7al\u0131\u015fmalar\u0131n\u0131n birka\u00e7\u0131na da \u015f\u00f6yle de\u011findi: \u201cTBMM\u2019de ilk iki y\u0131lda 27 adet kanun teklifi verdim. Bu kanun teklifleri Mersinde ve de\u011fi\u015fik yerlerde yapt\u0131\u011f\u0131m \u00e7al\u0131\u015fmalardan ve mutlaka \u00e7\u00f6z\u00fclmesi gereken sorunlard\u0131r. Kanun tekliflerinden bir ka\u00e7 tanesini a\u00e7\u0131klayaca\u011f\u0131m. ilk olarak Genel Sa\u011fl\u0131k Sigortas\u0131 ile ilgili prim i\u00e7in bir tak\u0131m iyile\u015ftirme teklifinde bulundum. Su\u00e7a itilen \u00e7ocuklar\u0131n rehabilitasyonlar\u0131 ile ilgili bir kanun teklifi verdim. Hem milletvekili hem \u00e7ocuk hekimi kimli\u011fimle \u00e7ocuk cezaevlerinin kapat\u0131lmas\u0131 ile ilgili bir kanunu teklifi verdim. Cezaevlerin \u00e7ocuk ziyaretlerini s\u0131n\u0131rlayan d\u00fczenlemenin de\u011fi\u015ftirilmesi i\u00e7in bir kanun teklifinde bulundum. Yani cezaevinde bulunan bir anne emzirse bile \u00e7ocu\u011funu ancak ayda bir a\u00e7\u0131k g\u00f6r\u00fc\u015fte g\u00f6rebiliyor. Hafta bir kapal\u0131 g\u00f6r\u00fc\u015febiliyor. Bu do\u011fru bir \u015fey de\u011fil annesi su\u00e7 i\u015flemi\u015f olabilir \u00e7ocu\u011fun cezaland\u0131r\u0131lmas\u0131n\u0131 do\u011fru olmad\u0131\u011f\u0131n\u0131 s\u00f6yledik. \u00d6zgecan yasas\u0131n\u0131 teklif ettim. Tarsus\u2019ta bir \u00fcniversite kurulmas\u0131 i\u00e7in kanun teklifi verdim. Mersin\u2019de muz ihtisas g\u00fcmr\u00fc\u011f\u00fc kurulmas\u0131 y\u00f6n\u00fcnde yasa sunduk. Engellilere ya\u015fl\u0131l\u0131k ayl\u0131\u011f\u0131 ba\u011flanmas\u0131 ile ilgili kanun teklifi verdik. Tabii afetlerden zarar g\u00f6ren \u00e7ift\u00e7ilere yard\u0131m yap\u0131labilmesi y\u00f6n\u00fcnde kanun teklifi verdik. Mersine istiklal madalyas\u0131 verilmesi konusunda kanun teklifini iki kere sunduk. Ama hi\u00e7 kimse dikkate alm\u0131yor. Mersinde bir Gadir Hum Bayram\u0131n\u0131n dini bayram olarak kabul edilmesi kanun teklifini yine verdik. Kamuya al\u0131mlarda yap\u0131lan s\u00f6zl\u00fc s\u0131navlar\u0131n sesli ve g\u00f6r\u00fcnt\u00fcl\u00fc kay\u0131t alt\u0131na al\u0131nmas\u0131 y\u00f6n\u00fcnde kanun teklifi verdim. Ter\u00f6r nedeniyle ya\u015fam\u0131n\u0131 yitiren ve mal\u00fcl olan t\u00fcm sivillere ayr\u0131m yapmadan haklar tan\u0131nmas\u0131 i\u00e7in kanun teklif verdim. Muhtarlar\u0131n sigorta primlerin mutlaka kar\u015f\u0131lanmas\u0131 gerekti\u011fini teklifine verdik.\u201d<\/span><\/p>\n<p>\u00a0<\/p>\n<p><span style=\"font-size:16px;\">MESL\u0130S\u2019E SUNDU\u011eUM ARA\u015eTIRMA \u00d6NERGELER\u0130<\/span><\/p>\n<p>\u00a0<\/p>\n<p><span style=\"font-size:16px;\">Kanun teklifleriyle beraber meclisin ele almas\u0131 gereken konular\u0131 tespit etti\u011fini, meclis ara\u015ft\u0131rma \u00f6nergeleri komisyonu kurulmas\u0131 ile ilgili \u00f6nergelerinin birka\u00e7\u0131n\u0131 belirten At\u0131c\u0131: \u201cS\u0131n\u0131r g\u00fcvenli\u011fi sorunlar\u0131n\u0131n ara\u015ft\u0131r\u0131larak al\u0131nmas\u0131 gereken \u00f6nlemlerin belirlenmesi amac\u0131yla bir Meclis Ara\u015ft\u0131rmas\u0131<\/span><\/p>\n<p><span style=\"font-size:16px;\">a\u00e7\u0131lmas\u0131na ili\u015fkin \u00f6nerge. Mersinde kurulacak n\u00fckleer santralin verece\u011fi olas\u0131 zararlar\u0131n ara\u015ft\u0131r\u0131larak al\u0131nmas\u0131 gereken \u00f6nlemlerin belirlenmesi amac\u0131yla<\/span><\/p>\n<p><span style=\"font-size:16px;\">bir Meclis Ara\u015ft\u0131rmas\u0131 a\u00e7\u0131lmas\u0131na ili\u015fkin \u00f6nerge. \u00c7ukurova Deltas\u0131&#39;nda ya\u015fanan \u00e7evre kirlili\u011finin ara\u015ft\u0131r\u0131larak al\u0131nmas\u0131 gereken \u00f6nlemlerin belirlenmesi amac\u0131yla bir Meclis Ara\u015ft\u0131rmas\u0131 a\u00e7\u0131lmas\u0131na ili\u015fkin \u00f6nerge. Ticari ara\u00e7 \u015fof\u00f6rlerinin sorunlar\u0131n\u0131n ara\u015ft\u0131r\u0131larak al\u0131nmas\u0131 gereken \u00f6nlemlerin belirlenmesi amac\u0131yla bir Meclis Ara\u015ft\u0131rmas\u0131 a\u00e7\u0131lmas\u0131na ili\u015fkin \u00f6nerge. \u00c7ocuklarda uyu\u015fturucu ve madde ba\u011f\u0131ml\u0131l\u0131\u011f\u0131n\u0131n ara\u015ft\u0131r\u0131lara kal\u0131nmas\u0131 gereken \u00f6nlemlerin belirlenmesi amac\u0131yla bir Meclis Ara\u015ft\u0131rmas\u0131 a\u00e7\u0131lmas\u0131na ili\u015fkin \u00f6nerge. Tutuklu ve h\u00fck\u00fcml\u00fclere sunulan sa\u011fl\u0131k hizmetlerinde ya\u015fanan aksakl\u0131klar\u0131n ara\u015ft\u0131r\u0131larak al\u0131nmas\u0131 gereken \u00f6nlemlerin belirlenmesi amac\u0131yla bir Meclis Ara\u015ft\u0131rmas\u0131 a\u00e7\u0131lmas\u0131na ili\u015fkin \u00f6nerge.\u201d \u015feklinde a\u00e7\u0131klad\u0131.<\/span><\/p>\n<p>\u00a0<\/p>\n<p><span style=\"font-size:16px;\">SORU \u00d6NERGLER\u0130M<\/span><\/p>\n<p>\u00a0<\/p>\n<p><span style=\"font-size:16px;\">Sahadan toplad\u0131klar\u0131, bas\u0131n mensuplar\u0131ndan da gelen konular ile ilgili meclisin g\u00fcndemine getirilmesi i\u00e7in ciddi \u00e7abalar sarf etti\u011fini, bu ama\u00e7la da 40 adet soru \u00f6nergesi verdi\u011fini ve bunlardan birka\u00e7\u0131n\u0131 belirtmek istedi\u011fini kaydeden At\u0131c\u0131, bu \u00f6nergelerin hi\u00e7birine cevap veremedikleri ifade etti. \u201cOrta\u00f6\u011fretim kurumlar\u0131nda Kuran-\u0131 Kerim dersinin zorunlu olarak se\u00e7tirilmesi \u00f6nergesi. Esnaf\u0131n yeni nesil yazar kasa alabilmesi i\u00e7in birtak\u0131m tedbirler al\u0131nmas\u0131na ili\u015fkin \u00f6nerge. Mersinde se\u00e7imden \u00f6nce \u0130\u015eKUR arac\u0131l\u0131\u011f\u0131yla ge\u00e7ici i\u015f\u00e7i al\u0131m\u0131 \u00f6nergesi. Mersinde ya\u015fanan dolu afeti sonras\u0131 \u00fcz\u00fcm ve di\u011fer sebze meyve \u00fcreticilerinin zararlar\u0131n\u0131n kar\u015f\u0131lanmas\u0131 ve bor\u00e7lar\u0131n\u0131n ertelenmesi hakk\u0131nda \u00f6nerge. Mersinde yap\u0131lmas\u0131 d\u00fc\u015f\u00fcn\u00fclen STOL tipi k\u0131sa kalk\u0131\u015f ve ini\u015f mesafeli havaalan\u0131 projesinin durumu hakk\u0131nda \u00f6nergesine\u00a0\u00a0ise cevap veremediler. Mersinde bir okulda k\u0131z ve erkek \u00f6\u011frencilerin yan yana oturmas\u0131n\u0131n yasakland\u0131\u011f\u0131 iddialar\u0131 hakk\u0131nda \u00f6nerge. Diyanet \u0130\u015fleri Ba\u015fkanl\u0131\u011f\u0131 taraf\u0131ndan d\u00fczenlenen bir toplant\u0131ya cemaat ve tarikatlar\u0131n davet edilmesi hakk\u0131nda \u00f6nerge. Mersinde bir okulda k\u0131z ve erkek \u00f6\u011frencilerin yan yana oturmas\u0131n\u0131n yasakland\u0131\u011f\u0131 iddialar\u0131 hakk\u0131nda \u00f6nerge. Mersinde yap\u0131lmas\u0131 planlanan Mut Baraj\u0131 ve Sak\u0131z Ovas\u0131<\/span><\/p>\n<p><span style=\"font-size:16px;\">Sulama projelerinin durumu hakk\u0131nda \u00f6nerge. Brezilya\u2019dan ithal edilen canl\u0131 hayvanlar\u0131n sa\u011fl\u0131ks\u0131z ortamlarda ta\u015f\u0131nd\u0131\u011f\u0131 iddias\u0131 hakk\u0131nda \u00f6nerge.\u201d<\/span><\/p>\n<p>\u00a0<\/p>\n<p>\u00a0<\/p>\n<p><span style=\"font-size:16px;\">\u0130HT\u0130SAS KOM\u0130SYONUNDAK\u0130 G\u00d6REVLER\u0130M<\/span><\/p>\n<p>\u00a0<\/p>\n<p><span style=\"font-size:16px;\">At\u0131c\u0131, Sadece genel kurulda de\u011fil\u00a0\u00a0TBMM ihtisas komisyonunda g\u00f6revler yapt\u0131\u011f\u0131n\u0131 \u015f\u00f6yle ifade etti: \u00dcyesi oldu\u011fum Sa\u011fl\u0131k, Aile, \u00c7al\u0131\u015fma ve Sosyal \u0130\u015fler Komisyonu ve \u00c7\u00f6lyak hastal\u0131\u011f\u0131n\u0131n te\u015fhis a\u015famas\u0131n\u0131n, sebeplerinin, sonu\u00e7lar\u0131n\u0131n ve bu hastal\u0131\u011fa maruz kalanlara sa\u011flanabilecek yard\u0131mlar\u0131n ara\u015ft\u0131r\u0131larak al\u0131nmas\u0131 gereken \u00f6nlemlerin belirlenmesine ili\u015fkin Meclis Ara\u015ft\u0131rma Komisyonu g\u00f6r\u00fc\u015fmelerine kat\u0131larak \u00e7al\u0131\u015fmalara katk\u0131 sundum. K\u00f6lelik yasas\u0131 olarak bilinen, \u00f6zel istihdam b\u00fcrolar\u0131 k\u0131smi \u00e7al\u0131\u015fma yasas\u0131n\u0131n \u00e7al\u0131\u015fanlar lehine \u00e7\u0131kmas\u0131 i\u00e7in t\u00fcm yasal haklar\u0131m\u0131z\u0131 kullanarak d\u00fczeltmeye \u00e7al\u0131\u015ft\u0131k.\u201d dedi.<\/span><\/p>\n<p>\u00a0<\/p>\n<p>\u00a0<\/p>\n<p><span style=\"font-size:16px;\">As\u0131l g\u00f6revli olmad\u0131\u011f\u0131 halde di\u011fer ihtisas komisyonlar\u0131nda da baz\u0131 faaliyetler g\u00f6sterdi\u011fini dile getiren At\u0131c\u0131: Plan ve B\u00fct\u00e7e Komisyonunda Sa\u011fl\u0131k Bakanl\u0131\u011f\u0131 2016, 2017 ve 2018 B\u00fct\u00e7esi g\u00f6r\u00fc\u015fmeleri s\u0131ras\u0131nda; Sa\u011fl\u0131k Bakanl\u0131\u011f\u0131n\u0131n yat\u0131r\u0131m yapamaz durumda oldu\u011funu, halk sa\u011fl\u0131\u011f\u0131na kaynak ay\u0131rmad\u0131\u011f\u0131n\u0131, salg\u0131n hastal\u0131klar\u0131n kap\u0131m\u0131zda oldu\u011funu, \u015eehir Hastaneleri ile yap\u0131lmak istenen vurgunlar\u0131 Sa\u011fl\u0131k Bakanl\u0131\u011f\u0131 verileri ile g\u00f6sterdik. Mersin halk\u0131 ad\u0131na ger\u00e7ekle\u015ftirdik. Anayasa Komisyonu\u2019nda T\u00fcrkiye Cumhuriyeti Anayasas\u0131nda De\u011fi\u015fiklik Yap\u0131lmas\u0131na Dair Kanun Teklifinin g\u00f6r\u00fc\u015fmelerine ve T\u00fcrkiye B\u00fcy\u00fck Millet Meclisi \u0130\u00e7t\u00fcz\u00fc\u011f\u00fcnde De\u011fi\u015fiklik Yap\u0131lmas\u0131na<\/span><\/p>\n<p>\u00a0<\/p>\n<p><span style=\"font-size:16px;\">Dair \u0130\u00e7t\u00fcz\u00fck Teklifi g\u00f6r\u00fc\u015fmelerine kat\u0131larak milletimiz ad\u0131na \u00e7ekincelerimizi dile getirdik. Se\u00e7im ittifak\u0131n\u0131 i\u00e7eren teklifin g\u00f6r\u00fc\u015fmelerine kat\u0131larak, %10 se\u00e7im baraj\u0131n\u0131n oldu\u011fu bir ortamda partilerin ittifak yapmaya zorland\u0131\u011f\u0131n\u0131 ve yap\u0131lan ittifaklar\u0131n ahlaki olmad\u0131\u011f\u0131n\u0131 ifade ettik.\u201d c\u00fcmlelerini kulland\u0131.<\/span><\/p>\n<p>\u00a0<\/p>\n<p>\u00a0<\/p>\n<p><span style=\"font-size:16px;\">CHP \u0130\u00c7\u0130N YAPTI\u011eIM FAAL\u0130YETLER<\/span><\/p>\n<div>\n<div aria-label=\"Geni\u015fletilen i\u00e7eri\u011fi gizleyin\" data-tooltip=\"Geni\u015fletilen i\u00e7eri\u011fi gizleyin\" id=\":kz\" role=\"button\" style=\"clear:both;\" tabindex=\"0\"><span style=\"font-size:16px;\"><img src=\"https:\/\/ssl.gstatic.com\/ui\/v1\/icons\/mail\/images\/cleardot.gif\" style=\"height:8px;width:20px;\" \/><\/span><\/div>\n<\/div>\n<div>\n<p>\u00a0<\/p>\n<p><span style=\"font-size:16px;\">CHP\u00a0\u00a0Genel Merkezinde yapt\u0131\u011f\u0131 aktiviteler konusunda k\u0131saca bilgi veren At\u0131c\u0131: \u201cParti i\u00e7i e\u011fitimden sorumlu Genel Ba\u015fkan Ba\u015fdan\u0131\u015fmanl\u0131\u011f\u0131 g\u00f6revinde sorumluyum. Parti i\u00e7i e\u011fitim\u00a0\u00a0CHP\u2019nin\u00a0\u00a0yenilenmesi, yeni kadrolar\u0131n yeti\u015fmesi ve sa\u011fl\u0131kl\u0131 \u00f6rg\u00fctlenme ve sa\u011fl\u0131kl\u0131 \u00e7al\u0131\u015fma i\u00e7in son derece kritik bir aland\u0131r. Bunun i\u00e7inde bir parti okulu kurmu\u015ftur. O partiyi kuran 4 ki\u015fiden birisi oldum. O g\u00fcnden beri \u00e7al\u0131\u015fmalar\u0131m\u0131z devam ediyor. Burada beni en \u00e7ok gururland\u0131ran gen\u00e7lik ile ilgili yapt\u0131\u011f\u0131m\u0131z \u00e7al\u0131\u015fmalard\u0131r. Gen\u00e7lik Akran E\u011fitimi ve Sosyal Demokratik \u0130deoloji E\u011fitimi yaz ve k\u0131\u015f kamplar\u0131 ile y\u00fczlerce gence e\u011fitim verdik. D\u00fcnyada hi\u00e7 \u00f6rne\u011fi olmayan e\u011fitim modeli geli\u015ftirdik. Biz gen\u00e7 e\u011fitmenleri yeti\u015ftiriyoruz. 81 ilde tamamlam\u0131\u015f bulunuyoruz. CHP Berlin Birli\u011fi\u2019nin d\u00fczenledi\u011fi T\u00fcrkiye kaynakl\u0131 sorunlar ve \u00c7\u00f6z\u00fcm \u00d6nerileri \u00c7al\u0131\u015ftay\u0131\u201dna kat\u0131larak yurt d\u0131\u015f\u0131nda ya\u015fayan T\u00fcrk vatanda\u015flar\u0131n\u0131n sorunlar\u0131 ve \u00e7\u00f6z\u00fcm \u00f6nerilerini tart\u0131\u015ft\u0131k. CHP \u0130ngiltere Birli\u011fi\u2019nin halk bula\u015fmas\u0131na kat\u0131larak \u0130ngiltere\u2019de ya\u015fayan T\u00fcrk vatanda\u015flar\u0131n\u0131n sorunlar\u0131, beklentileri, T\u00fcrkiye\u2019de son d\u00f6nemde ya\u015fanan geli\u015fmeler \u00fczerine g\u00f6r\u00fc\u015f al\u0131\u015fveri\u015finde bulunduk.\u201d ifadelerini kulland\u0131.<\/span><\/p>\n<p>\u00a0<\/p>\n<\/div>\n<\/div>\n<\/blockquote>\n<\/div>\n<\/div>\n<\/blockquote>\n","protected":false},"excerpt":{"rendered":"<p>CHP Mersin Milletvekili Prof. Dr. Aytu\u011f At\u0131c\u0131 TBMM\u2019de yapt\u0131\u011f\u0131 \u00e7al\u0131\u015fmalar\u0131n\u0131n \u00fclke ve Mersin i\u00e7in yap\u0131ld\u0131\u011f\u0131n\u0131 belirterek, \u201c\u00dczerindeki sorumlulu\u011fun bilincinde oldu\u011funu, \u00fclke ve kente her zaman hizmet ettim.\u201d dedi. \u00a0 CHP &hellip; <a href=\"https:\/\/akdenizolaygazetesi.com\/?p=1472\" class=\"more-link\">Devam\u0131n\u0131 Oku&#8230;<\/a><\/p>\n","protected":false},"author":1,"featured_media":0,"comment_status":"open","ping_status":"open","sticky":false,"template":"","format":"standard","meta":[],"categories":[],"tags":[],"_links":{"self":[{"href":"https:\/\/akdenizolaygazetesi.com\/index.php?rest_route=\/wp\/v2\/posts\/1472"}],"collection":[{"href":"https:\/\/akdenizolaygazetesi.com\/index.php?rest_route=\/wp\/v2\/posts"}],"about":[{"href":"https:\/\/akdenizolaygazetesi.com\/index.php?rest_route=\/wp\/v2\/types\/post"}],"author":[{"embeddable":true,"href":"https:\/\/akdenizolaygazetesi.com\/index.php?rest_route=\/wp\/v2\/users\/1"}],"replies":[{"embeddable":true,"href":"https:\/\/akdenizolaygazetesi.com\/index.php?rest_route=%2Fwp%2Fv2%2Fcomments&post=1472"}],"version-history":[{"count":0,"href":"https:\/\/akdenizolaygazetesi.com\/index.php?rest_route=\/wp\/v2\/posts\/1472\/revisions"}],"wp:attachment":[{"href":"https:\/\/akdenizolaygazetesi.com\/index.php?rest_route=%2Fwp%2Fv2%2Fmedia&parent=1472"}],"wp:term":[{"taxonomy":"category","embeddable":true,"href":"https:\/\/akdenizolaygazetesi.com\/index.php?rest_route=%2Fwp%2Fv2%2Fcategories&post=1472"},{"taxonomy":"post_tag","embeddable":true,"href":"https:\/\/akdenizolaygazetesi.com\/index.php?rest_route=%2Fwp%2Fv2%2Ftags&post=1472"}],"curies":[{"name":"wp","href":"https:\/\/api.w.org\/{rel}","templated":true}]}}