{"id":14726,"date":"2021-10-17T09:40:33","date_gmt":"2021-10-17T06:40:33","guid":{"rendered":"http:\/\/akdenizolaygazetesi.com\/?p=14726"},"modified":"2021-10-17T09:40:33","modified_gmt":"2021-10-17T06:40:33","slug":"kariyerde-engel-tanimadilar","status":"publish","type":"post","link":"https:\/\/akdenizolaygazetesi.com\/?p=14726","title":{"rendered":"Kariyerde engel tan\u0131mad\u0131lar"},"content":{"rendered":"<p>Mersin B\u00fcy\u00fck\u015fehir Belediye Ba\u015fkan\u0131 Vahap Se\u00e7er\u2019in \u00f6nc\u00fcl\u00fc\u011f\u00fcnde kurulan ve k\u0131sa zamanda i\u015f g\u00fcc\u00fc piyasas\u0131n\u0131n t\u00fcm taraflar\u0131na y\u00f6nelik ba\u015far\u0131l\u0131 \u00e7al\u0131\u015fmalara imza atan Kariyer Merkezi, farkl\u0131 kesimlere y\u00f6nelik faaliyetlerine devam ediyor. Kariyer Merkezi, Mersin \u00dcniversitesi Engelsiz Kamp\u00fcs Toplulu\u011fu \u00fcyesi 25 engelli \u00f6\u011frenciye \u201cEngelsiz Kariyer\u201d konulu seminer program\u0131 kapsam\u0131nda i\u015f arama becerileri e\u011fitimi ger\u00e7ekle\u015ftirdi.<\/p>\n<p>Kariyerde engel tan\u0131mad\u0131lar<\/p>\n<p>B\u00fcy\u00fck\u015fehir Belediyesi Engelliler ve Sa\u011fl\u0131k Hizmetleri Dairesi ile Mersin \u00dcniversitesi i\u015f birli\u011finde Engelsiz Kamp\u00fcs Toplulu\u011fu \u00fcyesi engelli \u00f6\u011frencilere ve refakat\u00e7ilerine y\u00f6nelik Tarsus Gen\u00e7lik Kamp\u0131\u2019na gezi d\u00fczenlendi. B\u00fcy\u00fck\u015fehir\u2019in Kariyer Merkezi de gezi sonunda \u00f6zel gereksinimli \u00f6\u011frencilerin kariyer yolculuklar\u0131na destek olmak amac\u0131yla bir sunum program\u0131 ger\u00e7ekle\u015ftirdi.<\/p>\n<p>\u00d6\u011frencilerin sorular\u0131 yan\u0131tland\u0131<\/p>\n<p>Kariyer Merkez M\u00fcd\u00fcr\u00fc Serkan \u00d6zada, dijital d\u00f6n\u00fc\u015f\u00fcm s\u00fcrecinin h\u0131z kazanmas\u0131 ile \u00e7al\u0131\u015fma hayat\u0131n\u0131n da \u00f6nemli bir d\u00f6n\u00fc\u015f\u00fcm ge\u00e7irdi\u011fini, bu s\u00fcre\u00e7te mesleklerin tan\u0131m\u0131n\u0131n ve i\u015flerin yap\u0131l\u0131\u015f \u015fekillerinin de\u011fi\u015fti\u011fini belirtti. \u00d6zada, kariyer planlamas\u0131 yap\u0131lmadan \u00f6nce mutlaka dijitalle\u015fme s\u00fcrecinin yeni arg\u00fcmanlar\u0131 olan \u00e7evik organizasyonlar, uzaktan e\u011fitim, uzaktan \u00e7al\u0131\u015fma, i\u015f s\u00fcre\u00e7lerinin dijitalle\u015fmesi, end\u00fcstri 4.0 gibi kavramlar\u0131n ne anlama geldi\u011finin \u00f6\u011frenilmesi gerekti\u011fini vurgulad\u0131.<\/p>\n<p>\u00d6zada, \u00f6zel gereksinimli vatanda\u015flar\u0131n i\u015f hayat\u0131ndaki yeriyle ilgili yerel y\u00f6netimlerin \u00e7al\u0131\u015fmalar yapt\u0131\u011f\u0131n\u0131 ifade ederek, B\u00fcy\u00fck\u015fehir Belediyesi\u2019nin de \u00f6zel gereksinimli vatanda\u015flar\u0131n hayatlar\u0131n\u0131 kolayla\u015ft\u0131rmak, konfor alanlar\u0131n\u0131 geni\u015fletmek, bak\u0131m ve ihtiya\u00e7lar\u0131na destek olmak, i\u015f hayat\u0131na giri\u015fleri konusunda rehberlik hizmeti sunmak ba\u015fta olmak \u00fczere bir\u00e7ok hizmeti s\u00fcrd\u00fcrd\u00fc\u011f\u00fcn\u00fcn alt\u0131n\u0131 \u00e7izdi. Kar\u015f\u0131l\u0131kl\u0131 soru cevap \u015feklinde devam eden program\u0131n sonunda hat\u0131rla foto\u011fraf\u0131 \u00e7ektirildi.<\/p>\n","protected":false},"excerpt":{"rendered":"<p>Mersin B\u00fcy\u00fck\u015fehir Belediye Ba\u015fkan\u0131 Vahap Se\u00e7er\u2019in \u00f6nc\u00fcl\u00fc\u011f\u00fcnde kurulan ve k\u0131sa zamanda i\u015f g\u00fcc\u00fc piyasas\u0131n\u0131n t\u00fcm taraflar\u0131na y\u00f6nelik ba\u015far\u0131l\u0131 \u00e7al\u0131\u015fmalara imza atan Kariyer Merkezi, farkl\u0131 kesimlere y\u00f6nelik faaliyetlerine devam ediyor. Kariyer &hellip; <a href=\"https:\/\/akdenizolaygazetesi.com\/?p=14726\" class=\"more-link\">Devam\u0131n\u0131 Oku&#8230;<\/a><\/p>\n","protected":false},"author":2,"featured_media":14727,"comment_status":"open","ping_status":"open","sticky":false,"template":"","format":"standard","meta":[],"categories":[3,5],"tags":[],"_links":{"self":[{"href":"https:\/\/akdenizolaygazetesi.com\/index.php?rest_route=\/wp\/v2\/posts\/14726"}],"collection":[{"href":"https:\/\/akdenizolaygazetesi.com\/index.php?rest_route=\/wp\/v2\/posts"}],"about":[{"href":"https:\/\/akdenizolaygazetesi.com\/index.php?rest_route=\/wp\/v2\/types\/post"}],"author":[{"embeddable":true,"href":"https:\/\/akdenizolaygazetesi.com\/index.php?rest_route=\/wp\/v2\/users\/2"}],"replies":[{"embeddable":true,"href":"https:\/\/akdenizolaygazetesi.com\/index.php?rest_route=%2Fwp%2Fv2%2Fcomments&post=14726"}],"version-history":[{"count":1,"href":"https:\/\/akdenizolaygazetesi.com\/index.php?rest_route=\/wp\/v2\/posts\/14726\/revisions"}],"predecessor-version":[{"id":14728,"href":"https:\/\/akdenizolaygazetesi.com\/index.php?rest_route=\/wp\/v2\/posts\/14726\/revisions\/14728"}],"wp:featuredmedia":[{"embeddable":true,"href":"https:\/\/akdenizolaygazetesi.com\/index.php?rest_route=\/wp\/v2\/media\/14727"}],"wp:attachment":[{"href":"https:\/\/akdenizolaygazetesi.com\/index.php?rest_route=%2Fwp%2Fv2%2Fmedia&parent=14726"}],"wp:term":[{"taxonomy":"category","embeddable":true,"href":"https:\/\/akdenizolaygazetesi.com\/index.php?rest_route=%2Fwp%2Fv2%2Fcategories&post=14726"},{"taxonomy":"post_tag","embeddable":true,"href":"https:\/\/akdenizolaygazetesi.com\/index.php?rest_route=%2Fwp%2Fv2%2Ftags&post=14726"}],"curies":[{"name":"wp","href":"https:\/\/api.w.org\/{rel}","templated":true}]}}