{"id":1474,"date":"2020-11-04T18:22:02","date_gmt":"2020-11-04T15:22:02","guid":{"rendered":"http:\/\/mersinekonomipolitikagazetesi.com\/?p=1474"},"modified":"2020-11-04T18:22:02","modified_gmt":"2020-11-04T15:22:02","slug":"kucuk-carsinin-yerine-ataturk-korulugu-onerisi","status":"publish","type":"post","link":"https:\/\/akdenizolaygazetesi.com\/?p=1474","title":{"rendered":"K\u00dc\u00c7\u00dcK \u00c7AR\u015eININ YER\u0130NE \u2018ATAT\u00dcRK KORULU\u011eU\u2019 \u00d6NER\u0130S\u0130"},"content":{"rendered":"<p>Mersin K\u00fc\u00e7\u00fck \u00c7ar\u015f\u0131\u2019n\u0131n y\u0131k\u0131lmas\u0131ndan sonra Gen\u00e7lik Merkezi yap\u0131laca\u011f\u0131 konusunda a\u00e7\u0131klama yapan Mersin \u00c7evre ve Do\u011fa Derne\u011fi: \u201cY\u0131k\u0131lan eski K\u00fc\u00e7\u00fck \u00c7ar\u015f\u0131\u2019n\u0131n yerine ye\u015fil a\u011fa\u00e7lar\u0131 olan bir esenlik alan\u0131, bir park olarak kente sunulmas\u0131n\u0131 istiyoruz\u201d dedi.<\/p>\n<div>\n<div>\n<div>\n<div>\n<div>\n<div>\n<div>\n<div>\n<div>\n<div>\n<div>\n<div id=\":4\">\n<div id=\":2\">\n<div>\n<div role=\"main\">\n<table cellpadding=\"0\" role=\"presentation\" style=\"width:1630px;\">\n<tbody>\n<tr>\n<td>\n<div>\n<div>\n<div>\n<div role=\"list\">\n<div role=\"listitem\" style=\"clear:both;\" tabindex=\"-1\">\n<div>\n<div>\n<div id=\":156\">\n<div>\n<div>\n<div style=\"clear:both;\">\n<div id=\":12z\">\n<div data-legacy-message-id=\"161fa4bf60012290\" data-message-id=\"161fa4bf60012290\">\n<div style=\"margin-left:44px;\">\n<div id=\":14g\">\n<div id=\":16l\">\n<div dir=\"auto\">\n<blockquote type=\"cite\">\n<div dir=\"ltr\">\n<p><span style=\"font-size:16px;\">Mersin K\u00fc\u00e7\u00fck \u00c7ar\u015f\u0131\u2019n\u0131n y\u0131k\u0131lmas\u0131n\u0131n ard\u0131ndan Gen\u00e7lik Merkezi kurulaca\u011f\u0131 duyumlar\u0131 alan Mersin \u00c7evre ve Do\u011fa Derne\u011fi, Tarihi K\u00fc\u00e7\u00fck \u00c7ar\u015f\u0131\u2019n\u0131n a\u011fa\u00e7land\u0131r\u0131larak bir park alan\u0131 olarak kente kazand\u0131r\u0131lmas\u0131n\u0131 istedi.<\/span><\/p>\n<p><span style=\"font-size:16px;\">\u00c7ok say\u0131da \u00e7evre dostu STK\u2019n\u0131n kat\u0131ld\u0131\u011f\u0131 a\u00e7\u0131klamay\u0131\u00a0Mersin \u00c7evre ve Do\u011fa Derne\u011fi\u00a0Ba\u015fkan\u0131 Suna K\u0131l\u0131\u00e7\u00e7\u0131 yapt\u0131.<\/span><\/p>\n<\/p><\/div>\n<\/blockquote>\n<blockquote type=\"cite\">\n<div dir=\"ltr\">\n<p><span style=\"font-size:16px;\">K\u0131l\u0131\u00e7\u00e7\u0131, medeniyetin ve ya\u015fam kalitesinin bir g\u00f6stergesi olarak kabul edilen a\u011fa\u00e7l\u0131k ve ye\u015fil alanlar\u0131n\u0131n kentsel ortamdaki \u00f6neminin g\u00fcn ge\u00e7tik\u00e7e artt\u0131\u011f\u0131n\u0131 belirtti.<\/span><\/p>\n<p>\u00a0<\/p>\n<p><span style=\"font-size:16px;\">\u201cKENTLER\u0130M\u0130Z ENERJ\u0130S\u0130N\u0130 VE DE DE\u011eER\u0130N\u0130 KAYBED\u0130YOR\u201d<\/span><\/p>\n<p>\u00a0<\/p>\n<p><span style=\"font-size:16px;\">K\u0131l\u0131\u00e7\u00e7\u0131, Kentte \u00e7arp\u0131k ve ye\u015filliksiz yap\u0131la\u015fma, k\u00fcresel \u0131s\u0131nma, hava kirlili\u011fi, n\u00fcfus yo\u011funla\u015fmas\u0131 nedeniyle ye\u015fil alan ve park, bah\u00e7e gibi esenlik alanlar\u0131n\u0131n \u00f6nemini artt\u0131rd\u0131\u011f\u0131n\u0131 belirterek, g\u00fcnl\u00fck ya\u015famda ye\u015fil alan ve park ihtiyac\u0131 b\u00fcy\u00fck bir \u00f6zlem haline geldi\u011fine dikkat \u00e7ekti.<\/span><\/p>\n<\/p><\/div>\n<\/blockquote>\n<blockquote type=\"cite\">\n<div dir=\"ltr\">\n<p><span style=\"font-size:16px;\">K\u0131l\u0131\u00e7\u00e7\u0131: \u201c\u015eehirle\u015fmede parklar\u0131n \u00f6nemli bir rol\u00fc vard\u0131r. Parklar g\u00fcn\u00fcn yorgunlu\u011fundan ar\u0131nabildi\u011fimiz, d\u00fc\u015f\u00fcncelerimizi d\u00fczenleyebildi\u011fimiz, sosyalle\u015febildi\u011fimiz, hayat\u0131n g\u00fcr\u00fclt\u00fc ve kirlili\u011finden s\u0131\u011f\u0131nabildi\u011fimiz alanlar olarak giderek daha da b\u00fcy\u00fck bir ihtiya\u00e7 haline gelmi\u015ftir. Ancak bununla ters orant\u0131l\u0131 olarak kentimizde a\u011fa\u00e7lar ve parklar her ge\u00e7en g\u00fcn biraz daha azal\u0131yor, a\u011fa\u00e7lar ve parklar kimi zaman ranta, kimi zaman insan\u0131 yok sayan kentle\u015fme anlay\u0131\u015f\u0131na kurban ediliyor. Yerlerine beton y\u0131\u011f\u0131nlar\u0131n\u0131n gelmesi sonucu ya\u015fam\u0131m\u0131z ve kentlerimiz enerjisini ve de de\u011ferini kaybediyor \u201d \u015feklinde konu\u015ftu.<\/span><\/p>\n<p>\u00a0<\/p>\n<p><span style=\"font-size:16px;\">\u201cADI DA ATAT\u00dcRK KORULU\u011eU OLSUN\u201d<\/span><\/p>\n<p>\u00a0<\/p>\n<p><span style=\"font-size:16px;\">Mersin h\u0131zla bir beton y\u0131\u011f\u0131n\u0131na d\u00f6n\u00fc\u015ft\u00fcr\u00fcld\u00fc\u011f\u00fcn\u00fcn alt\u0131n\u0131 \u00e7izen K\u0131l\u0131\u00e7\u00e7\u0131: \u201c\u00c7e\u015fitli bahanelerle yap\u0131lan yeniden d\u00fczenleme \u00e7al\u0131\u015fmalar\u0131nda kentimizin tarihi ve \u00e7ok az olan ye\u015fil dokusunun h\u0131zla yok ediliyor. Bir s\u00fcre \u00f6nce Yo\u011furt Pazar\u0131 ve \u00c7ankaya bah\u00e7esi d\u00fczenlemeleri s\u0131ras\u0131nda iki alanda bulunan a\u011fa\u00e7lar kesilip yerine g\u00f6lge yapmas\u0131 i\u00e7in \u00e7ad\u0131r bezler getirilmi\u015ftir. Kent insan\u0131n\u0131n ge\u00e7mi\u015fle ba\u011flant\u0131lar\u0131, an\u0131lar\u0131 yok edilmi\u015f ve kentin iki ye\u015fil alan\u0131nda b\u00fcy\u00fck a\u011fa\u00e7 kayb\u0131 olmu\u015ftur. Mersinliler ad\u0131na art\u0131k isyan ediyoruz. En az\u0131ndan bu defa yanl\u0131\u015f yap\u0131lmamas\u0131n\u0131 diliyoruz. Y\u0131k\u0131lan eski K\u00fc\u00e7\u00fck \u00c7ar\u015f\u0131\u2019n\u0131n yerini ye\u015fil a\u011fa\u00e7lar\u0131 olan bir esenlik alan\u0131, bir park olarak kente b\u0131rak\u0131n! Ad\u0131 da Atat\u00fcrk Korulu\u011fu olsun\u201d diyerek son c\u00fcmlelerini kaydetti.<\/span><\/p>\n<\/p><\/div>\n<\/blockquote><\/div>\n<\/p><\/div>\n<\/p><\/div>\n<\/p><\/div>\n<\/p><\/div>\n<\/p><\/div>\n<\/p><\/div>\n<\/p><\/div>\n<\/p><\/div>\n<\/p><\/div>\n<\/p><\/div>\n<\/p><\/div>\n<\/p><\/div>\n<\/p><\/div>\n<\/p><\/div>\n<\/p><\/div>\n<\/p><\/div>\n<\/td>\n<\/tr>\n<\/tbody>\n<\/table>\n<div style=\"clear:both;\">\u00a0<\/div>\n<\/div>\n<\/div>\n<\/div>\n<\/div>\n<\/div>\n<\/div>\n<\/div>\n<\/div>\n<\/div>\n<\/div>\n<\/div>\n<\/div>\n<\/div>\n<\/div>\n<\/div>\n","protected":false},"excerpt":{"rendered":"<p>Mersin K\u00fc\u00e7\u00fck \u00c7ar\u015f\u0131\u2019n\u0131n y\u0131k\u0131lmas\u0131ndan sonra Gen\u00e7lik Merkezi yap\u0131laca\u011f\u0131 konusunda a\u00e7\u0131klama yapan Mersin \u00c7evre ve Do\u011fa Derne\u011fi: \u201cY\u0131k\u0131lan eski K\u00fc\u00e7\u00fck \u00c7ar\u015f\u0131\u2019n\u0131n yerine ye\u015fil a\u011fa\u00e7lar\u0131 olan bir esenlik alan\u0131, bir park olarak &hellip; <a href=\"https:\/\/akdenizolaygazetesi.com\/?p=1474\" class=\"more-link\">Devam\u0131n\u0131 Oku&#8230;<\/a><\/p>\n","protected":false},"author":1,"featured_media":0,"comment_status":"open","ping_status":"open","sticky":false,"template":"","format":"standard","meta":[],"categories":[],"tags":[],"_links":{"self":[{"href":"https:\/\/akdenizolaygazetesi.com\/index.php?rest_route=\/wp\/v2\/posts\/1474"}],"collection":[{"href":"https:\/\/akdenizolaygazetesi.com\/index.php?rest_route=\/wp\/v2\/posts"}],"about":[{"href":"https:\/\/akdenizolaygazetesi.com\/index.php?rest_route=\/wp\/v2\/types\/post"}],"author":[{"embeddable":true,"href":"https:\/\/akdenizolaygazetesi.com\/index.php?rest_route=\/wp\/v2\/users\/1"}],"replies":[{"embeddable":true,"href":"https:\/\/akdenizolaygazetesi.com\/index.php?rest_route=%2Fwp%2Fv2%2Fcomments&post=1474"}],"version-history":[{"count":0,"href":"https:\/\/akdenizolaygazetesi.com\/index.php?rest_route=\/wp\/v2\/posts\/1474\/revisions"}],"wp:attachment":[{"href":"https:\/\/akdenizolaygazetesi.com\/index.php?rest_route=%2Fwp%2Fv2%2Fmedia&parent=1474"}],"wp:term":[{"taxonomy":"category","embeddable":true,"href":"https:\/\/akdenizolaygazetesi.com\/index.php?rest_route=%2Fwp%2Fv2%2Fcategories&post=1474"},{"taxonomy":"post_tag","embeddable":true,"href":"https:\/\/akdenizolaygazetesi.com\/index.php?rest_route=%2Fwp%2Fv2%2Ftags&post=1474"}],"curies":[{"name":"wp","href":"https:\/\/api.w.org\/{rel}","templated":true}]}}