{"id":14747,"date":"2021-10-19T11:43:53","date_gmt":"2021-10-19T08:43:53","guid":{"rendered":"http:\/\/akdenizolaygazetesi.com\/?p=14747"},"modified":"2021-10-19T11:43:53","modified_gmt":"2021-10-19T08:43:53","slug":"baskan-tekliden-sahneye-hayirli-olsun-ziyareti","status":"publish","type":"post","link":"https:\/\/akdenizolaygazetesi.com\/?p=14747","title":{"rendered":"Ba\u015fkan Tekli\u2019den, \u015eahne\u2019ye hay\u0131rl\u0131 olsun ziyareti"},"content":{"rendered":"<p>Ba\u015fkan Tekli\u2019den, \u015eahne\u2019ye hay\u0131rl\u0131 olsun ziyareti<\/p>\n<p>MTOSB Ba\u015fkan\u0131 Sabri Tekli, \u0130zmir \u0130l Emniyet M\u00fcd\u00fcrl\u00fc\u011f\u00fc g\u00f6revine atanan Mehmet \u015eahne\u2019yi makam\u0131nda ziyaret etti.<\/p>\n<p>Mersin Tarsus Organize Sanayi B\u00f6lgesi Ba\u015fkan\u0131 Sabri Tekli, Mersin \u0130l Emniyet M\u00fcd\u00fcrl\u00fc\u011f\u00fc g\u00f6revini y\u00fcr\u00fct\u00fcrken, Cumhurba\u015fkanl\u0131\u011f\u0131 Kararnamesiyle \u0130zmir \u0130l Emniyet M\u00fcd\u00fcrl\u00fc\u011f\u00fc g\u00f6revine atanan Mehmet \u015eahne\u2019yi makam\u0131nda ziyaret ederek hay\u0131rl\u0131 olsun dileklerini iletti.<\/p>\n<p>Ziyaret s\u0131ras\u0131nda konu\u015fan Ba\u015fkan Tekli, \u2018Say\u0131n M\u00fcd\u00fcr\u00fcm\u00fcz\u00fcn Mersin\u2019e b\u00fcy\u00fck emekleri var. Kentimizin asayi\u015fi i\u00e7in gece g\u00fcnd\u00fcz demeden \u00e7al\u0131\u015fan Say\u0131n \u015eahne ve ekibine kentimiz ad\u0131na \u015f\u00fckran bor\u00e7luyuz. Kendisine yeni g\u00f6revinde ba\u015far\u0131lar diliyorum\u2019 dedi.<\/p>\n<p>\u0130zmir \u0130l Emniyet M\u00fcd\u00fcr\u00fc \u015eahne ise ziyaretten duydu\u011fu memnuniyeti dile getirdi. <\/p>\n","protected":false},"excerpt":{"rendered":"<p>Ba\u015fkan Tekli\u2019den, \u015eahne\u2019ye hay\u0131rl\u0131 olsun ziyareti MTOSB Ba\u015fkan\u0131 Sabri Tekli, \u0130zmir \u0130l Emniyet M\u00fcd\u00fcrl\u00fc\u011f\u00fc g\u00f6revine atanan Mehmet \u015eahne\u2019yi makam\u0131nda ziyaret etti. Mersin Tarsus Organize Sanayi B\u00f6lgesi Ba\u015fkan\u0131 Sabri Tekli, Mersin &hellip; <a href=\"https:\/\/akdenizolaygazetesi.com\/?p=14747\" class=\"more-link\">Devam\u0131n\u0131 Oku&#8230;<\/a><\/p>\n","protected":false},"author":2,"featured_media":14748,"comment_status":"open","ping_status":"open","sticky":false,"template":"","format":"standard","meta":[],"categories":[3,5],"tags":[],"_links":{"self":[{"href":"https:\/\/akdenizolaygazetesi.com\/index.php?rest_route=\/wp\/v2\/posts\/14747"}],"collection":[{"href":"https:\/\/akdenizolaygazetesi.com\/index.php?rest_route=\/wp\/v2\/posts"}],"about":[{"href":"https:\/\/akdenizolaygazetesi.com\/index.php?rest_route=\/wp\/v2\/types\/post"}],"author":[{"embeddable":true,"href":"https:\/\/akdenizolaygazetesi.com\/index.php?rest_route=\/wp\/v2\/users\/2"}],"replies":[{"embeddable":true,"href":"https:\/\/akdenizolaygazetesi.com\/index.php?rest_route=%2Fwp%2Fv2%2Fcomments&post=14747"}],"version-history":[{"count":1,"href":"https:\/\/akdenizolaygazetesi.com\/index.php?rest_route=\/wp\/v2\/posts\/14747\/revisions"}],"predecessor-version":[{"id":14749,"href":"https:\/\/akdenizolaygazetesi.com\/index.php?rest_route=\/wp\/v2\/posts\/14747\/revisions\/14749"}],"wp:featuredmedia":[{"embeddable":true,"href":"https:\/\/akdenizolaygazetesi.com\/index.php?rest_route=\/wp\/v2\/media\/14748"}],"wp:attachment":[{"href":"https:\/\/akdenizolaygazetesi.com\/index.php?rest_route=%2Fwp%2Fv2%2Fmedia&parent=14747"}],"wp:term":[{"taxonomy":"category","embeddable":true,"href":"https:\/\/akdenizolaygazetesi.com\/index.php?rest_route=%2Fwp%2Fv2%2Fcategories&post=14747"},{"taxonomy":"post_tag","embeddable":true,"href":"https:\/\/akdenizolaygazetesi.com\/index.php?rest_route=%2Fwp%2Fv2%2Ftags&post=14747"}],"curies":[{"name":"wp","href":"https:\/\/api.w.org\/{rel}","templated":true}]}}