{"id":1475,"date":"2020-11-04T18:22:02","date_gmt":"2020-11-04T15:22:02","guid":{"rendered":"http:\/\/mersinekonomipolitikagazetesi.com\/?p=1475"},"modified":"2020-11-04T18:22:02","modified_gmt":"2020-11-04T15:22:02","slug":"ayak-piyanosunu-gorenler-once-sasiriyor-sonra-muzigin-tadini-cikariyor","status":"publish","type":"post","link":"https:\/\/akdenizolaygazetesi.com\/?p=1475","title":{"rendered":"Ayak piyanosunu g\u00f6renler \u00f6nce \u015fa\u015f\u0131r\u0131yor, sonra m\u00fczi\u011fin tad\u0131n\u0131 \u00e7\u0131kar\u0131yor"},"content":{"rendered":"<p>Mersin K\u00fclt\u00fcr Park\u2019ta kullan\u0131ma sunulan ayak piyanosu vatanda\u015flar taraf\u0131ndan ilgiyle kar\u015f\u0131lan\u0131yor.<\/p>\n<p style=\"margin: 0px; padding: 5px 0px; border: 0px; font-stretch: inherit; font-size: 12pt; line-height: 22px; font-family: pt_sansregular, Arial, Helvetica; vertical-align: baseline; color: rgb(64, 70, 74); letter-spacing: 0.5pt;\">Parka yerle\u015ftirilen ayak piyanosunu g\u00f6ren vatanda\u015flar \u00f6nce \u015fa\u015f\u0131r\u0131rken, daha sonra \u00e7e\u015fitli ezgiler ve notalar \u00e7alarak m\u00fczi\u011fin tad\u0131n\u0131 \u00e7\u0131kar\u0131yor.<\/p>\n<p>\u00a0<\/p>\n<p style=\"margin: 0px; padding: 5px 0px; border: 0px; font-stretch: inherit; font-size: 12pt; line-height: 22px; font-family: pt_sansregular, Arial, Helvetica; vertical-align: baseline; color: rgb(64, 70, 74); letter-spacing: 0.5pt;\">Mersin\u2019in kent esteti\u011fi y\u00f6n\u00fcnden geli\u015ftirilmesi amac\u0131yla ba\u015flat\u0131lan \u00e7al\u0131\u015fmalar kapsam\u0131nda Mersin K\u00fclt\u00fcr Park\u2019ta yap\u0131lan d\u00fczenlemeler devam ediyor. Mersin B\u00fcy\u00fck\u015fehir Belediyesi Park ve Bah\u00e7eler Dairesi Ba\u015fkanl\u0131\u011f\u0131 Kent Esteti\u011fi \u015eube M\u00fcd\u00fcrl\u00fc\u011f\u00fc ekipleri taraf\u0131ndan yap\u0131lan \u00e7al\u0131\u015fmalar sonucunda yerle\u015ftirilen ayak piyanosu, Mersin K\u00fclt\u00fcr Park\u2019ta yerini ald\u0131. Parka giden vatanda\u015flar 125 santimetre eninde 350 santimetre uzunlu\u011funda \u00f6l\u00e7\u00fclere sahip olan 24 tu\u015flu, 2 oktav ses aral\u0131\u011f\u0131na sahip piyano ile \u00e7e\u015fitli m\u00fczikleri ayaklar\u0131 ile \u00e7alabiliyorlar. D\u0131\u015f ortamdan kaynaklanan sorunlara kar\u015f\u0131 dayan\u0131kl\u0131 olan ayak piyanosu, s\u0131v\u0131ya dayan\u0131kl\u0131 olarak kimyasal madde ile preslenerek kompakt malzemeden \u00fcretildi. Metal yerleri sac malzemeden yap\u0131lan ayak piyanosu 12 volt elektrik ile \u00e7al\u0131\u015f\u0131yor ve y\u00fcksek voltaj riski bulunmuyor. Sabah saat 06.00 ile ak\u015fam 23.00 aras\u0131nda faaliyet g\u00f6sterecek olan ayak piyanosunda hangi tu\u015fa bas\u0131l\u0131rsa bas\u0131ls\u0131n \u015fark\u0131n\u0131n s\u0131radaki notas\u0131 \u00e7al\u0131n\u0131yor, kay\u0131tl\u0131 eserler ise rastgele olarak se\u00e7iliyor. Ayak piyanosunu g\u00f6ren vatanda\u015flar \u00f6nce \u015fa\u015f\u0131r\u0131rken daha sonra ise m\u00fczi\u011fin keyfini \u00e7\u0131kart\u0131yor.<\/p>\n<p>\u00a0<\/p>\n<p style=\"margin: 0px; padding: 5px 0px; border: 0px; font-stretch: inherit; font-size: 12pt; line-height: 22px; font-family: pt_sansregular, Arial, Helvetica; vertical-align: baseline; color: rgb(64, 70, 74); letter-spacing: 0.5pt;\">Ayak piyanosu ile ilk kez bulu\u015fan Muzaffer \u015eahin, \u00e7ok memnun oldu\u011funu, \u00e7alarken mutlu oldu\u011funu ifade etti. \u015eahin, &#8220;Buras\u0131 \u00e7ok g\u00fczel oldu. Parkta yap\u0131lan d\u00fczenlemeler ho\u015fumuza gitti. Biraz ye\u015fillik gitmi\u015f ama oras\u0131 burada telafi ediliyor. K\u0131y\u0131lar g\u00fczel olmu\u015f. Eme\u011fi ge\u00e7enlere te\u015fekk\u00fcr ediyorum. Bu piyanoda ilgin\u00e7 ve g\u00fczel olmu\u015f. Ben de ilk defa denedim. Piyano \u00e7almak g\u00fczelmi\u015f. Acemisi oldu\u011fum halde gayet g\u00fczel \u00e7ald\u0131m. Ben bu i\u015fe devam edece\u011fim, \u00e7\u00fcnk\u00fc ho\u015fuma gitti&#8221; diye konu\u015ftu.<\/p>\n<p>\u00a0<\/p>\n<p style=\"margin: 0px; padding: 5px 0px; border: 0px; font-stretch: inherit; font-size: 12pt; line-height: 22px; font-family: pt_sansregular, Arial, Helvetica; vertical-align: baseline; color: rgb(64, 70, 74); letter-spacing: 0.5pt;\">Emekli m\u00fczik \u00f6\u011fretmeni Ahmet K\u0131l\u0131\u00e7 ise konservatuvar mezunu oldu\u011funu, eskiden uzun s\u00fcre piyano \u00e7ald\u0131\u011f\u0131n\u0131 ifade etti. M\u00fczik \u00f6\u011fretmeni olmas\u0131na ra\u011fmen b\u00f6yle bir \u015feyi ilk defa g\u00f6rd\u00fc\u011f\u00fcn\u00fc vurgulayan K\u0131l\u0131\u00e7, &#8220;\u00c7ok g\u00fczel olmu\u015f. \u00d6zellikle de kullan\u0131lmas\u0131 tam kavranabilirse \u00e7ok daha g\u00fczel olur. Tabi piyano \u00e7almak yetenek isteyen bir \u015fey. Yetenek varsa ve e\u011fitim alm\u0131\u015fsa herkes piyano \u00e7alabilir. Buradaki tabi ki de yar\u0131 da oyun. \u00c7ocuklar i\u00e7in bu g\u00fczel olmu\u015f. \u00c7ocuklar\u0131 piyanoya te\u015fvik edici bir \u015fey. G\u00fczel olmu\u015f&#8221; \u015feklinde konu\u015ftu.<\/p>\n<p style=\"margin: 0px; padding: 5px 0px; border: 0px; font-stretch: inherit; font-size: 12pt; line-height: 22px; font-family: pt_sansregular, Arial, Helvetica; vertical-align: baseline; color: rgb(64, 70, 74); letter-spacing: 0.5pt;\">\u00a0<\/p>\n<p><span style=\"color: rgb(64, 70, 74); font-family: pt_sansregular, Arial, Helvetica; font-size: 12pt; letter-spacing: 0.5pt; line-height: 22px;\">M\u00fczi\u011fin bir yetenek i\u015fi oldu\u011funu kaydeden K\u0131l\u0131\u00e7, &#8220;Yetene\u011fi olanlar m\u00fczik e\u011fitimi als\u0131nlar isterim. \u00c7\u00fcnk\u00fc m\u00fczikle u\u011fra\u015fmak harika bir \u015fey. M\u00fczikle u\u011fra\u015fan ki\u015fi do\u011fay\u0131, insanlar\u0131, ya\u015famay\u0131 sever. K\u0131sacas\u0131 her \u015feyi sever. M\u00fczikle ilgilenen insanlar\u0131n kavgayla, d\u00f6v\u00fc\u015fle, sava\u015fla i\u015fi olmaz. Her zaman kavgas\u0131z, sava\u015fs\u0131z, g\u00fczel bir d\u00fcnya isterler&#8221; dedi.<\/span><\/p>\n<p style=\"margin: 0px; padding: 5px 0px; border: 0px; font-stretch: inherit; font-size: 12pt; line-height: 22px; font-family: pt_sansregular, Arial, Helvetica; vertical-align: baseline; color: rgb(64, 70, 74); letter-spacing: 0.5pt;\">\u00a0<\/p>\n","protected":false},"excerpt":{"rendered":"<p>Mersin K\u00fclt\u00fcr Park\u2019ta kullan\u0131ma sunulan ayak piyanosu vatanda\u015flar taraf\u0131ndan ilgiyle kar\u015f\u0131lan\u0131yor. Parka yerle\u015ftirilen ayak piyanosunu g\u00f6ren vatanda\u015flar \u00f6nce \u015fa\u015f\u0131r\u0131rken, daha sonra \u00e7e\u015fitli ezgiler ve notalar \u00e7alarak m\u00fczi\u011fin tad\u0131n\u0131 \u00e7\u0131kar\u0131yor. \u00a0 &hellip; <a href=\"https:\/\/akdenizolaygazetesi.com\/?p=1475\" class=\"more-link\">Devam\u0131n\u0131 Oku&#8230;<\/a><\/p>\n","protected":false},"author":1,"featured_media":0,"comment_status":"open","ping_status":"open","sticky":false,"template":"","format":"standard","meta":[],"categories":[],"tags":[],"_links":{"self":[{"href":"https:\/\/akdenizolaygazetesi.com\/index.php?rest_route=\/wp\/v2\/posts\/1475"}],"collection":[{"href":"https:\/\/akdenizolaygazetesi.com\/index.php?rest_route=\/wp\/v2\/posts"}],"about":[{"href":"https:\/\/akdenizolaygazetesi.com\/index.php?rest_route=\/wp\/v2\/types\/post"}],"author":[{"embeddable":true,"href":"https:\/\/akdenizolaygazetesi.com\/index.php?rest_route=\/wp\/v2\/users\/1"}],"replies":[{"embeddable":true,"href":"https:\/\/akdenizolaygazetesi.com\/index.php?rest_route=%2Fwp%2Fv2%2Fcomments&post=1475"}],"version-history":[{"count":0,"href":"https:\/\/akdenizolaygazetesi.com\/index.php?rest_route=\/wp\/v2\/posts\/1475\/revisions"}],"wp:attachment":[{"href":"https:\/\/akdenizolaygazetesi.com\/index.php?rest_route=%2Fwp%2Fv2%2Fmedia&parent=1475"}],"wp:term":[{"taxonomy":"category","embeddable":true,"href":"https:\/\/akdenizolaygazetesi.com\/index.php?rest_route=%2Fwp%2Fv2%2Fcategories&post=1475"},{"taxonomy":"post_tag","embeddable":true,"href":"https:\/\/akdenizolaygazetesi.com\/index.php?rest_route=%2Fwp%2Fv2%2Ftags&post=1475"}],"curies":[{"name":"wp","href":"https:\/\/api.w.org\/{rel}","templated":true}]}}