{"id":14750,"date":"2021-10-19T11:49:49","date_gmt":"2021-10-19T08:49:49","guid":{"rendered":"http:\/\/akdenizolaygazetesi.com\/?p=14750"},"modified":"2021-10-19T11:49:49","modified_gmt":"2021-10-19T08:49:49","slug":"haydi-hep-beraber-buyurun-ankaranin-yolunu-tutalim","status":"publish","type":"post","link":"https:\/\/akdenizolaygazetesi.com\/?p=14750","title":{"rendered":"\u201cHAYD\u0130; HEP BERABER BUYURUN ANKARA\u2019NIN YOLUNU TUTALIM\u201d"},"content":{"rendered":"<p>Mersin B\u00fcy\u00fck\u015fehir Belediye Meclisi\u2019nin 2021 y\u0131l\u0131 Ekim ay\u0131 Ola\u011fan Toplant\u0131s\u0131n\u0131n 2. Birle\u015fimi, B\u00fcy\u00fck\u015fehir Belediye Ba\u015fkan\u0131 Vahap Se\u00e7er ba\u015fkanl\u0131\u011f\u0131nda Kongre ve Sergi Saray\u0131\u2019nda ger\u00e7ekle\u015ftirildi. Ba\u015fkan Se\u00e7er, toplant\u0131da Mersinlileri yak\u0131ndan ilgilendiren ana konteyner liman\u0131 ve polipropilen tesisiyle ilgili a\u00e7\u0131klamalarda bulundu. Meclis \u00fcyelerine kenti ilgilendiren konularda parti ayr\u0131m\u0131 g\u00f6zetmeksizin Ankara\u2019ya gitme talebini yineleyen Ba\u015fkan Se\u00e7er, \u201cBurada hamasi nutuklar atarak Mersin\u2019i kalk\u0131nd\u0131ramay\u0131z. Bizim a\u011fz\u0131m\u0131za bir parmak bal s\u00fcrerler, oturur kal\u0131r\u0131z yerimizde. Haydi; hep beraber buyurun Ankara\u2019n\u0131n yolunu tutal\u0131m\u201d dedi.<br \/>\n\u201cKenti y\u00f6netirken muhtarlar\u0131m\u0131zla i\u015f birli\u011fi halinde olmam\u0131z son derece \u00f6nemli\u201d<br \/>\nBa\u015fkan Se\u00e7er, 19 Ekim\u2019de kutlanacak olan Muhtarlar G\u00fcn\u00fc\u2019n\u00fc hat\u0131rlatarak ba\u015flad\u0131\u011f\u0131 konu\u015fmas\u0131nda, muhtarlar\u0131n demokrasinin en \u00f6nemli unsurlar\u0131ndan biri oldu\u011funu s\u00f6yledi. Se\u00e7er, \u201cBelediye Ba\u015fkanlar\u0131 olarak \u015funun fark\u0131nday\u0131z; kenti idare ederken, kenti y\u00f6netirken vatanda\u015flar\u0131m\u0131z\u0131n sorunlar\u0131n\u0131 \u00e7\u00f6zerken mutlaka muhtarlar\u0131m\u0131zla i\u015f birli\u011fi halinde bunu ger\u00e7ekle\u015ftirmemiz, hem bizlerin a\u00e7\u0131s\u0131ndan hem kendileri a\u00e7\u0131s\u0131ndan ama as\u0131l \u00f6nemlisi vatanda\u015flar\u0131m\u0131z\u0131n taleplerinin, sorunlar\u0131n\u0131n \u00e7\u00f6z\u00fclmesi a\u00e7\u0131s\u0131ndan son derece \u00f6nemlidir. Bug\u00fcne kadar oldu\u011fu gibi bundan sonra da muhtarlar\u0131m\u0131zla bu anlay\u0131\u015fla, bu bilin\u00e7le ili\u015fkilerimizi s\u00fcrd\u00fcrece\u011fiz\u201d dedi.<br \/>\nSe\u00e7er, polipropilen tesisinin mahkeme s\u00fcrecinden bahsetti<br \/>\nBa\u015fkan Se\u00e7er, Mersin\u2019in ve Mersin B\u00fcy\u00fck\u015fehir Belediye Meclisi\u2019nin yak\u0131ndan takip etti\u011fi ana konteyner liman\u0131 ile yap\u0131lmas\u0131 planlanan polipropilen tesisi ile ilgili mahkeme s\u00fcre\u00e7lerinde ya\u015fanan baz\u0131 geli\u015fmeleri Meclis \u00fcyelerine aktard\u0131. Ana konteyner liman\u0131n\u0131n yer se\u00e7imi s\u00fcreciyle ilgili bilgiler veren Ba\u015fkan Se\u00e7er, polipropilen tesisi kurulmas\u0131 amac\u0131yla da \u00c7ED raporu haz\u0131rland\u0131\u011f\u0131n\u0131 an\u0131msatt\u0131. Se\u00e7er, \u015f\u00f6yle devam etti:<br \/>\n\u201cBelediyemiz dava a\u00e7t\u0131. Odalar, sivil toplum kurulu\u015flar\u0131 m\u00fcdahil olarak kat\u0131ld\u0131lar ve mahkemeden \u00c7ED raporu iptal edildi. Daha sonras\u0131nda s\u00f6z konusu b\u00f6lge \u00c7evre ve \u015eehircilik Bakanl\u0131\u011f\u0131 taraf\u0131ndan 15 Eyl\u00fcl 2021 tarihinde \u00f6zel g\u00fcvenlik b\u00f6lgesi olarak ilan edildi. Bu durum sonras\u0131nda s\u00f6z konusu b\u00f6lge 1\/100.000 \u00f6l\u00e7ekli \u00c7evre D\u00fczeni Plan\u0131\u2019nda hem \u00f6zel end\u00fcstri b\u00f6lgesi; eminim ki bir\u00e7ok Meclis \u00fcyemizin bu gidi\u015fattan k\u0131smen haberi vard\u0131r ama ben detay bilgi vermek istiyorum; hem de \u00f6zel askeri g\u00fcvenlik b\u00f6lgesi haline getirildi. Yani \u00fczerinde \u015fu anda iki karar var. 1\/100.000 \u00f6l\u00e7ekli \u00c7evre D\u00fczeni Plan\u0131\u2019nda askeri yasak ve g\u00fcvenlik b\u00f6lgesi ilan edilmesinin ard\u0131ndan plan\u0131n ask\u0131 s\u00fcreci tamamland\u0131 ancak s\u00f6z konusu i\u015fleme B\u00fcy\u00fck\u015fehir Belediyesi olarak itiraz\u0131m\u0131z\u0131 yapt\u0131k. \u00d6zel End\u00fcstri B\u00f6lgesi\u2019nin onaylanan planlar\u0131na ve yer se\u00e7imine kar\u015f\u0131 a\u00e7\u0131lan davalar devam ederken, bu de\u011fi\u015fikli\u011fin amac\u0131n\u0131n ne oldu\u011fu sorusunun cevab\u0131n\u0131 Mersin kamuoyu merak ediyor. A\u00e7\u0131k\u00e7as\u0131 ben \u00e7ok merak etmiyorum. \u00c7\u00fcnk\u00fc meraktan ziyade \u00f6ng\u00f6r\u00fclerim var. S\u00f6z konusu b\u00f6lge yakla\u015f\u0131k olarak 1 milyon 92 bin 551 metrekarelik bir alan\u0131 kaps\u0131yor. Bunun 400 bin metrekare alan\u0131 bu tesisi kuracak firmaya \u015fartl\u0131 olarak Hazine taraf\u0131ndan tahsisi yap\u0131lm\u0131\u015f. \u015eu anlam \u00e7\u0131k\u0131yor; 1 milyon 100 bin metrekare dersek bunun 400 dekar\u0131n\u0131 d\u00fc\u015felim, 700 dekar\u0131 \u00f6zel m\u00fclk ama 400 dekar\u0131 Hazine arazisi ve bu firmaya \u015fartl\u0131 olarak tahsis ediliyor polipropilen tesisi yap\u0131lmak \u00fczere. B\u00f6lgenin \u00f6zel end\u00fcstri b\u00f6lgesi ilan edilmemesi durumunda bu 1100 d\u00f6n\u00fcml\u00fck alan\u0131n ki dava s\u00fcreci devam ediyor. \u00c7ED tamamland\u0131, \u00c7ED iptal edildi ama yer se\u00e7imi konusunda a\u00e7t\u0131\u011f\u0131m\u0131z dava devam ediyor. Mahkeme karar verdi, \u2018biz \u00c7ED\u2019i iptal ettik burada yer se\u00e7imi yanl\u0131\u015ft\u0131r\u2019 dedi\u011fi noktada bu alan ana konteyner liman\u0131n\u0131n kara sahas\u0131n\u0131 olu\u015fturacak, bizim bekledi\u011fimiz, istedi\u011fimiz ana konteyner liman\u0131n\u0131n kara sahas\u0131n\u0131 olu\u015fturacak alan olacak.\u201d<br \/>\nMersin B\u00fcy\u00fck\u015fehir Belediyesi olarak o b\u00f6lgede 2. Etap 1\/5000\u2019lik Naz\u0131m \u0130mar Plan\u0131 \u00e7al\u0131\u015fmalar\u0131nda d\u00fczenleme yapacaklar\u0131n\u0131 ifade eden Se\u00e7er, yapacaklar\u0131 i\u015flemlerin imar tekni\u011fine uygun olaca\u011f\u0131n\u0131 s\u00f6yledi. Se\u00e7er, \u201cBizim oradan 382 bin metrekarelik bir belediye hizmet alan\u0131 \u00e7\u0131karma imkan\u0131m\u0131z olacak. % 35 civar\u0131nda bir kesinti yapsak 382 dekarl\u0131k bir alan \u00e7\u0131kacak. Bu \u00f6nemli bir aland\u0131r. \u0130\u015fte buran\u0131n, mahkemenin \u2018arkada\u015f buraya polipropilen tesisi olmaz, \u00f6zel end\u00fcstri alan\u0131 olmaz\u2019 dedi\u011fi noktada ikinci karar devreye girecek. \u00d6zel g\u00fcvenlik b\u00f6lgesi olarak biz buraya m\u00fcdahale edemeyece\u011fiz ve bu alan devletin h\u00fck\u00fcm ve tasarrufu alt\u0131nda olmaya devam edecek. Belediye olarak sadece oray\u0131 izleyece\u011fiz. B\u00fct\u00fcn bu al\u0131nan kararlar \u00f6yle anl\u0131yorum ki bunlar \u00f6ng\u00f6r\u00fcd\u00fcr, umut ederim bir ger\u00e7e\u011fe, somuta d\u00f6n\u00fc\u015fmez. Ne yap\u0131p ne edip ana konteyner liman\u0131 projesini Mersin\u2019in g\u00fcndeminden kald\u0131rmak diye d\u00fc\u015f\u00fcn\u00fcyorum. S\u00fcreci hep beraber takip edece\u011fiz\u201d dedi.<br \/>\n\u201cHamasi nutuklar atarak Mersin\u2019i kalk\u0131nd\u0131ramay\u0131z\u201d<br \/>\nBa\u015fkan Se\u00e7er, bir talebini tekrarlamak istedi\u011fini ifade ederek, Cumhur \u0130ttifak\u0131\u2019na mensup Meclis \u00fcyelerine y\u00f6nelik olarak \u015funlar\u0131 s\u00f6yledi:<br \/>\n\u201cBen Meclis\u2019teki ana muhalefet partisinin, Cumhuriyet Halk Partisi\u2019nin Belediye Ba\u015fkan\u0131y\u0131m. Ancak Meclis\u2019i olu\u015fturan Meclis \u00fcyelerimiz parlamentoda grubu bulunan, bulunmayan siyasi partileri temsil eden Meclis \u00fcyelerinden olu\u015fuyor. Bu i\u015f burada oturmakla olmaz. Biz burada hamasi nutuklar atarak Mersin\u2019i kalk\u0131nd\u0131ramay\u0131z, Mersin\u2019i geli\u015ftiremeyiz. Bizim a\u011fz\u0131m\u0131za bir parmak bal s\u00fcrerler, oturur kal\u0131r\u0131z yerimizde. 10 y\u0131ld\u0131r bitmeyen havaalan\u0131 gibi, devam etmesi gereken \u00c7e\u015fmeli-Ta\u015fucu otoban ba\u011flant\u0131 yolu gibi, Antalya-Ta\u015fucu aras\u0131 Gazipa\u015fa-Ta\u015fucu aras\u0131nda sahilde yap\u0131lan yol gibi, ana konteyner liman\u0131 gibi bir\u00e7ok konuyu biz burada kendi aram\u0131zda tart\u0131\u015f\u0131r\u0131z. Tart\u0131\u015f\u0131r\u0131z bir \u015fey yapt\u0131\u011f\u0131m\u0131z\u0131 zannederiz. Taraftarlar\u0131m\u0131z bizi alk\u0131\u015flar, \u00fc\u00e7 be\u015f tane ufak tefek proje yapar\u0131z. Oysa biz T\u00fcrkiye\u2019nin en y\u00fcksek vergi tahakkuk edilen 5., 6. , en fazla 7. ili olmaya devam ederiz ama hizmetlerde de hep 20. s\u0131ralarda oluruz. Cumhur \u0130ttifak\u0131\u2019na mensup arkada\u015flar\u0131m\u0131za \u00f6zellikle grup s\u00f6zc\u00fclerine buradan seslenmek istiyorum; alal\u0131m dosyalar\u0131, b\u00f6lgenin sorunlar\u0131n\u0131, beklentilerini ba\u015fta ben olmak \u00fczere siyasi ya da b\u00fcrokratik t\u00fcm akt\u00f6rler bir anda gidip bu konular\u0131n muhatab\u0131yla birebir konu\u015fmam\u0131z\u0131 tavsiye ediyorum.\u201d<br \/>\n\u201cHaydi; hep beraber buyurun Ankara\u2019n\u0131n yolunu tutal\u0131m\u201d<br \/>\nAnkara\u2019n\u0131n kendilerini birinci a\u011f\u0131zdan dinlemeleri gerekti\u011fini, di\u011fer illerdeki kimi partilerin sorunlar\u0131n\u0131 bu \u015fekilde \u00e7\u00f6zd\u00fcklerini vurgulayan Se\u00e7er, \u201cO ilin menfaati varsa gidip beraber bunu talep ediyorlar. Talep etmezseniz alam\u0131yorsunuz. \u0130\u015finizi takip etmezseniz kimse sizin ad\u0131n\u0131za i\u015fi takip etmiyor. Belli imkan\u0131 var, belli b\u00fct\u00e7eleri var Ankara\u2019n\u0131n, kim i\u015fini takip ederse onlar\u0131n elinde kal\u0131yor. Haydi; hep beraber buyurun Ankara\u2019n\u0131n yolunu tutal\u0131m\u201d dedi.<br \/>\nSe\u00e7er, Mersin Liman\u0131\u2019n\u0131n mahkeme s\u00fcrecinden bahsetti<br \/>\nMersin Liman\u0131\u2019n\u0131n geni\u015fletilmesine y\u00f6nelik konuda da baz\u0131 ilgi \u00e7ekici geli\u015fmeler ya\u015fand\u0131\u011f\u0131n\u0131 belirten Ba\u015fkan Se\u00e7er, \u015f\u00f6yle devam etti:<br \/>\n\u201cB\u00fcy\u00fck\u015fehir Belediyesi olarak a\u00e7t\u0131\u011f\u0131m\u0131z davada Mersin 2. \u0130dare Mahkemesi\u2019nin verdi\u011fi y\u00fcr\u00fctmeyi durdurma karar\u0131n\u0131n ard\u0131ndan s\u00f6z konusu dava Adana B\u00f6lge Mahkemesi\u2019nden de oy \u00e7oklu\u011fuyla y\u00fcr\u00fctmeyi durdurma karar\u0131 olarak \u00e7\u0131kt\u0131. Bu s\u00fcre\u00e7te daval\u0131 Mersin Liman \u0130\u015fletmecili\u011fi A.\u015e., \u0130stanbul Teknik \u00dcniversitesi Konut Uygulama ve Ara\u015ft\u0131rma Merkezi M\u00fcd\u00fcrl\u00fc\u011f\u00fc d\u00f6ner sermaye ad\u0131na \u00fccret de yat\u0131rarak, Mimarl\u0131k Fak\u00fcltesi \u015eehir ve Planlama B\u00f6l\u00fcm\u00fc \u00d6\u011fretim \u00dcyelerinden olu\u015fan bir heyete \u2018kapasite art\u0131\u015f\u0131n\u0131n sorun te\u015fkil etmedi\u011fine\u2019 dair bir rapor haz\u0131rlatt\u0131. Bunu resen yapt\u0131, mahkemenin talebi \u00fczerine de\u011fil. Ancak bu rapor, yine mahkemenin yasal olarak mahkemenin elinde olan haz\u0131rlat\u0131lan raporla i\u00e7erik olarak ba\u011fda\u015fm\u0131yor. Birbiriyle \u00e7eli\u015fen bilgiler var. \u015eimdi burada B\u00f6lge \u0130dare Mahkemesi 15 Eyl\u00fcl 2021 tarihinde bir ara karar veriyor ve be\u015f ki\u015filik bir bilirki\u015fi heyeti olu\u015fturulmas\u0131 ve naip \u00fcye atanmas\u0131 y\u00f6n\u00fcnde karar ortaya koyuyor. Yani bu atanacak \u00fcyelere, \u2018bu iki ayr\u0131 raporu bir mahkemenin yasal olarak d\u00fczenletti\u011fi raporu bir di\u011feri de muhatap kurulu\u015fun resen kendince bir \u00fcniversitenin d\u00f6ner sermayesine para yat\u0131rarak haz\u0131rlatt\u0131\u011f\u0131 raporu bir inceleyin\u2019 diyor. \u015eimdi burada iki tane tuhaf, ayr\u0131 konu var bana g\u00f6re. Resen haz\u0131rlanm\u0131\u015f, biri mahkeme talimat\u0131 olmadan raporun haz\u0131rlanmas\u0131 ve ikincisi de mahkemenin bu raporu dikkate al\u0131p kendinin haz\u0131rlatt\u0131\u011f\u0131 raporla mukayese \u015fans\u0131n\u0131 yaratmas\u0131 bir kurul olu\u015fturmas\u0131 ve tekrar incelemeye al\u0131nmas\u0131. Bu da takip edilmesi gereken \u00f6nemli bir konu diye dikkatinize sunmak istedim.\u201d<br \/>\nAdnan Menderes Bulvar\u0131\u2019nda h\u0131z s\u0131n\u0131r\u0131 50 km\u2019ye d\u00fc\u015f\u00fcr\u00fcld\u00fc<br \/>\nBa\u015fkan Se\u00e7er, UKOME karar\u0131 ile Adnan Menderes Bulvar\u0131\u2019nda h\u0131z s\u0131n\u0131r\u0131n\u0131n 70 km\/saatten 50 km\/saate d\u00fc\u015f\u00fcr\u00fcld\u00fc\u011f\u00fcn\u00fcn bilgisini verdi. Adnan Menderes Bulvar\u0131 boyunca gezinti alan\u0131, bisiklet yolu ve insanlar\u0131n zaman ge\u00e7irdi\u011fi 400 dekar b\u00fcy\u00fckl\u00fc\u011f\u00fcndeki park alanlar\u0131nda yo\u011fun bir insan sirk\u00fclasyonu oldu\u011funu s\u00f6zlerine ekleyen Se\u00e7er, \u201cBiz bu h\u0131z s\u0131n\u0131r\u0131n\u0131n yaya g\u00fcvenli\u011fini tehlikeye d\u00fc\u015f\u00fcrd\u00fc\u011f\u00fc gerek\u00e7esiyle 50 km ile s\u0131n\u0131rland\u0131r\u0131lmas\u0131na karar verdik. Bunu al\u0131rken de tabi baz\u0131 verileri g\u00f6z \u00f6n\u00fcne ald\u0131k. \u00c7ok ciddi tehlikeler oluyor, can kayb\u0131na neden olacak kaza tehlikesi. 2015\u2019ten bug\u00fcne kadar ortalama her y\u0131l 85 trafik kazas\u0131 olmu\u015f ve tamam\u0131nda da yaralamal\u0131 olmu\u015f. Her y\u0131l\u0131n ortalamas\u0131 yaral\u0131 say\u0131s\u0131 olarak ortalama 118, 7 y\u0131lda 826 yaral\u0131. 7 \u00f6l\u00fcml\u00fc kaza olmu\u015f. Her y\u0131l 1 \u00f6l\u00fcml\u00fc kaza oluyor\u201d dedi.<br \/>\nBa\u015fkan Se\u00e7er, \u00f6zellikle pandemiden sonra insanlar\u0131n Adnan Menderes Bulvar\u0131 \u00fczerinde bulunan parklar\u0131 kullan\u0131m oran\u0131n\u0131n 2 kat artt\u0131\u011f\u0131n\u0131 ifade ederek, \u201c\u00d6n\u00fcm\u00fczdeki g\u00fcnlerde daha vahim neticeli kazalarla kar\u015f\u0131la\u015fmamak ad\u0131na bu karar\u0131 ald\u0131k. Zaten 2021 y\u0131l\u0131 Mersin Ula\u015f\u0131m Ana Plan\u0131\u2019nda da; bizim de bu tabii ki istedi\u011fimiz bir durum; yayala\u015ft\u0131r\u0131lm\u0131\u015f alanlar\u0131 art\u0131raca\u011f\u0131z. Bundan sonra trafikte seyreden s\u00fcr\u00fcc\u00fclerimizin, Adnan Menderes Bulvar\u0131\u2019ndaki h\u0131z s\u0131n\u0131r\u0131n\u0131n 50 km\/saat oldu\u011funu bilmesini ve buna uymalar\u0131n\u0131 arzu ediyoruz yayalar\u0131m\u0131z\u0131n g\u00fcvenli\u011fi a\u00e7\u0131s\u0131ndan\u201d diye konu\u015ftu.<br \/>\n3. \u00c7evreyolu konusunda vatanda\u015flardan olduk\u00e7a \u015fik\u00e2yet ald\u0131klar\u0131n\u0131 ifade eden Ba\u015fkan Se\u00e7er, k\u0131sa s\u00fcrede \u00e7al\u0131\u015fmalara ba\u015flayacaklar\u0131n\u0131 ve 4. \u00c7evreyolu gibi konforlu bir hale getireceklerini s\u00f6yledi. Ba\u015fkan Se\u00e7er, kent genelinde 31 adet tek tip taksi durak kul\u00fcbesi yap\u0131laca\u011f\u0131n\u0131 bildirdi.<br \/>\n29 Ekim Cumhuriyet Bayram\u0131 konserlerle kutlanacak<br \/>\nSe\u00e7er, 29 Ekim Cumhuriyet Bayram\u0131\u2019nda B\u00fcy\u00fck\u015fehir Belediyesi olarak d\u00fczenleyecekleri etkinliklerin de duyurusunu yapt\u0131. Cumhuriyetin 98. y\u0131l\u0131na yak\u0131\u015f\u0131r bir bi\u00e7imde bir dizi etkinlik yapacaklar\u0131n\u0131 ifade eden Ba\u015fkan Se\u00e7er, \u201cGen\u00e7lerimiz konserlere \u00e7ok ra\u011fbet g\u00f6steriyor. Onlar i\u00e7in 28 Ekim\u2019de saat 20.00\u2019de Tarsus Cumhuriyet Meydan\u0131\u2019nda Athena konseri, 29 Ekim\u2019de \u00d6zgecan Arslan Bar\u0131\u015f Meydan\u0131\u2019nda saat 20.00\u2019de yerel sanat\u00e7\u0131 toplulu\u011fumuz olan Necati ve Saykolar konseri devam\u0131nda da Mor ve \u00d6tesi konseri yapaca\u011f\u0131z. Her zaman oldu\u011fu gibi Cumhuriyet Bayram\u0131\u2019nda me\u015fale y\u00fcr\u00fcy\u00fc\u015f\u00fcm\u00fcz\u00fc de ger\u00e7ekle\u015ftirmi\u015f olaca\u011f\u0131z. Cumhuriyet Bayram\u0131m\u0131z \u015fimdiden hepimize kutlu olsun\u201d ifadelerini kulland\u0131.<br \/>\nBa\u015fkan Se\u00e7er, Adana B\u00fcy\u00fck\u015fehir Belediyesi \u015eehir Tiyatrosu\u2019nun 18 Ekim-1 Kas\u0131m aras\u0131nda d\u00fczenleyece\u011fi 6. \u015eehir Tiyatrolar\u0131 Festivali\u2019ne, Mersin B\u00fcy\u00fck\u015fehir Belediyesi \u015eehir Tiyatrosu\u2019nun \u2018Halktan Biri\u2019 oyunu ile kat\u0131laca\u011f\u0131n\u0131 duyurdu.<br \/>\n\u201cMersin daha g\u00fc\u00e7l\u00fc olsun\u201d<br \/>\nBa\u015fkan Se\u00e7er, y\u0131llard\u0131r tamamlanmayan Mersin Havaliman\u0131, Pamukluk Baraj\u0131, \u00c7e\u015fmeli Otoban Yolu\u2019na dair yap\u0131lan \u00e7al\u0131\u015fmalar\u0131n daha erken bitirilmesi i\u00e7in herkesin Mersin\u2019i savunarak \u00e7aba sarf etmesi gerekti\u011fini vurgulayarak, \u201cMersin daha g\u00fc\u00e7l\u00fc olsun. Ben de biliyorum \u00e7ok daha iyi olacak. Ak\u0131n var buraya ger\u00e7ekten. Bak\u0131n az \u00f6nce bir toplant\u0131da \u015fu bana aktar\u0131ld\u0131, \u2018Son zamanlarda yabanc\u0131lar\u0131n m\u00fclkiyet edinmek i\u00e7in ra\u011fbet g\u00f6sterdi\u011fi illerin ba\u015f\u0131nda Mersin \u015fu anda ikinci s\u0131radaym\u0131\u015f.\u2019 Bir\u00e7o\u011fu tapu kay\u0131tlar\u0131na ge\u00e7irilmedi\u011fi i\u00e7in g\u00f6r\u00fcnm\u00fcyor bu. Apartman dairesi al\u0131yorlar. Gelip burada ya\u015famak istiyorlar. Ruslar al\u0131yor, onlar al\u0131yor, bunlar al\u0131yor. Bu ne demektir? Geli\u015fen bir memleket buras\u0131. Bunu g\u00f6rmemek m\u00fcmk\u00fcn m\u00fc?\u201d dedi.<br \/>\n\u201cBiz Mersin lobisini aya\u011fa kald\u0131rmaya \u00e7al\u0131\u015f\u0131yoruz\u201d<br \/>\nS\u00fcrekli liman konusunu neden g\u00fcndeme getirdi\u011fi konusunda bir kez daha de\u011ferlendirme yapan Ba\u015fkan Se\u00e7er, \u015funlar\u0131 s\u00f6yledi:<br \/>\n\u201c\u2018Liman\u0131 a\u011fz\u0131na pelesenk ettin\u2019 diyorsun. D\u00f6rt c\u00fcmleyle s\u00f6yleyece\u011fim. Do\u011fu Akdeniz&#8217;de geli\u015fmeleri bir yere yaz\u0131n. Bu lojistik krizinden sonra Avrupa\u2019n\u0131n tedarik zincirindeki bu krizleri de\u011ferlendirin. Nereden mal almak istedi\u011fine bak\u0131n. \u00c7in, Amerikan ile ili\u015fkilerinin gerilmesinden Amerika&#8217;n\u0131n yeni bak\u0131\u015f a\u00e7\u0131s\u0131na bak\u0131n. \u00c7in\u2019in yeni konseptinde, deniz ipek yolu konseptinde bu b\u00f6lgeye bak\u0131\u015f a\u00e7\u0131s\u0131na bak\u0131n. Benim ne demek istedi\u011fimi anlars\u0131n\u0131z. Tabi ki liman diyece\u011fim. Senin toplad\u0131\u011f\u0131n verginin % 75\u2019i limandan. Rakamlar\u0131 \u00e7\u0131kart\u0131n. \u00d6nemli bir k\u0131sm\u0131 liman. \u00c7\u00fcnk\u00fc g\u00fcmr\u00fck vergisi al\u0131yorsun. T\u00fct\u00fcn, alkol vergisi Mersin\u2019den al\u0131nan 2. s\u0131rada vergi. Sonra geliyor gelir vergisi, kurumlar vergisi. \u015eimdi bu rakamlara hakimseniz, elbette diyeceksiniz ki, \u2018Ba\u015fkan do\u011fru s\u00f6yl\u00fcyor.\u2019 Ne diyece\u011fim ya?  Mevcut limanla avunal\u0131m. Biraz da b\u00fcy\u00fctelim. Onlar servetine servet kats\u0131n. Biz de ana konteyner liman\u0131 yapaca\u011f\u0131z diye bekleyelim, lobilerin g\u00fcc\u00fcne ma\u011flup olal\u0131m. Mersin lobisinden daha g\u00fc\u00e7l\u00fc bir lobi varsa buyursunlar, galip gelsinler. Ama biz Mersin lobisini aya\u011fa kald\u0131rmaya \u00e7al\u0131\u015f\u0131yoruz. Hadi onun i\u00e7in \u2018Hep beraber gidelim Ankara&#8217;ya\u2019 diyoruz. Yani siz bir ortam haz\u0131rlad\u0131n\u0131z da ben \u2018hay\u0131r\u2019 m\u0131 dedim? Gidelim anlatal\u0131m. Hepimiz o zaman Mersin\u2019in avukatl\u0131\u011f\u0131n\u0131 yapal\u0131m. B\u0131rakal\u0131m partilerimizi bir kenara. Benim arzu etti\u011fim bu.\u201d<br \/>\nBa\u015fkan Se\u00e7er, taraf\u0131na bor\u00e7lanma yetkisinin verilmemesiyle ilgili konu\u015farak, \u201cBana bor\u00e7lanma konusunda yetki vermemeniz tamamen siyasi bir karard\u0131r. Siz de bunun fark\u0131ndas\u0131n\u0131z\u201d dedi.<br \/>\n\u201cAld\u0131\u011f\u0131m t\u00fcm kararlar idari karard\u0131r\u201d<br \/>\n\u0130\u015f\u00e7i \u00e7\u0131karma konusundaki ele\u015ftirilere yan\u0131t veren Ba\u015fkan Se\u00e7er, \u201cHerkes i\u015fine devam etsin ama benim belediyemin de topluma hizmet etmesi laz\u0131m. Belediyenin hizmet \u00fcretmesi laz\u0131m ve belediye ba\u015fkan\u0131, kanunlar \u00e7er\u00e7evesinde; buraya iyi dikkat edin; idari tasarruflarda bulunabilir. Benim yapt\u0131\u011f\u0131m bir belediye ba\u015fkan\u0131 olarak tamamen halk\u0131ma hizmet odakl\u0131, belediyemin insan kayna\u011f\u0131n\u0131 liyakat anlam\u0131nda, kalite anlam\u0131nda y\u00fckseltmek. Ben verim almak istiyorum. Ald\u0131\u011f\u0131m t\u00fcm kararlar idari karard\u0131r. Dayana\u011f\u0131m yasalard\u0131r, mevzuatlard\u0131r. Onun d\u0131\u015f\u0131nda zaten ald\u0131\u011f\u0131m idari kararlar mahkemeden d\u00f6ner. Muhtelif olaylar varsa, benim de kabul edemeyece\u011fim, l\u00fctfen bunlar\u0131 bana somut, isim isim bildirin\u201d dedi.<br \/>\n\u201cBu para \u00e7ok l\u00fcks bir para\u201d<br \/>\nB\u00fcy\u00fck\u015fehir Belediyesi envanterine kay\u0131tl\u0131 helikopterin i\u015fletmesinin y\u00fcksek maliyetli olmas\u0131 nedeniyle sat\u0131lmas\u0131 konusu g\u00fcndeme geldi. Ba\u015fkan Se\u00e7er, 5 Nisan 2018\u2019de 2,5 milyon dolara al\u0131nan helikoptere heliport gibi di\u011fer masraflar\u0131yla birlikte bug\u00fcn\u00fcn paras\u0131yla 45-50 milyon civar\u0131 bir b\u00fct\u00e7e harcand\u0131\u011f\u0131na dikkat \u00e7ekerek, \u201cBu para \u00e7ok l\u00fcks bir para\u201d dedi. 13 A\u011fustos 2019\u2019a kadar B\u00fcy\u00fck\u015fehir\u2019de kalan helikopterin daha \u00f6nce de sat\u0131\u015fa \u00e7\u0131kt\u0131\u011f\u0131n\u0131 hat\u0131rlatan Se\u00e7er, \u201c\u0130mkan yoktu, satamad\u0131k. \u00c7\u00fcnk\u00fc s\u00fcresinin dolmas\u0131 gerekiyordu. Art\u0131k yasal engel kalmad\u0131. Zaten komisyonumuz da b\u00f6yle karar vermi\u015f\u201d dedi.<br \/>\nHelikopteri daha sonra kiraya verdiklerini belirten Ba\u015fkan Se\u00e7er, kiraya verilme s\u00fcrecine kadar helikopterin t\u00fcm giderleriyle belediyeye yakla\u015f\u0131k 8-9 milyon gibi bir maliyeti oldu\u011funa dikkat \u00e7ekerek, \u201cHelikopter sahibi olmakla kurtulmuyorsunuz. Heliportunuz olacak, orada g\u00f6revlileriniz olacak, sorumlunuz olacak. Bu d\u00fcnya standartlar\u0131nda, u\u00e7u\u015f standartlar\u0131nda b\u00f6yle. Dolay\u0131s\u0131yla astar\u0131 y\u00fcz\u00fcnden pahal\u0131 oluyor. Sadece biz g\u00f6reve geldi\u011fimizden bu helikopteri kiraya verdi\u011fimiz s\u00fcre i\u00e7erisindeki masraf 3 milyon 657 bin lira bak\u0131m \u00fccreti. Ayl\u0131k 228 bin TL\u2019ye denk geliyor\u201d dedi.<br \/>\nKiraya verilene kadar helikoptere ayl\u0131k 228 bin TL para harcand\u0131\u011f\u0131n\u0131 belirten Ba\u015fkan Se\u00e7er, \u201c\u015eimdi bunu vermiyoruz. Tabi bu artt\u0131. \u015eimdi 350-400\u2019lere \u00e7\u0131kt\u0131, sadece bak\u0131m. Biz ne yapt\u0131k? Ayl\u0131k ayda 30 saati barem ald\u0131k, 30 saat u\u00e7tu kabul edip 420 bin lira alaca\u011f\u0131z. Asl\u0131nda yeni revize edemiyoruz, biz o zamanki dolar kuruyla yapt\u0131k. \u00d6nce \u00e7ok k\u00e2rl\u0131yd\u0131k, \u015fimdi T\u00fcrk Hava Kurumu\u2019nun durumu ortada oldu\u011fu i\u00e7in \u00e7ok \u00fczerlerine gitmek istemiyorum, alaca\u011f\u0131m\u0131z da var. Ciddi de bir alaca\u011f\u0131m\u0131z birikti\u201d ifadelerine yer verdi. Helikopterin dan\u0131\u015fmanl\u0131k \u00fccreti, ayl\u0131k bak\u0131m ve heliport gibi t\u00fcm kalemleriyle ciddi b\u00fct\u00e7elere sahip oldu\u011funu hat\u0131rlatan Se\u00e7er, Toroslar il\u00e7esindeki heliportun Makine \u0130kmal olarak kullan\u0131laca\u011f\u0131n\u0131 s\u00f6zlerine ekleyerek, \u201c\u0130\u015flevsel hale getirece\u011fiz. \u0130\u00e7inde muazzam vin\u00e7ler yap\u0131lm\u0131\u015f, bir s\u00fcr\u00fc para harcanm\u0131\u015f ama bo\u015f duruyor. Oray\u0131 da \u015fimdi Makine \u0130kmal olarak de\u011ferlendirmi\u015f olduk, orada bir sorun kalmad\u0131\u201d dedi.<br \/>\nG\u00f6reve geldikten sonra helikopterle Anamur\u2019a 2 defa u\u00e7tu\u011funu belirten Ba\u015fkan Se\u00e7er, heliporttan helikoptere, helikopterle de Anamur\u2019a yakla\u015f\u0131k 1,5-2 saatte vard\u0131\u011f\u0131n\u0131 s\u00f6yledi. Onun yerine arabayla Anamur\u2019a gitmeyi tercih etti\u011fini vurgulad\u0131. Bir Meclis \u00fcyesinin Mersin\u2019de metrodan ve b\u00fcy\u00fcmeden bahsedilirken helikopterin de B\u00fcy\u00fck\u015fehir Belediyesi\u2019nde kalmas\u0131n\u0131 savunmas\u0131 \u00fczerine konu\u015fan Se\u00e7er, \u201c\u015eimdi bunlar vizyonsuzluk falan de\u011fil. Bunlar israf. Vizyonsuzluk ayr\u0131 bir \u015fey. Hani ben metroya kar\u015f\u0131 \u00e7\u0131kmay\u0131 vizyonsuzluk olarak de\u011ferlendiririm. Bu ba\u015fka bir \u015fey\u201d dedi.  Ayn\u0131 Meclis \u00fcyesinin Mersin\u2019in T\u00fcrkiye\u2019de en \u00e7ok vergi veren 5\u2019nci kent oldu\u011fu ve zengin bir kent oldu\u011funu belirtmesi \u00fczerine de de\u011ferlendirmelerini s\u00fcrd\u00fcren Ba\u015fkan Se\u00e7er, \u201cBu kadar zengin kentsek 3 TL\u2019ye niye yemek veriyoruz? Hep demiyor muyum bir paradoks? \u015eu kadar vergi \u00f6d\u00fcyorsun ama Adana\u2019dan sonra gelir da\u011f\u0131l\u0131m\u0131nda 2\u2019nci s\u0131rada adaletsiz bir kentsin. Benim vicdan\u0131m kabul etmedi. O g\u00f6r\u00fcnt\u00fc bile ho\u015f de\u011fil, \u015f\u0131k de\u011fil\u201d diye konu\u015ftu.<br \/>\nMeclis \u00fcyesinin, helikopterin deniz denetimlerinde de kullan\u0131labilece\u011fi y\u00f6n\u00fcndeki \u00f6nerisine de de\u011finen Ba\u015fkan Se\u00e7er, \u201c300 bin lira bir drone ald\u0131k. Koordinatlar\u0131 belli. 300 bin lira. 3 milyon dolar. 300 bin lira. 300 bin liraya drone\u2019la 59 milyon lira ceza yazd\u0131k. Koordinat belli yani. Drone u\u00e7uruyorsun, sana gemilerin ne yapt\u0131\u011f\u0131n\u0131 g\u00f6steriyor. 300 bin TL\u2019lik bir ayg\u0131t\u0131n yapaca\u011f\u0131 i\u015fi ben niye milyon dolarl\u0131k bir ayg\u0131tla yapay\u0131m? Bu fizibilite nas\u0131l bir fizibilite?\u201d diye sordu.<br \/>\nTicari plakalar\u0131n \u00e7ekme s\u00fcreleri 2 y\u0131la \u00e7\u0131kar\u0131ld\u0131<br \/>\nMeclis\u2019te ticari plakalar\u0131n \u00e7ekme s\u00fcrelerinin uzat\u0131lmas\u0131nda 1 y\u0131ll\u0131k s\u00fcre 2 y\u0131la \u00e7\u0131kar\u0131ld\u0131. Ba\u015fkan Se\u00e7er, \u201cBir\u00e7ok esnaf bor\u00e7lar\u0131n\u0131 \u00f6deyebilmek i\u00e7in taksi plakalar\u0131n\u0131 \u00e7ekip, ara\u00e7lar\u0131n\u0131 satma durumunda dahi kald\u0131. Bu nedenle de bize gelen bu teklifi de\u011ferlendirdik. T, M, S, H, C plakalar hak kayb\u0131 ya\u015famas\u0131n diye ge\u00e7en sene 6 aydan 1 y\u0131la \u00e7\u0131karm\u0131\u015ft\u0131k biz bunu. Gelen bu tekrar talep \u00fczerine de bu kez 1 y\u0131ldan 2 y\u0131la \u00e7\u0131kar\u0131yoruz\u201d dedi.<\/p>\n","protected":false},"excerpt":{"rendered":"<p>Mersin B\u00fcy\u00fck\u015fehir Belediye Meclisi\u2019nin 2021 y\u0131l\u0131 Ekim ay\u0131 Ola\u011fan Toplant\u0131s\u0131n\u0131n 2. Birle\u015fimi, B\u00fcy\u00fck\u015fehir Belediye Ba\u015fkan\u0131 Vahap Se\u00e7er ba\u015fkanl\u0131\u011f\u0131nda Kongre ve Sergi Saray\u0131\u2019nda ger\u00e7ekle\u015ftirildi. Ba\u015fkan Se\u00e7er, toplant\u0131da Mersinlileri yak\u0131ndan ilgilendiren ana &hellip; <a href=\"https:\/\/akdenizolaygazetesi.com\/?p=14750\" class=\"more-link\">Devam\u0131n\u0131 Oku&#8230;<\/a><\/p>\n","protected":false},"author":2,"featured_media":0,"comment_status":"open","ping_status":"open","sticky":false,"template":"","format":"standard","meta":[],"categories":[8,1,2,3,6],"tags":[],"_links":{"self":[{"href":"https:\/\/akdenizolaygazetesi.com\/index.php?rest_route=\/wp\/v2\/posts\/14750"}],"collection":[{"href":"https:\/\/akdenizolaygazetesi.com\/index.php?rest_route=\/wp\/v2\/posts"}],"about":[{"href":"https:\/\/akdenizolaygazetesi.com\/index.php?rest_route=\/wp\/v2\/types\/post"}],"author":[{"embeddable":true,"href":"https:\/\/akdenizolaygazetesi.com\/index.php?rest_route=\/wp\/v2\/users\/2"}],"replies":[{"embeddable":true,"href":"https:\/\/akdenizolaygazetesi.com\/index.php?rest_route=%2Fwp%2Fv2%2Fcomments&post=14750"}],"version-history":[{"count":1,"href":"https:\/\/akdenizolaygazetesi.com\/index.php?rest_route=\/wp\/v2\/posts\/14750\/revisions"}],"predecessor-version":[{"id":14752,"href":"https:\/\/akdenizolaygazetesi.com\/index.php?rest_route=\/wp\/v2\/posts\/14750\/revisions\/14752"}],"wp:attachment":[{"href":"https:\/\/akdenizolaygazetesi.com\/index.php?rest_route=%2Fwp%2Fv2%2Fmedia&parent=14750"}],"wp:term":[{"taxonomy":"category","embeddable":true,"href":"https:\/\/akdenizolaygazetesi.com\/index.php?rest_route=%2Fwp%2Fv2%2Fcategories&post=14750"},{"taxonomy":"post_tag","embeddable":true,"href":"https:\/\/akdenizolaygazetesi.com\/index.php?rest_route=%2Fwp%2Fv2%2Ftags&post=14750"}],"curies":[{"name":"wp","href":"https:\/\/api.w.org\/{rel}","templated":true}]}}