{"id":1476,"date":"2020-11-04T18:22:02","date_gmt":"2020-11-04T15:22:02","guid":{"rendered":"http:\/\/mersinekonomipolitikagazetesi.com\/?p=1476"},"modified":"2020-11-04T18:22:02","modified_gmt":"2020-11-04T15:22:02","slug":"akdeniz-ekonominin-cazibe-merkezi-oluyor","status":"publish","type":"post","link":"https:\/\/akdenizolaygazetesi.com\/?p=1476","title":{"rendered":"Akdeniz, ekonominin cazibe merkezi oluyor"},"content":{"rendered":"<p>Mersin\u2019de, Kalk\u0131nma Bakanl\u0131\u011f\u0131n\u0131n deste\u011finde Akdeniz \u0130hracat\u00e7\u0131 Birlikleri, Mersin Ekonomi Platformu, B\u00fcy\u00fck\u015fehir Belediyesi, Mersin Ticaret ve Sanayi Odas\u0131 ve b\u00f6lge ortakl\u0131\u011f\u0131 i\u015fbirli\u011fi ile \u2019K\u00fcresel Geli\u015fmeler I\u015f\u0131\u011f\u0131nda B\u00f6lgesel Vizyon\u2019 olu\u015fturmak amac\u0131yla Akdeniz Ekonomi Forumu ger\u00e7ekle\u015ftirilecek.<\/p>\n<p style=\"margin: 0px; padding: 5px 0px; border: 0px; font-stretch: inherit; font-size: 12pt; line-height: 22px; font-family: pt_sansregular, Arial, Helvetica; vertical-align: baseline; color: rgb(64, 70, 74); letter-spacing: 0.5pt;\"><span style=\"font-size:16px;\">7-8 Mart tarihleri aras\u0131nda Kalk\u0131nma Bakan\u0131 L\u00fctfi Elvan, G\u0131da, Tar\u0131m ve Hayvanc\u0131l\u0131k Bakan\u0131 Ahmet E\u015fref Fak\u0131baba ve Bilim, Sanayi ve Teknoloji Bakan\u0131 Faruk \u00d6zl\u00fc\u2019n\u00fcn kat\u0131laca\u011f\u0131 forumda, b\u00fcrokratlar, ekonomistler, yerel y\u00f6neticiler, sanayiciler ve ihracat\u00e7\u0131lar Akdeniz ekonomisini masaya yat\u0131racak.<\/span><\/p>\n<p>\u00a0<\/p>\n<p style=\"margin: 0px; padding: 5px 0px; border: 0px; font-stretch: inherit; font-size: 12pt; line-height: 22px; font-family: pt_sansregular, Arial, Helvetica; vertical-align: baseline; color: rgb(64, 70, 74); letter-spacing: 0.5pt;\"><span style=\"font-size:16px;\">Akdeniz \u0130hracat\u00e7\u0131 Birlikleri olarak b\u00f6yle bir organizasyonun i\u00e7inde bulunman\u0131n kendilerini \u00e7ok heyecanland\u0131\u011f\u0131n\u0131 ifade eden AK\u0130B Koordinat\u00f6r Ba\u015fkan\u0131 Mahmut Arslan, \u201cMersin, olduk\u00e7a \u00f6nemli bir ekonomi bulu\u015fmas\u0131na ev sahipli\u011fi yapacak. Bakanlar\u0131m\u0131z, b\u00fcrokratlar\u0131m\u0131z, T\u00fcrkiye\u2019nin \u00f6nde gelen ekonomi yazarlar\u0131, i\u015fadamlar\u0131, sivil toplum kurulu\u015flar\u0131n\u0131n temsilcileri ile Akdeniz ekonomisinin mercek alt\u0131na al\u0131nmas\u0131 noktas\u0131nda g\u00fczel bir bulu\u015fma ger\u00e7ekle\u015ftirecek\u201d dedi.<\/span><\/p>\n<p>\u00a0<\/p>\n<p style=\"margin: 0px; padding: 5px 0px; border: 0px; font-stretch: inherit; font-size: 12pt; line-height: 22px; font-family: pt_sansregular, Arial, Helvetica; vertical-align: baseline; color: rgb(64, 70, 74); letter-spacing: 0.5pt;\"><span style=\"font-size:16px;\">&#8211; &#8220;Akdeniz Ekonomi Forumu, b\u00f6lge ekonomisine ve ihracat\u0131na katk\u0131 sa\u011flayacak&#8221;<\/span><\/p>\n<p>\u00a0<\/p>\n<p style=\"margin: 0px; padding: 5px 0px; border: 0px; font-stretch: inherit; font-size: 12pt; line-height: 22px; font-family: pt_sansregular, Arial, Helvetica; vertical-align: baseline; color: rgb(64, 70, 74); letter-spacing: 0.5pt;\"><span style=\"font-size:16px;\">Akdeniz Ekonomi Forumu\u2019nun uluslararas\u0131 bir konferans zinciri olarak, ilk defa Mersin\u2019de, sonras\u0131nda ise Adana, Hatay, Karaman, Kayseri ve Osmaniye\u2019de ger\u00e7ekle\u015ftirilece\u011fini belirten Arslan, \u201cBu etkinli\u011fin AK\u0130B hinterland\u0131 i\u00e7erisinde yer alan turizm, sanayi, lojistik, teknoloji ve turizm kenti olarak \u00f6n plana \u00e7\u0131kan Mersin\u2019de ba\u015flay\u0131p, ileriki tarihlerde \u00c7ukurova\u2019n\u0131n kalbi, bereketli tar\u0131m alanlar\u0131na sahip olmas\u0131n\u0131n yan\u0131 s\u0131ra T\u00fcrkiye\u2019nin ilk sanayile\u015fen b\u00f6lgelerinden biri olman\u0131n avantaj\u0131n\u0131 ihracat sekt\u00f6r\u00fcndeki ba\u015far\u0131s\u0131 ile g\u00f6steren Adana, demir-\u00e7elik sekt\u00f6r\u00fcnde kapasite a\u00e7\u0131s\u0131ndan T\u00fcrkiye\u2019de ilk s\u0131rada yer alan Hatay, bisk\u00fcvi cenneti Karaman, \u00e7ok \u00f6nemli markalara ev sahipli\u011fi yapan, \u00fcr\u00fcn ve marka \u00e7e\u015fitli\u011finin en fazla oldu\u011fu illerimizden Kayseri ve yak\u0131n demir-\u00e7elik yat\u0131r\u0131mlar\u0131 ile b\u00f6lgenin parlayan y\u0131ld\u0131z\u0131 olma potansiyeline sahip, yer f\u0131st\u0131\u011f\u0131n\u0131n \u00fcretim merkezi Osmaniye\u2019de devam edecek olmas\u0131, b\u00f6lgemizin ekonomisine ve ihracat\u0131na b\u00fcy\u00fck katk\u0131 sa\u011flayacakt\u0131r\u201d diye konu\u015ftu.<\/span><\/p>\n<p>\u00a0<\/p>\n<p style=\"margin: 0px; padding: 5px 0px; border: 0px; font-stretch: inherit; font-size: 12pt; line-height: 22px; font-family: pt_sansregular, Arial, Helvetica; vertical-align: baseline; color: rgb(64, 70, 74); letter-spacing: 0.5pt;\"><span style=\"font-size:16px;\">Son y\u0131llarda T\u00fcrkiye\u2019nin yak\u0131n \u00e7evresinde ya\u015fanan i\u00e7 sava\u015flar\u0131n, Avrupa Birli\u011fi\u2019nde daralan talebin, ara ara Rusya ile ya\u015fan\u0131lan siyasal problemlerin ve ter\u00f6r sorunlar\u0131n\u0131n ekonomi ve buna ba\u011fl\u0131 olarak ihracat\u0131 da b\u00fcy\u00fck sekteye u\u011fratt\u0131\u011f\u0131n\u0131, ancak 2017 y\u0131l\u0131n\u0131n ba\u015flar\u0131ndan itibaren k\u00f6t\u00fc gidi\u015fata dur denilerek, T\u00fcrkiye ve AK\u0130B ihracat\u0131n\u0131n y\u00fckseli\u015fe ge\u00e7ti\u011fini kaydeden Arslan, Akdeniz Ekonomi Forumu\u2019nun b\u00f6lge ihracat\u00e7\u0131s\u0131n\u0131n ufkunu a\u00e7aca\u011f\u0131n\u0131, \u00f6nemli beklentilerine ve sorunlar\u0131na \u0131\u015f\u0131k tutaca\u011f\u0131n\u0131, ihracat\u00e7\u0131 i\u00e7in motivasyon ve heyecan olu\u015fturaca\u011f\u0131n\u0131 s\u00f6yledi.<\/span><\/p>\n<p>\u00a0<\/p>\n<p style=\"margin: 0px; padding: 5px 0px; border: 0px; font-stretch: inherit; font-size: 12pt; line-height: 22px; font-family: pt_sansregular, Arial, Helvetica; vertical-align: baseline; color: rgb(64, 70, 74); letter-spacing: 0.5pt;\"><span style=\"font-size:16px;\">AK\u0130B ba\u015fkanlar\u0131 konu\u015fmac\u0131 olarak yer alacak<\/span><\/p>\n<p>\u00a0<\/p>\n<p style=\"margin: 0px; padding: 5px 0px; border: 0px; font-stretch: inherit; font-size: 12pt; line-height: 22px; font-family: pt_sansregular, Arial, Helvetica; vertical-align: baseline; color: rgb(64, 70, 74); letter-spacing: 0.5pt;\"><span style=\"font-size:16px;\">AK\u0130B Koordinat\u00f6r Ba\u015fkan\u0131 Mahmut Arslan\u2019\u0131n da a\u00e7\u0131l\u0131\u015f konu\u015fmas\u0131 yapaca\u011f\u0131 ve 2 g\u00fcn s\u00fcrecek olan programda, Adana Sanayi Odas\u0131 ve Akdeniz Tekstil ve Hammaddeleri \u0130hracat\u00e7\u0131lar\u0131 Birli\u011fi Y\u00f6netim Kurulu Ba\u015fkan\u0131 Zeki K\u0131van\u00e7 \u201cAkdeniz Havzas\u0131 Hedef; Ekonomi ve Sanayide \u0130stikrarl\u0131 B\u00fcy\u00fcme\u201d, T\u0130M Lojistik Konseyi ve Akdeniz Mobilya, Ka\u011f\u0131t ve Orman \u00dcr\u00fcnleri \u0130hracat\u00e7\u0131lar\u0131 Birli\u011fi Y\u00f6netim Kurulu Ba\u015fkan\u0131 B\u00fclent Aymen \u201cLojistik \u00dcss\u00fc Akdeniz Havzas\u0131\u201d, AK\u0130B Koordinat\u00f6r Ba\u015fkan\u0131 Mahmut Arslan<\/span><\/p>\n<p>\u00a0<\/p>\n<p style=\"margin: 0px; padding: 5px 0px; border: 0px; font-stretch: inherit; font-size: 12pt; line-height: 22px; font-family: pt_sansregular, Arial, Helvetica; vertical-align: baseline; color: rgb(64, 70, 74); letter-spacing: 0.5pt;\"><span style=\"font-size:16px;\">\u201cS\u00fcrd\u00fcr\u00fclebilir \u0130novatif Tar\u0131m ve G\u0131da\u201d konulu oturumlarda konu\u015fmac\u0131 olarak yer alacak.<\/span><\/p>\n<p>\u00a0<\/p>\n<p style=\"margin: 0px; padding: 5px 0px; border: 0px; font-stretch: inherit; font-size: 12pt; line-height: 22px; font-family: pt_sansregular, Arial, Helvetica; vertical-align: baseline; color: rgb(64, 70, 74); letter-spacing: 0.5pt;\"><span style=\"font-size:16px;\">Akdeniz Ekonomi Forumu\u2019nun ilk g\u00fcn\u00fc \u2019Makroekonomik Geli\u015fmeler I\u015f\u0131\u011f\u0131nda D\u00fcnya ve T\u00fcrkiye, Akdeniz Havzas\u0131 Hedef; Ekonomi ve Sanayide \u0130stikrarl\u0131 B\u00fcy\u00fcme, Lojistik \u00dcss\u00fc Akdeniz Havzas\u0131\u2019, ikinci g\u00fcn\u00fc ise \u2019S\u00fcrd\u00fcr\u00fclebilir \u0130novatif Tar\u0131m ve G\u0131da, End\u00fcstri 4.0 Sanayi Devrimi ve Teknolojik Geli\u015fmeler, Destinasyon: Do\u011fu Akdeniz\u2019 konu ba\u015fl\u0131kl\u0131 oturumlar ile \u2019\u00c7ukurova: Akdeniz\u2019e A\u00e7\u0131lan Kap\u0131\u2019 ba\u015fl\u0131kl\u0131 \u00f6zel bir sunum ger\u00e7ekle\u015ftirilecek.<\/span><\/p>\n","protected":false},"excerpt":{"rendered":"<p>Mersin\u2019de, Kalk\u0131nma Bakanl\u0131\u011f\u0131n\u0131n deste\u011finde Akdeniz \u0130hracat\u00e7\u0131 Birlikleri, Mersin Ekonomi Platformu, B\u00fcy\u00fck\u015fehir Belediyesi, Mersin Ticaret ve Sanayi Odas\u0131 ve b\u00f6lge ortakl\u0131\u011f\u0131 i\u015fbirli\u011fi ile \u2019K\u00fcresel Geli\u015fmeler I\u015f\u0131\u011f\u0131nda B\u00f6lgesel Vizyon\u2019 olu\u015fturmak amac\u0131yla Akdeniz &hellip; <a href=\"https:\/\/akdenizolaygazetesi.com\/?p=1476\" class=\"more-link\">Devam\u0131n\u0131 Oku&#8230;<\/a><\/p>\n","protected":false},"author":1,"featured_media":0,"comment_status":"open","ping_status":"open","sticky":false,"template":"","format":"standard","meta":[],"categories":[],"tags":[],"_links":{"self":[{"href":"https:\/\/akdenizolaygazetesi.com\/index.php?rest_route=\/wp\/v2\/posts\/1476"}],"collection":[{"href":"https:\/\/akdenizolaygazetesi.com\/index.php?rest_route=\/wp\/v2\/posts"}],"about":[{"href":"https:\/\/akdenizolaygazetesi.com\/index.php?rest_route=\/wp\/v2\/types\/post"}],"author":[{"embeddable":true,"href":"https:\/\/akdenizolaygazetesi.com\/index.php?rest_route=\/wp\/v2\/users\/1"}],"replies":[{"embeddable":true,"href":"https:\/\/akdenizolaygazetesi.com\/index.php?rest_route=%2Fwp%2Fv2%2Fcomments&post=1476"}],"version-history":[{"count":0,"href":"https:\/\/akdenizolaygazetesi.com\/index.php?rest_route=\/wp\/v2\/posts\/1476\/revisions"}],"wp:attachment":[{"href":"https:\/\/akdenizolaygazetesi.com\/index.php?rest_route=%2Fwp%2Fv2%2Fmedia&parent=1476"}],"wp:term":[{"taxonomy":"category","embeddable":true,"href":"https:\/\/akdenizolaygazetesi.com\/index.php?rest_route=%2Fwp%2Fv2%2Fcategories&post=1476"},{"taxonomy":"post_tag","embeddable":true,"href":"https:\/\/akdenizolaygazetesi.com\/index.php?rest_route=%2Fwp%2Fv2%2Ftags&post=1476"}],"curies":[{"name":"wp","href":"https:\/\/api.w.org\/{rel}","templated":true}]}}