{"id":14768,"date":"2021-10-20T10:48:25","date_gmt":"2021-10-20T07:48:25","guid":{"rendered":"http:\/\/akdenizolaygazetesi.com\/?p=14768"},"modified":"2021-10-20T10:48:25","modified_gmt":"2021-10-20T07:48:25","slug":"secerden-muhtarlara-siyasi-partinizi-bilmem-gormem-sizi-bir-muhtar-olarak-gorurum","status":"publish","type":"post","link":"https:\/\/akdenizolaygazetesi.com\/?p=14768","title":{"rendered":"SE\u00c7ER\u2019DEN MUHTARLARA: \u201cS\u0130YAS\u0130 PART\u0130N\u0130Z\u0130 B\u0130LMEM, G\u00d6RMEM; S\u0130Z\u0130 B\u0130R MUHTAR OLARAK G\u00d6R\u00dcR\u00dcM\u201d"},"content":{"rendered":"<p>Mersin B\u00fcy\u00fck\u015fehir Belediye Ba\u015fkan\u0131 Vahap Se\u00e7er 19 Ekim Muhtarlar G\u00fcn\u00fc dolay\u0131s\u0131yla ikinci b\u00f6lgede g\u00f6rev yapan muhtarlarla bir araya geldi. Bir\u00e7ok il\u00e7eden mahalle muhtar\u0131n\u0131n kat\u0131ld\u0131\u011f\u0131 etkinlikte muhtarlara seslenen Ba\u015fkan Se\u00e7er, \u201cBen sizlerle ileti\u015fim kurarken siyasi partinizi bilmem. Siyasi partinizi g\u00f6rmem. Sizi bir muhtar olarak g\u00f6r\u00fcr\u00fcm\u201d dedi. Mersin B\u00fcy\u00fck\u015fehir Belediyesi olarak 13 il\u00e7ede hayata ge\u00e7irdikleri hizmetleri tek tek anlatan Ba\u015fkan Se\u00e7er, \u201cHalk\u0131m\u0131z\u0131n emrindeyiz, halk\u0131m\u0131z\u0131n hizmetkar\u0131y\u0131z. Biz Mersin kalk\u0131nd\u0131k\u00e7a, mutlu olduk\u00e7a, zenginle\u015ftik\u00e7e; herkesin y\u00fcz\u00fc g\u00fcld\u00fck\u00e7e mutlu olacak insanlar\u0131z\u201d diye konu\u015ftu.<br \/>\nAnamur, Bozyaz\u0131, G\u00fclnar, Mut, Ayd\u0131nc\u0131k, Erdemli ve Silifke muhtarlar\u0131n\u0131n kat\u0131l\u0131m\u0131 ile Ulu Resort Otel\u2019de ger\u00e7ekle\u015ftirilen etkinli\u011fe; Ba\u015fkan Se\u00e7er\u2019in yan\u0131 s\u0131ra CHP Mersin Milletvekili Cengiz G\u00f6k\u00e7el, Ayd\u0131nc\u0131k Belediye Ba\u015fkan\u0131 Ferat Aktan, CHP Mersin \u0130l Ba\u015fkan\u0131 Adil Aktay, \u0130Y\u0130 Parti Mersin \u0130l Ba\u015fkan\u0131 Mehmet Dutar, G\u00fclnar Muhtarlar Dernek Ba\u015fkan\u0131 Murat \u00c7al\u0131k, Silifke Muhtarlar Dernek Ba\u015fkan\u0131 Murat Temur, Meclis \u00fcyeleri, siyasi partilerin il\u00e7e ba\u015fkanlar\u0131 ve y\u00f6neticileri, B\u00fcy\u00fck\u015fehir Belediyesi b\u00fcrokratlar\u0131 ve daire ba\u015fkanlar\u0131 kat\u0131ld\u0131. Ba\u015fkan Se\u00e7er, \u2018Muhtarlar G\u00fcn\u00fc\u2019n\u00fcn uzun y\u0131llard\u0131r dile getirilen ancak \u00e7\u00f6z\u00fclemeyen sorunlar\u0131n konu\u015fuldu\u011fu bir g\u00fcn oldu\u011funu vurgulayarak, muhtarlar\u0131n hakl\u0131 taleplerinin bir yasa kapsam\u0131nda \u00e7\u00f6z\u00fclmesinin \u00f6nemine dikkat \u00e7ekti.<br \/>\n\u201cBirbirimizin derdini, tasas\u0131n\u0131, \u00e7ilesini g\u00f6rmek zorunday\u0131z\u201d<br \/>\nBir belediye ba\u015fkan\u0131 ile muhtar\u0131n i\u015f birli\u011fi yapma zorunlulu\u011fu oldu\u011funu ve Mersin\u2019de de muhtarlarla iyi diyalog kurmay\u0131 \u00f6nemsediklerini vurgulayan Ba\u015fkan Se\u00e7er, \u201cBizim birbirimizi sevme, sayma zorunlulu\u011fumuz var. Birbirimizi anlayaca\u011f\u0131z. Birbirimizin derdini, tasas\u0131n\u0131, \u00e7ilesini g\u00f6rmek zorunday\u0131z. Yoksa ben belediye ba\u015fkan\u0131 olarak, sizler muhtar olarak belde halk\u0131na, bizlere destek olup bizlerden hizmet etmek isteyenlere katk\u0131 sunmam\u0131z m\u00fcmk\u00fcn olmaz\u201d ifadelerine yer verdi.<br \/>\n\u201cBen isterim ki yerel y\u00f6netimler \u00e7ok daha fazla g\u00fc\u00e7lendirilsin\u201d<br \/>\n2014 y\u0131l\u0131nda yap\u0131lan yasa de\u011fi\u015fikli\u011fi sonucu idari s\u0131n\u0131rlar\u0131n belediye hizmet s\u0131n\u0131rlar\u0131na d\u00f6n\u00fc\u015fmesiyle birlikte bir\u00e7ok hizmetin de belediye eliyle al\u0131nmaya ba\u015fland\u0131\u011f\u0131n\u0131 s\u00f6zlerine ekleyen Se\u00e7er, bu de\u011fi\u015fikli\u011fin \u00e7eli\u015fkilerle ve a\u00e7mazlarla dolu h\u00fck\u00fcmler de i\u00e7erdi\u011fini s\u00f6yledi. Ba\u015fkan Se\u00e7er, \u201cBen isterim ki yerel y\u00f6netimler \u00e7ok daha fazla g\u00fc\u00e7lendirilsin. Bir\u00e7ok konu Ankara\u2019dan al\u0131ns\u0131n, B\u00fcy\u00fck\u015fehir\u2019in uhdesine, yetkisine verilsin ki bu i\u015f ve i\u015flemler, bu hizmetler \u00e7ok daha efektif, etkin ve \u00e7abuk \u015fehir halk\u0131na ula\u015fabilsin\u201d diye konu\u015ftu.<br \/>\n\u201cBana aktar\u0131lan sorunlar\u0131n y\u00fczde 80\u2019i B\u00fcy\u00fck\u015fehir\u2019in g\u00f6rev alan\u0131na girmiyor\u201d<br \/>\nB\u00fcy\u00fck\u015fehir ve il\u00e7e belediyeleri aras\u0131nda hizmet konusunda s\u00fcrekli bir tart\u0131\u015fman\u0131n oldu\u011funa dikkat \u00e7eken Ba\u015fkan Se\u00e7er, \u201cBu bizi yoruyor. Bu il\u00e7e belediye ba\u015fkan\u0131n\u0131 da yoruyor. Bu muhtar\u0131 da yoruyor ama en fazla kimi yoruyor? Halk\u0131 yoruyor. Bu yol il\u00e7e belediyesinin mi, B\u00fcy\u00fck\u015fehir\u2019in mi, Orman\u2019\u0131n m\u0131, Karayollar\u0131\u2019n\u0131n m\u0131 ya da ba\u015fka bir kurumun mu? Bu \u00e7at\u0131\u015fma hepimizi ziyadesiyle yoruyor\u201d dedi. B\u00fcy\u00fck\u015fehir\u2019in g\u00f6rev alan\u0131nda olmayan noktalara da hizmet g\u00f6t\u00fcrd\u00fcklerini s\u00f6zlerine ekleyen Se\u00e7er, \u201cHerkesin akl\u0131na en k\u00fc\u00e7\u00fck bir soruda, bir sorunda B\u00fcy\u00fck\u015fehir Belediyesi, B\u00fcy\u00fck\u015fehir Belediye Ba\u015fkan\u0131 geliyor\u201d diye konu\u015ftu. Mahalle ziyaretlerinde muhtarlar\u0131n dertlerini dinlediklerini belirten Se\u00e7er, \u201cBana aktar\u0131lan sorunlar\u0131n, taleplerin emin olun y\u00fczde 80\u2019i Mersin B\u00fcy\u00fck\u015fehir Belediyesi\u2019nin g\u00f6rev alan\u0131na girmiyor. Ama b\u00fct\u00fcn muhtarlar\u0131m\u0131z\u0131n akl\u0131na Mersin B\u00fcy\u00fck\u015fehir Belediyesi ya da Belediye Ba\u015fkan\u0131 geliyor. Bundan gocunmuyoruz, s\u0131k\u0131lm\u0131yoruz, \u015fikayet etmiyoruz. Ama bu ger\u00e7ekler alt\u0131nda g\u00f6rev yapt\u0131\u011f\u0131m\u0131z\u0131 da de\u011ferli muhtarlar\u0131m\u0131z\u0131n bilmesini istedim\u201d ifadelerine yer verdi.<br \/>\n\u201cSizlerle ileti\u015fim kurarken siyasi partinizi bilmem, g\u00f6rmem\u201d<br \/>\nT\u00fcm muhtarlar\u0131n kendisine rahatl\u0131kla ula\u015fabildi\u011fini ifade eden Ba\u015fkan Se\u00e7er, \u201cBen sizlerle ili\u015fki kurarken, ileti\u015fim kurarken siyasi partinizi bilmem, g\u00f6rmem. Sizi bir muhtar olarak g\u00f6r\u00fcr\u00fcm. E\u011fer siz beni bir partinin belediye ba\u015fkan\u0131 olarak g\u00f6r\u00fcp ona g\u00f6re davran\u0131yorsan\u0131z muhtarl\u0131k g\u00f6revinde en b\u00fcy\u00fck hatay\u0131 yap\u0131yorsunuz. Siz o mahalle halk\u0131na en b\u00fcy\u00fck k\u00f6t\u00fcl\u00fc\u011f\u00fc yap\u0131yorsunuz. Bir belediye ba\u015fkan\u0131n\u0131, siyasi parti mensubu bir siyasi fig\u00fcrden \u00f6te o kentin t\u00fcm halk\u0131n\u0131, t\u00fcm hem\u015fehrilerinin belediye ba\u015fkan\u0131 oldu\u011fu h\u00fcviyetiyle de\u011ferlendirirseniz mahalle halk\u0131na \u00e7ok daha hay\u0131rl\u0131 hizmetler yapabilece\u011finizi d\u00fc\u015f\u00fcn\u00fcyorum\u201d dedi.<br \/>\n\u201cOrtak paydam\u0131z, ortak kayg\u0131m\u0131z \u00fclkemizin gelece\u011fi\u201d<br \/>\nT\u00fcrkiye\u2019nin siyasi gerginlikler nedeniyle b\u00fcy\u00fck s\u0131k\u0131nt\u0131lar ya\u015fad\u0131\u011f\u0131n\u0131 vurgulayan Ba\u015fkan Se\u00e7er, yap\u0131lan toplant\u0131da sadece CHP\u2019den de\u011fil; AK Parti, MHP ve \u0130Y\u0130 Parti gibi farkl\u0131 siyasi partileri temsil eden isimlerin de yer ald\u0131\u011f\u0131na dikkat \u00e7ekti. Bu tablonun T\u00fcrkiye\u2019yi yans\u0131tt\u0131\u011f\u0131n\u0131 belirten Se\u00e7er, \u201cHer birimiz bir farkl\u0131 kurum \u00e7at\u0131s\u0131 alt\u0131nda siyaset yap\u0131yor olabiliriz ama bizim ortak d\u00fc\u015f\u00fcncemiz, paydam\u0131z, kayg\u0131m\u0131z \u00fclkemiz. \u00dclkemizin gelece\u011fi. \u00dclkemizin selameti. Mersinimizin gelece\u011fi, Mersinimizin kalk\u0131nmas\u0131, hizmet g\u00f6rmesi. Bu anlay\u0131\u015f i\u00e7erisinde \u00e7al\u0131\u015f\u0131yoruz. Muhtarlar\u0131m\u0131z da inan\u0131yorum ayn\u0131 anlay\u0131\u015f i\u00e7erisindedir\u201d dedi.<br \/>\nBa\u015fkan Se\u00e7er, Muhtarlara Teksin uygulamas\u0131n\u0131 telefonlar\u0131na indirmeleri konusunda \u00e7a\u011fr\u0131da bulunarak, Teksin\u2019de yer alan E-Muhtar\u0131m b\u00f6l\u00fcm\u00fcn\u00fc anlatt\u0131. Se\u00e7er, \u201cArt\u0131k size \u00f6zel bir uygulama var, Teksin ba\u011flant\u0131l\u0131 olmak \u00fczere. Oradan belediyemize yapt\u0131\u011f\u0131n\u0131z taleplerin sonu\u00e7lar\u0131na, tar\u0131m takvimine, haberlere, n\u00f6bet\u00e7i eczanelere ula\u015fabilirsiniz. Hava durumu gibi bir\u00e7ok konuda bilgi sahibi olabilirsiniz\u201d dedi.<br \/>\n\u201cY\u0131l sonunda g\u00f6reve geldi\u011fimizden beri 880 bin ton s\u0131cak asfalt kullanm\u0131\u015f olaca\u011f\u0131z\u201d<br \/>\nMersin\u2019in \u00f6zellikle bat\u0131 b\u00f6lgelerindeki il\u00e7elerde muhtarlarla yapt\u0131klar\u0131 de\u011ferlendirmelerde \u00f6ne \u00e7\u0131kan konunun yol sorunu oldu\u011funu ifade eden Se\u00e7er, \u00f6zellikle tar\u0131msal \u00fcretimin oldu\u011fu b\u00f6lgelerde grup yollar\u0131 ba\u015fta olmak \u00fczere bir\u00e7ok b\u00f6lgede yol \u00e7al\u0131\u015fmas\u0131 yapt\u0131klar\u0131n\u0131 s\u00f6yledi. B\u00fcy\u00fck\u015fehir Belediyesi Yol Yap\u0131m Bak\u0131m ve Onar\u0131m Dairesi\u2019nin alet ekipmandan ara\u00e7 gerece, kadrolar\u0131na kadar \u00f6nemli de\u011fi\u015fikli\u011fe u\u011frad\u0131\u011f\u0131n\u0131 vurgulayan Se\u00e7er, \u201c2019 y\u0131l\u0131nda, bizim g\u00f6reve geldi\u011fimiz ilk y\u0131lda s\u0131cak asfalt kullan\u0131m miktar\u0131m\u0131z 139 bin tondu. Bu ikinci y\u0131lda 216 bin tona \u00e7\u0131kt\u0131. \u015eu anda 2021\u2019in ilk 9 ay\u0131nda 430 bin ton s\u0131cak asfalt kulland\u0131k. Toplamda da Eyl\u00fcl sonuna kadar g\u00f6reve geldi\u011fimiz g\u00fcnden bu yana 786 bin ton s\u0131cak asfalt kullanm\u0131\u015f\u0131z, bak\u0131n her y\u0131l art\u0131yor. \u0130lk 9 ay 430 bin ton y\u0131l sonuna kadar 525 bin tona tamamlanacak ve y\u0131l sonunda g\u00f6reve geldi\u011fimiz g\u00fcnden bu yana 880 bin ton s\u0131cak asfalt kullanm\u0131\u015f olaca\u011f\u0131z. \u00c7al\u0131\u015fmalar\u0131 bir program dahilinde yap\u0131yoruz ve yapmak zorunday\u0131z\u201d dedi.<br \/>\nY\u0131l sonuna kadar toplam 1135 kilometre sathi kaplama tamamlanm\u0131\u015f olacak<br \/>\nSe\u00e7er, yat\u0131r\u0131m program\u0131na al\u0131nan her i\u015fin mutlaka bitirildi\u011fini, hat\u0131rl\u0131 telefonlar ile ekiplerin y\u00f6nlendirilmedi\u011fini belirterek, \u201cBizim ilk geldi\u011fimiz y\u0131l yapt\u0131\u011f\u0131m\u0131z sathi asfalt kaplama miktar\u0131 128 kilometreydi. 2020 y\u0131l\u0131nda bu rakam 365 kilometreye \u00e7\u0131kt\u0131. \u0130lk 9 ayda bu y\u0131l 279 kilometredeyiz, y\u0131l sonuna kadar 320 kilometre daha yap\u0131lacak, \u00e7ok s\u00fcratle devam ediyoruz. Bu y\u0131l sonunda 652 kilometreye \u00e7\u0131kacak ve g\u00f6reve geldi\u011fimiz g\u00fcnden bug\u00fcne kadar 1135 kilometre sathi kaplama \u00e7al\u0131\u015fmam\u0131z\u0131 tamamlam\u0131\u015f olaca\u011f\u0131z. Bu arada tabii ki bu \u00e7al\u0131\u015fmalar bizim b\u00fct\u00e7emizin en yo\u011fun harcama yap\u0131lan k\u0131s\u0131mlar\u0131\u201d diye konu\u015ftu.<br \/>\n\u201cBir taraftan sorun olu\u015facak, bir taraftan B\u00fcy\u00fck\u015fehir bu sorunlar\u0131n \u00fcstesinden gelecek\u201d<br \/>\nSanat yap\u0131lar\u0131nda da \u00f6nemli \u00e7al\u0131\u015fmalar\u0131 ba\u015flatt\u0131klar\u0131n\u0131 ifade eden Se\u00e7er, son olarak \u00f6nemli bir \u00fcretim b\u00f6lgesi olan Erdemli\u2019deki Lamos K\u00f6pr\u00fcs\u00fc ile Mergin K\u00f6pr\u00fcs\u00fc\u2019n\u00fc bitirdiklerini hat\u0131rlatt\u0131. Se\u00e7er, yakla\u015f\u0131k 10 bin kilometrelik yol a\u011f\u0131 olan Mersin\u2019de hizmet verdiklerini s\u00f6yleyerek, \u201cYollar gitmekle t\u00fckenmez. Bizlerin de yapmas\u0131yla sorunlar bitmez. Bir taraftan sorun olu\u015facak, bir taraftan Mersin B\u00fcy\u00fck\u015fehir Belediyesi Yol Yap\u0131m Bak\u0131m ve Onar\u0131m Dairesi gece g\u00fcnd\u00fcz \u00e7al\u0131\u015facak, bu sorunlar\u0131n \u00fcstesinden gelecek. Yeter ki herkes i\u015fini hakk\u0131yla yaps\u0131n\u201d ifadelerine yer verdi.<br \/>\nBa\u015fkan Se\u00e7er, B\u00fcy\u00fck\u015fehir Belediyesi olarak 13 il\u00e7ede altyap\u0131dan sosyal hizmetlere, e\u011fitimden sa\u011fl\u0131\u011fa, tar\u0131mdan kad\u0131nlar\u0131n desteklenmesine kadar bir\u00e7ok alanda hayata ge\u00e7irdikleri \u00e7al\u0131\u015fmalar\u0131 tek tek anlatt\u0131.<br \/>\n\u201cOrmanlar\u0131m\u0131z \u00e7\u00f6p yuvas\u0131 olmaktan kurtulmu\u015f oldu\u201d<br \/>\nBa\u015fkan Se\u00e7er; Anamur, Bozyaz\u0131 ve Ayd\u0131nc\u0131k il\u00e7elerinin evsel at\u0131klar\u0131n\u0131 bertaraf edecek tesis i\u00e7in gerekli kredi konusunda \u0130ller Bankas\u0131 ile g\u00f6r\u00fc\u015fmelerin tamamland\u0131\u011f\u0131n\u0131 s\u00f6yleyerek, \u201c\u015eu anda kredi s\u00f6zle\u015fmesi a\u015famas\u0131nday\u0131z\u201d diye konu\u015ftu. Vah\u015fi depolamaya son vermek ad\u0131na maliyetini kar\u015f\u0131layarak, b\u00f6lgenin evsel at\u0131klar\u0131n\u0131 Silifke\u2019de bulunan d\u00fczenli depolama tesisine transfer ettiklerini hat\u0131rlatan Ba\u015fkan Se\u00e7er, \u201cBu \u00e7evre hassasiyeti a\u00e7\u0131s\u0131ndan \u00f6nemlidir. Ormanlar\u0131m\u0131z \u00e7\u00f6pl\u00fc\u011fe d\u00f6n\u00fcyordu ama son 2 y\u0131ld\u0131r \u00e7ok \u015f\u00fck\u00fcr ki ormanlar\u0131m\u0131z \u00e7\u00f6p yuvas\u0131 olmaktan kurtulmu\u015f oldu. Bu tesisimizi yapt\u0131\u011f\u0131m\u0131z zaman da Silifke\u2019ye ta\u015f\u0131ma masraf\u0131n\u0131 ortadan kald\u0131rm\u0131\u015f olaca\u011f\u0131z\u201d dedi.<br \/>\nKas\u0131m ay\u0131nda MESK\u0130\u2019nin b\u00fct\u00e7esi Meclis\u2019e gelecek<br \/>\nMESK\u0130\u2019nin \u00e7al\u0131\u015fan kadrosuyla, b\u00fct\u00e7esi ve hitap etti\u011fi alanla \u00f6nemli bir kurum oldu\u011funa de\u011finen Ba\u015fkan Se\u00e7er, MESK\u0130\u2019nin projelerinin \u00e7ok fazla oldu\u011funu ancak ayn\u0131 oranda gelire sahip olmad\u0131\u011f\u0131n\u0131 ifade etti. Se\u00e7er, \u015funlar\u0131 s\u00f6yledi:<br \/>\n\u201cZaman zaman \u015fu \u015fik\u00e2yet gelir; faturalar kabar\u0131k. Sayg\u0131yla kar\u015f\u0131l\u0131yoruz. B\u00fct\u00fcn Meclis \u00fcyelerimiz de burada zaten. Su fiyatlar\u0131n\u0131n karar\u0131 Meclis\u2019ten \u00e7\u0131k\u0131yor. Kas\u0131m\u2019da MESK\u0130\u2019nin genel kurulunda gelecek y\u0131l\u0131n b\u00fct\u00e7esini getirece\u011fiz. Yakla\u015f\u0131k olarak yanl\u0131\u015f hat\u0131rlam\u0131yorsam 1.5 milyar liraya yak\u0131n bir b\u00fct\u00e7e ile Meclis \u00fcyelerinin huzuruna gelece\u011fiz. MESK\u0130\u2019nin tek geliri su faturalar\u0131ndan elde etti\u011fimiz gelirler ve az bir miktarda da \u0130ller Bankas\u0131\u2019ndan bir pay geliyor bize. Ba\u015fka bir gelir yoktur. Yapt\u0131\u011f\u0131m\u0131z yat\u0131r\u0131mlar\u0131; bulabiliyorsak hibe, kredi ya da \u00f6z kaynaklarla yapar\u0131z. Bunlar yeralt\u0131na g\u00f6m\u00fcld\u00fc\u011f\u00fc i\u00e7in \u00e7ok da g\u00f6r\u00fclmez. Ama 1.5 milyarl\u0131k bir b\u00fct\u00e7eden bahsediyorum. MESK\u0130 \u00f6nemli ve de\u011ferli bir kurum. De\u011ferli \u00e7al\u0131\u015fmalar yap\u0131yoruz ancak Teksin Alo 185 \u00c7a\u011fr\u0131 Merkezi\u2019ne gelen \u00e7a\u011fr\u0131lar\u0131n; \u015fikayettir, taleptir, dilektir, istektir; % 70\u2019i MESK\u0130 ile ilgili. Yani biz en \u00e7ok paray\u0131 bu alana harc\u0131yoruz ama en \u00e7ok \u015fikayeti de bu alandan al\u0131yoruz. Neden? Su dedi\u011finiz zaman hayat\u0131n ta kendisi, her an suya ihtiya\u00e7 var.\u201d<br \/>\nBa\u015fkan Se\u00e7er, 2. b\u00f6lgede devam eden ve tamamlanan MESK\u0130 \u00e7al\u0131\u015fmalar\u0131ndan bahsetti<br \/>\nMESK\u0130\u2019nin \u00e7ok \u00f6nemli \u00e7al\u0131\u015fmalar yapt\u0131\u011f\u0131n\u0131 vurgulayan Ba\u015fkan Se\u00e7er; Erdemli, Elvanl\u0131, Kumkuyu, Alata, Karg\u0131cak, T\u00f6m\u00fck ve Karg\u0131p\u0131nar\u0131\u2019nda devam eden ve tamamlanan MESK\u0130 \u00e7al\u0131\u015fmalar\u0131n\u0131 detayl\u0131 bir \u015fekilde muhtarlarla payla\u015ft\u0131. Silifke\u2019de yeni at\u0131ksu ar\u0131tma tesisini hayata ge\u00e7ireceklerini, Silifke Ye\u015filovac\u0131k b\u00f6lgesine yap\u0131lacak \u00e7al\u0131\u015fman\u0131n ihalesini de 25 Kas\u0131m\u2019da yapacaklar\u0131n\u0131 ifade eden Se\u00e7er, \u201c\u0130halenin miktar\u0131 da 25 milyon lira. Buras\u0131 \u00f6nemli bir b\u00f6lgeydi. \u0130n\u015fallah k\u0131sa bir s\u00fcrede bu yat\u0131r\u0131m\u0131 bitirece\u011fiz ve o b\u00f6lge bu sorundan kurtulacak\u201d dedi. MESK\u0130\u2019nin G\u00fclnar\u2019da \u0130ller Bankas\u0131\u2019yla birlikte y\u00fcr\u00fctt\u00fc\u011f\u00fc Il\u0131su projesinin devam etti\u011fini, 2022 y\u0131l\u0131nda hayata ge\u00e7irilmesinin planland\u0131\u011f\u0131n\u0131 anlatan Se\u00e7er, Ayd\u0131nc\u0131k ve Bozyaz\u0131\u2019da \u00e7e\u015fitli b\u00f6lgelerde ya\u011fmur suyu hatt\u0131ndan i\u00e7me suyu \u015febekelerine kadar bir\u00e7ok \u00e7al\u0131\u015fman\u0131n devam etti\u011fini aktard\u0131. Ba\u015fkan Se\u00e7er, \u201cZaman zaman denizlerden koku \u015fikayeti geliyor. Bunlar sanki ar\u0131tmadan, MESK\u0130 ar\u0131tmaya tabi tutmadan derin de\u015farjla bu at\u0131klar\u0131 denize pompal\u0131yormu\u015f gibi bir yanl\u0131\u015f bilgi kamuoyunda dola\u015f\u0131yor. Burada \u00e7ok say\u0131da yazl\u0131k\u00e7\u0131 siteler var ve onlar\u0131n da paket ar\u0131tmalar\u0131 var. Bunlar\u0131 denetleme g\u00f6revi \u00c7evre Bakanl\u0131\u011f\u0131\u2019na ait. \u00c7evre Bakanl\u0131\u011f\u0131 bu konuda denetimlerini daha fazla s\u0131kla\u015ft\u0131rmal\u0131. Bizim yapt\u0131\u011f\u0131m\u0131z tespitlerde zaman zaman denizden gelen k\u00f6t\u00fc kokunun nedeninin sitelerden mevzuata uygun olmayan bir \u015fekilde aktar\u0131lan, bu ar\u0131tmalarda ar\u0131t\u0131lmadan aktar\u0131lan sulardan ya da at\u0131ksulardan kaynakl\u0131 oldu\u011funu da tespit etmi\u015f durumday\u0131z. Buradan da ilgililere bu uyar\u0131m\u0131 yapmak istedim\u201d dedi.<br \/>\n\u201cMersin mutlu olduk\u00e7a, zenginle\u015ftik\u00e7e; herkesin y\u00fcz\u00fc g\u00fcld\u00fck\u00e7e mutlu olacak insanlar\u0131z\u201d<br \/>\nMuhtarlara te\u015fekk\u00fcrlerini ileten Ba\u015fkan Se\u00e7er, 31 Mart se\u00e7imlerinde se\u00e7ilen ancak daha sonras\u0131nda hayat\u0131n\u0131 kaybeden muhtarlar\u0131 and\u0131. Se\u00e7er; \u201cBug\u00fcne kadar oldu\u011fu gibi bundan sonra da ili\u015fkilerimizin ayn\u0131 muhabbetle, samimiyetle, istekle ve \u015fevkle devam etmesini diliyorum. Se\u00e7im sand\u0131\u011f\u0131na gidene kadar vatanda\u015flar\u0131m\u0131z\u0131n hizmeti bizden sorulur. Halk\u0131m\u0131z\u0131n emrindeyiz, halk\u0131m\u0131z\u0131n hizmetkar\u0131y\u0131z. Biz Mersin kalk\u0131nd\u0131k\u00e7a, mutlu olduk\u00e7a, zenginle\u015ftik\u00e7e; herkesin y\u00fcz\u00fc g\u00fcld\u00fck\u00e7e mutlu olacak insanlar\u0131z. Kafam\u0131z\u0131n arkas\u0131nda ba\u015fka bir d\u00fc\u015f\u00fcnce yok. Bir bayrak alt\u0131nda bu vatanda hep beraber ya\u015f\u0131yoruz 82 milyon. Kimli\u011fimizi \u00e7\u0131kard\u0131\u011f\u0131m\u0131z zaman T\u00fcrkiye Cumhuriyeti Devleti yaz\u0131yorsa, benim i\u00e7in gerisi teferruatt\u0131r. Bir siyasi parti \u00e7at\u0131s\u0131 alt\u0131nda siyaset yapabiliriz ama herkes bizim de\u011ferimiz, hepimiz T\u00fcrkiye\u2019yiz\u201d diye konu\u015ftu.<br \/>\nG\u00f6k\u00e7el: \u201cBirlik, beraberlik ad\u0131na muhtarlar\u0131m\u0131z bir \u00e7imento g\u00f6revi g\u00f6r\u00fcyor\u201d<br \/>\nCHP Mersin Milletvekili Cengiz G\u00f6k\u00e7el, muhtarlar\u0131n binbir emek ve \u00e7aba ile mahallesi i\u00e7in elinden geleni yapt\u0131\u011f\u0131n\u0131 belirterek, \u201c\u00d6zellikle \u00f6zlemini duydu\u011fumuz birlik, beraberlik ad\u0131na muhtarlar\u0131m\u0131z bir \u00e7imento g\u00f6revi g\u00f6r\u00fcyor. Bir k\u00f6y \u00e7ocu\u011fu olarak, B\u00fcy\u00fck\u015fehir Belediye Ba\u015fkan\u0131m\u0131z Say\u0131n Vahap Se\u00e7er\u2019in k\u00f6ylerimize, k\u00f6yl\u00fclerimize hizmet anlam\u0131nda verdi\u011fi \u00f6nem, \u00e7aba, destek i\u00e7in huzurlar\u0131n\u0131zda te\u015fekk\u00fcr ediyorum\u201d dedi.<br \/>\nAktan: \u201cMuhtarlar\u0131m\u0131z demokrasinin temel ta\u015flar\u0131\u201d<br \/>\nAyd\u0131nc\u0131k Belediye Ba\u015fkan\u0131 Ferat Aktan ise etkinlikte eme\u011fi ge\u00e7enlere te\u015fekk\u00fcr ederek, \u201cMuhtarlar\u0131m\u0131z ger\u00e7ekten demokrasinin temel ta\u015flar\u0131. Mahalle sakinleriyle devlet aras\u0131nda ili\u015fkiyi s\u00fcrd\u00fcren, vatanda\u015flar\u0131m\u0131z\u0131n ilk gitti\u011fi ki\u015filer olarak bir k\u00f6pr\u00fc g\u00f6revi g\u00f6r\u00fcyorlar\u201d diye konu\u015ftu. Etkinlikte, G\u00fclnar Muhtarlar Dernek Ba\u015fkan\u0131 Murat \u00c7al\u0131k ve Silifke Muhtarlar Dernek Ba\u015fkan\u0131 Murat Temur da birer konu\u015fma yaparak, t\u00fcm \u00e7al\u0131\u015fma arkada\u015flar\u0131n\u0131n 19 Ekim Muhtarlar G\u00fcn\u00fc\u2019n\u00fc kutlad\u0131.<br \/>\nKonu\u015fmalar\u0131n ard\u0131ndan yeme\u011fe ge\u00e7ildi ve Mersin B\u00fcy\u00fck\u015fehir Belediye Konservatuar\u0131 T\u00fcrk M\u00fczi\u011fi Toplulu\u011fu taraf\u0131ndan da birbirinden g\u00fczel t\u00fcrk\u00fcler seslendirildi. Etkinlik g\u00fcn\u00fcn an\u0131s\u0131na toplu hat\u0131ra foto\u011fraf\u0131 \u00e7ektirilmesi ile son buldu.<\/p>\n","protected":false},"excerpt":{"rendered":"<p>Mersin B\u00fcy\u00fck\u015fehir Belediye Ba\u015fkan\u0131 Vahap Se\u00e7er 19 Ekim Muhtarlar G\u00fcn\u00fc dolay\u0131s\u0131yla ikinci b\u00f6lgede g\u00f6rev yapan muhtarlarla bir araya geldi. Bir\u00e7ok il\u00e7eden mahalle muhtar\u0131n\u0131n kat\u0131ld\u0131\u011f\u0131 etkinlikte muhtarlara seslenen Ba\u015fkan Se\u00e7er, \u201cBen &hellip; <a href=\"https:\/\/akdenizolaygazetesi.com\/?p=14768\" class=\"more-link\">Devam\u0131n\u0131 Oku&#8230;<\/a><\/p>\n","protected":false},"author":2,"featured_media":14769,"comment_status":"open","ping_status":"open","sticky":false,"template":"","format":"standard","meta":[],"categories":[2,3,5,6],"tags":[],"_links":{"self":[{"href":"https:\/\/akdenizolaygazetesi.com\/index.php?rest_route=\/wp\/v2\/posts\/14768"}],"collection":[{"href":"https:\/\/akdenizolaygazetesi.com\/index.php?rest_route=\/wp\/v2\/posts"}],"about":[{"href":"https:\/\/akdenizolaygazetesi.com\/index.php?rest_route=\/wp\/v2\/types\/post"}],"author":[{"embeddable":true,"href":"https:\/\/akdenizolaygazetesi.com\/index.php?rest_route=\/wp\/v2\/users\/2"}],"replies":[{"embeddable":true,"href":"https:\/\/akdenizolaygazetesi.com\/index.php?rest_route=%2Fwp%2Fv2%2Fcomments&post=14768"}],"version-history":[{"count":1,"href":"https:\/\/akdenizolaygazetesi.com\/index.php?rest_route=\/wp\/v2\/posts\/14768\/revisions"}],"predecessor-version":[{"id":14770,"href":"https:\/\/akdenizolaygazetesi.com\/index.php?rest_route=\/wp\/v2\/posts\/14768\/revisions\/14770"}],"wp:featuredmedia":[{"embeddable":true,"href":"https:\/\/akdenizolaygazetesi.com\/index.php?rest_route=\/wp\/v2\/media\/14769"}],"wp:attachment":[{"href":"https:\/\/akdenizolaygazetesi.com\/index.php?rest_route=%2Fwp%2Fv2%2Fmedia&parent=14768"}],"wp:term":[{"taxonomy":"category","embeddable":true,"href":"https:\/\/akdenizolaygazetesi.com\/index.php?rest_route=%2Fwp%2Fv2%2Fcategories&post=14768"},{"taxonomy":"post_tag","embeddable":true,"href":"https:\/\/akdenizolaygazetesi.com\/index.php?rest_route=%2Fwp%2Fv2%2Ftags&post=14768"}],"curies":[{"name":"wp","href":"https:\/\/api.w.org\/{rel}","templated":true}]}}