{"id":1477,"date":"2020-11-04T18:22:02","date_gmt":"2020-11-04T15:22:02","guid":{"rendered":"http:\/\/mersinekonomipolitikagazetesi.com\/?p=1477"},"modified":"2020-11-04T18:22:02","modified_gmt":"2020-11-04T15:22:02","slug":"baskan-candan-afrin-gazisine-gecmis-olsun-ziyareti","status":"publish","type":"post","link":"https:\/\/akdenizolaygazetesi.com\/?p=1477","title":{"rendered":"Ba\u015fkan Can\u2019dan, Afrin gazisine &#8220;ge\u00e7mi\u015f olsun&#8221; ziyareti"},"content":{"rendered":"<p>Tarsus Belediye Ba\u015fkan\u0131 \u015eevket Can, Afrin\u2019deki Zeytin Dal\u0131 Harekat\u0131\u2019nda yaralanan Uzman \u00c7avu\u015f An\u0131l Ge\u00e7gel\u2019e ge\u00e7mi\u015f olsun ziyaretinde bulundu.<\/p>\n<p style=\"margin: 0px; padding: 5px 0px; border: 0px; font-stretch: inherit; font-size: 12pt; line-height: 22px; font-family: pt_sansregular, Arial, Helvetica; vertical-align: baseline; color: rgb(64, 70, 74); letter-spacing: 0.5pt;\"><span style=\"font-size:16px;\">Afrin\u2019de devam eden Zeytin Dal\u0131 Harekat\u0131\u2019nda 2 Mart g\u00fcn\u00fc 1083 rak\u0131ml\u0131 Keltepe b\u00f6lgesinde t\u00fcnellere saklanan 100 kadar ter\u00f6ristin, pusu kurmas\u0131 neticesinde \u00e7\u0131kan ve 8 askerin \u015fehit d\u00fc\u015ft\u00fc\u011f\u00fc \u00e7at\u0131\u015fmada yaralanan Jandarma \u00d6zel Harekat Uzman \u00c7avu\u015f An\u0131l Ge\u00e7gel\u2019i baba evinde ziyaret eden Belediye Ba\u015fkan\u0131 \u015eevket Can, gazi ve ailesine ge\u00e7mi\u015f olsun dileklerini iletti.<\/span><\/p>\n<p>\u00a0<\/p>\n<p style=\"margin: 0px; padding: 5px 0px; border: 0px; font-stretch: inherit; font-size: 12pt; line-height: 22px; font-family: pt_sansregular, Arial, Helvetica; vertical-align: baseline; color: rgb(64, 70, 74); letter-spacing: 0.5pt;\"><span style=\"font-size:16px;\">Dualar\u0131n\u0131n kahraman g\u00fcvenlik g\u00fc\u00e7lerine oldu\u011funu ifade Ba\u015fkan Can, \u201cZeytin Dal\u0131 Harekat\u0131nda dualar\u0131m\u0131z, kalbimiz ordumuzla. Allah ordumuzu d\u00fc\u015fmanlar\u0131m\u0131za kar\u015f\u0131 muzaffer eylesin. Bug\u00fcn buralardaysak, T\u00fcrkiye Cumhuriyetinde bayra\u011f\u0131m\u0131z dalgalan\u0131yorsa, minarelerimizde ezanlar\u0131m\u0131z okunuyorsa, \u00f6nce Cenab-\u0131 Allah\u2019\u0131n izniyle sonra \u015fehitlerimiz ve gazilerimizin sayesindedir\u201d dedi.<\/span><\/p>\n<p>\u00a0<\/p>\n<p style=\"margin: 0px; padding: 5px 0px; border: 0px; font-stretch: inherit; font-size: 12pt; line-height: 22px; font-family: pt_sansregular, Arial, Helvetica; vertical-align: baseline; color: rgb(64, 70, 74); letter-spacing: 0.5pt;\"><span style=\"font-size:16px;\">\u201cGazilerimiz onurumuzdur\u201d diyen Ba\u015fkan Can, \u201cB\u00fct\u00fcn \u015fehitlerimizi ba\u015fta Ulu \u00f6nder Mustafa Kemal Atat\u00fcrk olmak \u00fczere, silah arkada\u015flar\u0131n\u0131 ve \u00fclkemizde bayra\u011f\u0131m\u0131z i\u00e7in, dinimiz i\u00e7in, milletimiz i\u00e7in, kitab\u0131m\u0131z i\u00e7in, vatan i\u00e7in kan\u0131n\u0131 veren \u015fehitlerimizi rahmetle an\u0131yorum. Allah mekanlar\u0131n\u0131 cennet eylesin. Ba\u015fta An\u0131l Gelge\u00e7 karde\u015fimize ve b\u00fct\u00fcn gazilerimize acil \u015fifalar diliyor ve Allah ac\u0131lar\u0131n\u0131 bir daha g\u00f6stermesin diyorum\u201d \u015feklinde konu\u015ftu.<\/span><\/p>\n","protected":false},"excerpt":{"rendered":"<p>Tarsus Belediye Ba\u015fkan\u0131 \u015eevket Can, Afrin\u2019deki Zeytin Dal\u0131 Harekat\u0131\u2019nda yaralanan Uzman \u00c7avu\u015f An\u0131l Ge\u00e7gel\u2019e ge\u00e7mi\u015f olsun ziyaretinde bulundu. Afrin\u2019de devam eden Zeytin Dal\u0131 Harekat\u0131\u2019nda 2 Mart g\u00fcn\u00fc 1083 rak\u0131ml\u0131 Keltepe &hellip; <a href=\"https:\/\/akdenizolaygazetesi.com\/?p=1477\" class=\"more-link\">Devam\u0131n\u0131 Oku&#8230;<\/a><\/p>\n","protected":false},"author":1,"featured_media":0,"comment_status":"open","ping_status":"open","sticky":false,"template":"","format":"standard","meta":[],"categories":[],"tags":[],"_links":{"self":[{"href":"https:\/\/akdenizolaygazetesi.com\/index.php?rest_route=\/wp\/v2\/posts\/1477"}],"collection":[{"href":"https:\/\/akdenizolaygazetesi.com\/index.php?rest_route=\/wp\/v2\/posts"}],"about":[{"href":"https:\/\/akdenizolaygazetesi.com\/index.php?rest_route=\/wp\/v2\/types\/post"}],"author":[{"embeddable":true,"href":"https:\/\/akdenizolaygazetesi.com\/index.php?rest_route=\/wp\/v2\/users\/1"}],"replies":[{"embeddable":true,"href":"https:\/\/akdenizolaygazetesi.com\/index.php?rest_route=%2Fwp%2Fv2%2Fcomments&post=1477"}],"version-history":[{"count":0,"href":"https:\/\/akdenizolaygazetesi.com\/index.php?rest_route=\/wp\/v2\/posts\/1477\/revisions"}],"wp:attachment":[{"href":"https:\/\/akdenizolaygazetesi.com\/index.php?rest_route=%2Fwp%2Fv2%2Fmedia&parent=1477"}],"wp:term":[{"taxonomy":"category","embeddable":true,"href":"https:\/\/akdenizolaygazetesi.com\/index.php?rest_route=%2Fwp%2Fv2%2Fcategories&post=1477"},{"taxonomy":"post_tag","embeddable":true,"href":"https:\/\/akdenizolaygazetesi.com\/index.php?rest_route=%2Fwp%2Fv2%2Ftags&post=1477"}],"curies":[{"name":"wp","href":"https:\/\/api.w.org\/{rel}","templated":true}]}}