{"id":14771,"date":"2021-10-20T10:50:37","date_gmt":"2021-10-20T07:50:37","guid":{"rendered":"http:\/\/akdenizolaygazetesi.com\/?p=14771"},"modified":"2021-10-20T10:50:37","modified_gmt":"2021-10-20T07:50:37","slug":"buyuksehir-ekipleri-halki-saglik-konusunda-bilgilendiriyor","status":"publish","type":"post","link":"https:\/\/akdenizolaygazetesi.com\/?p=14771","title":{"rendered":"B\u00dcY\u00dcK\u015eEH\u0130R EK\u0130PLER\u0130, HALKI SA\u011eLIK KONUSUNDA B\u0130LG\u0130LEND\u0130R\u0130YOR"},"content":{"rendered":"<p>Mersin B\u00fcy\u00fck\u015fehir Belediyesi Engelliler ve Sa\u011fl\u0131k Hizmetleri Dairesi\u2019nin mahalle muhtarlar\u0131n\u0131n talepleri do\u011frultusunda hayata ge\u00e7irdi\u011fi \u2018Halk Sa\u011fl\u0131\u011f\u0131 E\u011fitimleri\u2019 projesinin ikincisi Toroslar il\u00e7esinin \u00c7opurlu Mahallesi\u2019nde yap\u0131ld\u0131.<br \/>\nTemel ilk yard\u0131m bilgileri anlat\u0131ld\u0131<br \/>\n\u00c7opurlu Mahallesi sakinlerinin yo\u011fun kat\u0131l\u0131m g\u00f6sterdi\u011fi e\u011fitim program\u0131nda; temel ilk yard\u0131m bilgilerinin yan\u0131 s\u0131ra kanama, yan\u0131k, yaralanma ve zehirlenmelerde ilk yard\u0131m konular\u0131 anlat\u0131ld\u0131. Engelliler ve Sa\u011fl\u0131k Hizmetleri Dairesi\u2019nde g\u00f6revli \u0130lk Yard\u0131m E\u011fitmeni ve Ambulans Koordinat\u00f6r\u00fc K\u00fcr\u015fat G\u00f6kteke taraf\u0131ndan verilen e\u011fitimde kazalara m\u00fcdahale konusunda do\u011fru bilinen yanl\u0131\u015flara da de\u011finildi.<br \/>\n\u201cHalk\u0131m\u0131z\u0131 sa\u011fl\u0131k konusunda bilgilendirmeyi ama\u00e7l\u0131yoruz\u201d<br \/>\nEngelliler ve Sa\u011fl\u0131k Hizmetleri Dairesi Halk Sa\u011fl\u0131\u011f\u0131 ve Denetim \u015eube M\u00fcd\u00fcr\u00fc Bahar G\u00fclcay \u00c7at Bak\u0131r, e\u011fitimlerin ba\u015flama noktas\u0131n\u0131 anlatarak, \u201cE\u011fitimlerimize merkez il\u00e7elerde, Tarsus\u2019un mahallelerini de kapsayacak \u015fekilde devam etmeyi planl\u0131yoruz. E\u011fitimlerimizden sonra tansiyon ve \u015feker \u00f6l\u00e7\u00fcmlerimizi yap\u0131yoruz. Halk\u0131m\u0131z\u0131 sa\u011fl\u0131k konusunda bilgilendirmeyi ama\u00e7l\u0131yoruz\u201d dedi.<br \/>\n\u201cB\u00fcy\u00fck\u015fehir Belediyemizin yapt\u0131\u011f\u0131 g\u00fczel projelerden biri daha\u201d<br \/>\nHalk Sa\u011fl\u0131\u011f\u0131 E\u011fitimleri i\u00e7in \u201cB\u00fcy\u00fck\u015fehir Belediyemizin yapt\u0131\u011f\u0131 g\u00fczel projelerden biri daha\u201d diyen Toroslar \u0130l\u00e7esi \u00c7opurlu Mahalle Muhtar\u0131 Canan Mor, \u201cBiz talep ettik, sa\u011f olsun belediyemiz, Vahap Ba\u015fkan\u0131m\u0131z mahallemize g\u00fczel bir hizmet daha g\u00f6nderdi. Halk Sa\u011fl\u0131\u011f\u0131 G\u00fcnleri dolay\u0131s\u0131yla B\u00fcy\u00fck\u015fehir Belediyesi sa\u011fl\u0131k ekipleri baz\u0131 ilk yard\u0131m bilgileri verdiler. Bu konuda mahallem ad\u0131na \u00e7ok te\u015fekk\u00fcr ediyorum. Mahallem g\u00fczel bilgiler ald\u0131, ben de dahil\u201d diye konu\u015ftu.<\/p>\n","protected":false},"excerpt":{"rendered":"<p>Mersin B\u00fcy\u00fck\u015fehir Belediyesi Engelliler ve Sa\u011fl\u0131k Hizmetleri Dairesi\u2019nin mahalle muhtarlar\u0131n\u0131n talepleri do\u011frultusunda hayata ge\u00e7irdi\u011fi \u2018Halk Sa\u011fl\u0131\u011f\u0131 E\u011fitimleri\u2019 projesinin ikincisi Toroslar il\u00e7esinin \u00c7opurlu Mahallesi\u2019nde yap\u0131ld\u0131. Temel ilk yard\u0131m bilgileri anlat\u0131ld\u0131 \u00c7opurlu &hellip; <a href=\"https:\/\/akdenizolaygazetesi.com\/?p=14771\" class=\"more-link\">Devam\u0131n\u0131 Oku&#8230;<\/a><\/p>\n","protected":false},"author":2,"featured_media":14772,"comment_status":"open","ping_status":"open","sticky":false,"template":"","format":"standard","meta":[],"categories":[3,5,9],"tags":[],"_links":{"self":[{"href":"https:\/\/akdenizolaygazetesi.com\/index.php?rest_route=\/wp\/v2\/posts\/14771"}],"collection":[{"href":"https:\/\/akdenizolaygazetesi.com\/index.php?rest_route=\/wp\/v2\/posts"}],"about":[{"href":"https:\/\/akdenizolaygazetesi.com\/index.php?rest_route=\/wp\/v2\/types\/post"}],"author":[{"embeddable":true,"href":"https:\/\/akdenizolaygazetesi.com\/index.php?rest_route=\/wp\/v2\/users\/2"}],"replies":[{"embeddable":true,"href":"https:\/\/akdenizolaygazetesi.com\/index.php?rest_route=%2Fwp%2Fv2%2Fcomments&post=14771"}],"version-history":[{"count":1,"href":"https:\/\/akdenizolaygazetesi.com\/index.php?rest_route=\/wp\/v2\/posts\/14771\/revisions"}],"predecessor-version":[{"id":14773,"href":"https:\/\/akdenizolaygazetesi.com\/index.php?rest_route=\/wp\/v2\/posts\/14771\/revisions\/14773"}],"wp:featuredmedia":[{"embeddable":true,"href":"https:\/\/akdenizolaygazetesi.com\/index.php?rest_route=\/wp\/v2\/media\/14772"}],"wp:attachment":[{"href":"https:\/\/akdenizolaygazetesi.com\/index.php?rest_route=%2Fwp%2Fv2%2Fmedia&parent=14771"}],"wp:term":[{"taxonomy":"category","embeddable":true,"href":"https:\/\/akdenizolaygazetesi.com\/index.php?rest_route=%2Fwp%2Fv2%2Fcategories&post=14771"},{"taxonomy":"post_tag","embeddable":true,"href":"https:\/\/akdenizolaygazetesi.com\/index.php?rest_route=%2Fwp%2Fv2%2Ftags&post=14771"}],"curies":[{"name":"wp","href":"https:\/\/api.w.org\/{rel}","templated":true}]}}