{"id":1478,"date":"2020-11-04T18:22:02","date_gmt":"2020-11-04T15:22:02","guid":{"rendered":"http:\/\/mersinekonomipolitikagazetesi.com\/?p=1478"},"modified":"2020-11-04T18:22:02","modified_gmt":"2020-11-04T15:22:02","slug":"alzheimer-hastasi-yasli-adam-kayboldu","status":"publish","type":"post","link":"https:\/\/akdenizolaygazetesi.com\/?p=1478","title":{"rendered":"Alzheimer hastas\u0131 ya\u015fl\u0131 adam kayboldu"},"content":{"rendered":"<p>Mersin\u2019in Erdemli il\u00e7esinde kaybolan alzheimer hastas\u0131 ya\u015fl\u0131 adam her yerde aran\u0131yor.<\/p>\n<p style=\"margin: 0px; padding: 5px 0px; border: 0px; font-stretch: inherit; font-size: 12pt; line-height: 22px; font-family: pt_sansregular, Arial, Helvetica; vertical-align: baseline; color: rgb(64, 70, 74); letter-spacing: 0.5pt;\"><span style=\"font-size:16px;\">Edinilen bilgiye g\u00f6re, il\u00e7eye ba\u011fl\u0131 Arpa\u00e7bah\u015fi\u015f Mahallesi\u2019nde ikamet eden alzheimer hastas\u0131 71 ya\u015f\u0131ndaki Mehmet Bayram\u2019dan 1 g\u00fcnd\u00fcr haber al\u0131nam\u0131yor. Yak\u0131nlar\u0131 durumu jandarma ekiplerine bildirdi. Ekiplerin ara\u015ft\u0131rmas\u0131 sonucu ya\u015fl\u0131 adam\u0131n \u2019ben Diyarbak\u0131r\u2019a gidiyorum\u2019 diyerek k\u0131rm\u0131z\u0131 renkli bir bisikletle evinden ayr\u0131ld\u0131\u011f\u0131 belirlendi.<\/span><\/p>\n<p><span style=\"font-size: 16px; color: rgb(64, 70, 74); font-family: pt_sansregular, Arial, Helvetica; letter-spacing: 0.5pt; line-height: 22px;\">Mavi kot pantolon \u00fczerine ye\u015fil bir ceket giyen, ba\u015f\u0131nda da siyah renkli bir bere bulunan ya\u015fl\u0131 adam\u0131n bulunmas\u0131 i\u00e7in g\u00fcvenlik g\u00fc\u00e7leri seferber edilirken, kay\u0131p adam\u0131 g\u00f6renlerin ise 112 haber merkezine bilgi vermeleri istendi.<\/span><\/p>\n","protected":false},"excerpt":{"rendered":"<p>Mersin\u2019in Erdemli il\u00e7esinde kaybolan alzheimer hastas\u0131 ya\u015fl\u0131 adam her yerde aran\u0131yor. Edinilen bilgiye g\u00f6re, il\u00e7eye ba\u011fl\u0131 Arpa\u00e7bah\u015fi\u015f Mahallesi\u2019nde ikamet eden alzheimer hastas\u0131 71 ya\u015f\u0131ndaki Mehmet Bayram\u2019dan 1 g\u00fcnd\u00fcr haber al\u0131nam\u0131yor. &hellip; <a href=\"https:\/\/akdenizolaygazetesi.com\/?p=1478\" class=\"more-link\">Devam\u0131n\u0131 Oku&#8230;<\/a><\/p>\n","protected":false},"author":1,"featured_media":0,"comment_status":"open","ping_status":"open","sticky":false,"template":"","format":"standard","meta":[],"categories":[],"tags":[],"_links":{"self":[{"href":"https:\/\/akdenizolaygazetesi.com\/index.php?rest_route=\/wp\/v2\/posts\/1478"}],"collection":[{"href":"https:\/\/akdenizolaygazetesi.com\/index.php?rest_route=\/wp\/v2\/posts"}],"about":[{"href":"https:\/\/akdenizolaygazetesi.com\/index.php?rest_route=\/wp\/v2\/types\/post"}],"author":[{"embeddable":true,"href":"https:\/\/akdenizolaygazetesi.com\/index.php?rest_route=\/wp\/v2\/users\/1"}],"replies":[{"embeddable":true,"href":"https:\/\/akdenizolaygazetesi.com\/index.php?rest_route=%2Fwp%2Fv2%2Fcomments&post=1478"}],"version-history":[{"count":0,"href":"https:\/\/akdenizolaygazetesi.com\/index.php?rest_route=\/wp\/v2\/posts\/1478\/revisions"}],"wp:attachment":[{"href":"https:\/\/akdenizolaygazetesi.com\/index.php?rest_route=%2Fwp%2Fv2%2Fmedia&parent=1478"}],"wp:term":[{"taxonomy":"category","embeddable":true,"href":"https:\/\/akdenizolaygazetesi.com\/index.php?rest_route=%2Fwp%2Fv2%2Fcategories&post=1478"},{"taxonomy":"post_tag","embeddable":true,"href":"https:\/\/akdenizolaygazetesi.com\/index.php?rest_route=%2Fwp%2Fv2%2Ftags&post=1478"}],"curies":[{"name":"wp","href":"https:\/\/api.w.org\/{rel}","templated":true}]}}