{"id":14780,"date":"2021-10-20T10:57:57","date_gmt":"2021-10-20T07:57:57","guid":{"rendered":"http:\/\/akdenizolaygazetesi.com\/?p=14780"},"modified":"2021-10-20T10:58:33","modified_gmt":"2021-10-20T07:58:33","slug":"hal-mahallesi-yeni-bir-yesil-alana-cocuklar-gonullerince-eglenecekleri-bir-parka-kavustu","status":"publish","type":"post","link":"https:\/\/akdenizolaygazetesi.com\/?p=14780","title":{"rendered":"Hal Mahallesi yeni bir ye\u015fil alana, \u00e7ocuklar g\u00f6n\u00fcllerince e\u011flenecekleri bir parka kavu\u015ftu"},"content":{"rendered":"<p>Akdeniz Belediyesi, Hal Mahallesi\u2019nde bulunan Yasemin Park\u0131\u2019n\u0131 ba\u015ftan sona yenileyip hizmete sundu. Anneleriyle birlikte parka gelen \u00e7ocuklar, oyun gruplar\u0131nda g\u00f6n\u00fcllerince e\u011flendi, spor aletlerinde maharetlerini sergiledi.<br \/>\nAkdeniz\u2019de ye\u015fil alan varl\u0131\u011f\u0131n\u0131 artt\u0131ran Akdeniz Belediyesi, zaman i\u00e7inde \u00f6mr\u00fcn\u00fc tamamlayan veya bak\u0131ms\u0131zl\u0131k nedeniyle at\u0131k kalan park ve ye\u015fil alanlar\u0131 yenileyip kente ve vatanda\u015flara yeniden kazand\u0131r\u0131yor. Bug\u00fcne dek bir\u00e7ok ye\u015fil alan\u0131 yeniden hayata d\u00f6nd\u00fcren Park ve Bah\u00e7eler M\u00fcd\u00fcrl\u00fc\u011f\u00fc ekipleri; son olarak, Hal Mahallesi 141. Cadde \u00fczerindeki Yasemin Park\u0131\u2019nda kapsaml\u0131 bir yenileme \u00e7al\u0131\u015fmas\u0131 yapt\u0131.<br \/>\nPark\u0131n her noktas\u0131na dokunu\u015flar yap\u0131ld\u0131<br \/>\nGe\u00e7mi\u015fte ya\u011f\u0131\u015flar sonucu su bask\u0131nlar\u0131 olu\u015fan park\u0131n zeminine 50 kamyon toprak takviyesi yap\u0131larak zemini y\u00fckseltildi. Daha \u00f6nce kilitta\u015f\u0131 olan park\u0131n zeminine 700 metrekare karo ile 700 metrekare bord\u00fcr d\u00f6\u015fendi. Park\u0131n i\u00e7ine ayr\u0131ca 40 metrekare alana sahip pergola ve oturma grubu; kayd\u0131rak ve sal\u0131ncakl\u0131 oyun gruplar\u0131 ile fitness aletleri konuldu. Park\u0131n i\u00e7inde bulunan \u00c7evre Koruma ve Kontrol M\u00fcd\u00fcrl\u00fc\u011f\u00fc\u2019ne ait binan\u0131n lavabo, duvar ve fayanslar\u0131 yenilenirken, birimin toplant\u0131lar\u0131 i\u00e7in yeni bir alan da haz\u0131rland\u0131.<br \/>\nMiniklerden, Ba\u015fkan G\u00fcltak\u2019a te\u015fekk\u00fcr<br \/>\nBa\u015ftan sona tadilattan ge\u00e7en Yasemin Park\u0131\u2019na ak\u0131n eden mahalleli \u00e7ocuklar, arkada\u015flar\u0131yla birlikte yenilenen kayd\u0131rak ve sal\u0131ncak gibi oyun gruplar\u0131nda g\u00f6n\u00fcllerince e\u011flendi, fitness aletlerinde de h\u00fcnerlerini sergiledi.<br \/>\nMahalleli minikler, park\u0131n yenilenmesi nedeniyle duyduklar\u0131 sevin\u00e7 ve mutluluklar\u0131n\u0131 dile getirip; Akdeniz Belediye Ba\u015fkan\u0131 Mustafa G\u00fcltak ve park bah\u00e7eler ekiplerine te\u015fekk\u00fcr etti. Parka gelen vatanda\u015flar da park\u0131n ortas\u0131na kurulan pergolan\u0131n alt\u0131na yerle\u015ftirilen banklarda dinlenip sohbete dald\u0131.<\/p>\n","protected":false},"excerpt":{"rendered":"<p>Akdeniz Belediyesi, Hal Mahallesi\u2019nde bulunan Yasemin Park\u0131\u2019n\u0131 ba\u015ftan sona yenileyip hizmete sundu. Anneleriyle birlikte parka gelen \u00e7ocuklar, oyun gruplar\u0131nda g\u00f6n\u00fcllerince e\u011flendi, spor aletlerinde maharetlerini sergiledi. Akdeniz\u2019de ye\u015fil alan varl\u0131\u011f\u0131n\u0131 artt\u0131ran &hellip; <a href=\"https:\/\/akdenizolaygazetesi.com\/?p=14780\" class=\"more-link\">Devam\u0131n\u0131 Oku&#8230;<\/a><\/p>\n","protected":false},"author":2,"featured_media":14781,"comment_status":"open","ping_status":"open","sticky":false,"template":"","format":"standard","meta":[],"categories":[3,5],"tags":[],"_links":{"self":[{"href":"https:\/\/akdenizolaygazetesi.com\/index.php?rest_route=\/wp\/v2\/posts\/14780"}],"collection":[{"href":"https:\/\/akdenizolaygazetesi.com\/index.php?rest_route=\/wp\/v2\/posts"}],"about":[{"href":"https:\/\/akdenizolaygazetesi.com\/index.php?rest_route=\/wp\/v2\/types\/post"}],"author":[{"embeddable":true,"href":"https:\/\/akdenizolaygazetesi.com\/index.php?rest_route=\/wp\/v2\/users\/2"}],"replies":[{"embeddable":true,"href":"https:\/\/akdenizolaygazetesi.com\/index.php?rest_route=%2Fwp%2Fv2%2Fcomments&post=14780"}],"version-history":[{"count":2,"href":"https:\/\/akdenizolaygazetesi.com\/index.php?rest_route=\/wp\/v2\/posts\/14780\/revisions"}],"predecessor-version":[{"id":14783,"href":"https:\/\/akdenizolaygazetesi.com\/index.php?rest_route=\/wp\/v2\/posts\/14780\/revisions\/14783"}],"wp:featuredmedia":[{"embeddable":true,"href":"https:\/\/akdenizolaygazetesi.com\/index.php?rest_route=\/wp\/v2\/media\/14781"}],"wp:attachment":[{"href":"https:\/\/akdenizolaygazetesi.com\/index.php?rest_route=%2Fwp%2Fv2%2Fmedia&parent=14780"}],"wp:term":[{"taxonomy":"category","embeddable":true,"href":"https:\/\/akdenizolaygazetesi.com\/index.php?rest_route=%2Fwp%2Fv2%2Fcategories&post=14780"},{"taxonomy":"post_tag","embeddable":true,"href":"https:\/\/akdenizolaygazetesi.com\/index.php?rest_route=%2Fwp%2Fv2%2Ftags&post=14780"}],"curies":[{"name":"wp","href":"https:\/\/api.w.org\/{rel}","templated":true}]}}