{"id":14788,"date":"2021-10-21T11:21:16","date_gmt":"2021-10-21T08:21:16","guid":{"rendered":"http:\/\/akdenizolaygazetesi.com\/?p=14788"},"modified":"2021-10-21T11:21:16","modified_gmt":"2021-10-21T08:21:16","slug":"pembe-bileklik-bilegimde-kontrol-elimde","status":"publish","type":"post","link":"https:\/\/akdenizolaygazetesi.com\/?p=14788","title":{"rendered":"\u201cPEMBE B\u0130LEKL\u0130K B\u0130LE\u011e\u0130MDE KONTROL EL\u0130MDE\u201d"},"content":{"rendered":"<p>Akdeniz Belediyesi Kad\u0131n ve Aile Hizmetleri M\u00fcd\u00fcrl\u00fc\u011f\u00fc taraf\u0131ndan, meme kanserine dikkat \u00e7ekmek amac\u0131yla Akdenizli kad\u0131nlar\u0131n kat\u0131l\u0131m\u0131yla ger\u00e7ekle\u015fen bir fark\u0131ndal\u0131k etkinli\u011fi organize edildi.<br \/>\nD\u00fcnya Sa\u011fl\u0131k \u00d6rg\u00fct\u00fc (WHO) taraf\u0131ndan 2004 y\u0131l\u0131ndan bu yana, meme kanserinde erken te\u015fhisin \u00f6nemi ve meme kanseri fark\u0131ndal\u0131\u011f\u0131n\u0131n vurgulanmas\u0131 amac\u0131yla, her y\u0131l 1-31 Ekim tarihleri aras\u0131, \u201cMeme Kanseri Bilin\u00e7lendirme ve Fark\u0131ndal\u0131k Ay\u0131\u201d olarak belirlenmi\u015ftir. Akdeniz Belediyesi Kad\u0131n ve Aile Hizmetleri M\u00fcd\u00fcrl\u00fc\u011f\u00fc de bu ay kapsam\u0131nda Akdenizli kad\u0131nlara y\u00f6nelik farkl\u0131 ve renkli etkinlikler ger\u00e7ekle\u015ftiriyor.<br \/>\n\u00dccretsiz mamografi taramas\u0131 yap\u0131ld\u0131<br \/>\nAkdeniz Belediyesi Kad\u0131n ve Aile M\u00fcd\u00fcrl\u00fc\u011f\u00fc taraf\u0131ndan kent merkezine uzak k\u0131rsal mahallelerde ya\u015fayan 180 kad\u0131n\u0131n ula\u015f\u0131mlar\u0131 sa\u011flan\u0131p \u00fccretsiz mamografi taramalar\u0131 da ger\u00e7ekle\u015ftirildi. Kat\u0131l\u0131mc\u0131 kad\u0131nlara meme kanseri, erken tan\u0131 ve takip, kendi kendine muayene gibi konularda uzmanlar taraf\u0131ndan bilgilendirici seminer verildi.<br \/>\n\u201cPembe Kurdele Bile\u011finde Kontrol Elinde\u201d slogan\u0131yla bir at\u00f6lye \u00e7al\u0131\u015fmas\u0131n\u0131n da ger\u00e7ekle\u015ftirildi\u011fi bulu\u015fmada kad\u0131nlar, tak\u0131 tasar\u0131m e\u011fitmenleri e\u015fli\u011finde meme kanserinin sembol\u00fc olan pembe kurdeleler ile \u00e7e\u015fitli bileklikler tasarlad\u0131.<\/p>\n","protected":false},"excerpt":{"rendered":"<p>Akdeniz Belediyesi Kad\u0131n ve Aile Hizmetleri M\u00fcd\u00fcrl\u00fc\u011f\u00fc taraf\u0131ndan, meme kanserine dikkat \u00e7ekmek amac\u0131yla Akdenizli kad\u0131nlar\u0131n kat\u0131l\u0131m\u0131yla ger\u00e7ekle\u015fen bir fark\u0131ndal\u0131k etkinli\u011fi organize edildi. D\u00fcnya Sa\u011fl\u0131k \u00d6rg\u00fct\u00fc (WHO) taraf\u0131ndan 2004 y\u0131l\u0131ndan bu &hellip; <a href=\"https:\/\/akdenizolaygazetesi.com\/?p=14788\" class=\"more-link\">Devam\u0131n\u0131 Oku&#8230;<\/a><\/p>\n","protected":false},"author":2,"featured_media":14789,"comment_status":"open","ping_status":"open","sticky":false,"template":"","format":"standard","meta":[],"categories":[1,3,5],"tags":[],"_links":{"self":[{"href":"https:\/\/akdenizolaygazetesi.com\/index.php?rest_route=\/wp\/v2\/posts\/14788"}],"collection":[{"href":"https:\/\/akdenizolaygazetesi.com\/index.php?rest_route=\/wp\/v2\/posts"}],"about":[{"href":"https:\/\/akdenizolaygazetesi.com\/index.php?rest_route=\/wp\/v2\/types\/post"}],"author":[{"embeddable":true,"href":"https:\/\/akdenizolaygazetesi.com\/index.php?rest_route=\/wp\/v2\/users\/2"}],"replies":[{"embeddable":true,"href":"https:\/\/akdenizolaygazetesi.com\/index.php?rest_route=%2Fwp%2Fv2%2Fcomments&post=14788"}],"version-history":[{"count":1,"href":"https:\/\/akdenizolaygazetesi.com\/index.php?rest_route=\/wp\/v2\/posts\/14788\/revisions"}],"predecessor-version":[{"id":14790,"href":"https:\/\/akdenizolaygazetesi.com\/index.php?rest_route=\/wp\/v2\/posts\/14788\/revisions\/14790"}],"wp:featuredmedia":[{"embeddable":true,"href":"https:\/\/akdenizolaygazetesi.com\/index.php?rest_route=\/wp\/v2\/media\/14789"}],"wp:attachment":[{"href":"https:\/\/akdenizolaygazetesi.com\/index.php?rest_route=%2Fwp%2Fv2%2Fmedia&parent=14788"}],"wp:term":[{"taxonomy":"category","embeddable":true,"href":"https:\/\/akdenizolaygazetesi.com\/index.php?rest_route=%2Fwp%2Fv2%2Fcategories&post=14788"},{"taxonomy":"post_tag","embeddable":true,"href":"https:\/\/akdenizolaygazetesi.com\/index.php?rest_route=%2Fwp%2Fv2%2Ftags&post=14788"}],"curies":[{"name":"wp","href":"https:\/\/api.w.org\/{rel}","templated":true}]}}