{"id":14791,"date":"2021-10-21T11:22:45","date_gmt":"2021-10-21T08:22:45","guid":{"rendered":"http:\/\/akdenizolaygazetesi.com\/?p=14791"},"modified":"2021-10-21T11:22:45","modified_gmt":"2021-10-21T08:22:45","slug":"baskan-yilmazdan-muhtarlar-gunune-ozel-bulusma","status":"publish","type":"post","link":"https:\/\/akdenizolaygazetesi.com\/?p=14791","title":{"rendered":"BA\u015eKAN YILMAZ\u2019DAN, MUHTARLAR G\u00dcN\u00dcNE \u00d6ZEL BULU\u015eMA"},"content":{"rendered":"<p>Toroslar Belediye Ba\u015fkan\u0131 Ats\u0131z Af\u015f\u0131n Y\u0131lmaz, 19 Ekim Muhtarlar G\u00fcn\u00fc dolay\u0131s\u0131yla Kuzey K\u0131br\u0131s T\u00fcrk Cumhuriyeti\u2019nden Toroslar\u2019a gelen muhtarlar\u0131 a\u011f\u0131rlad\u0131, il\u00e7e muhtarlar\u0131yla yemekte bulu\u015ftu.<\/p>\n<p>Kuzey K\u0131br\u0131s T\u00fcrk Cumhuriyeti (KKTC) Gazima\u011fusa Muhtarlar Derne\u011fi Ba\u015fkan\u0131 Mustafa Ye\u015filleme ile 16 dernek \u00fcyesi muhtar, Toroslar Belediye Ba\u015fkan\u0131 Ats\u0131z Af\u015f\u0131n Y\u0131lmaz\u2019\u0131 ziyaret etti.<\/p>\n<p>KKTC Cumhurba\u015fkan\u0131 Tatar, Toroslar\u2019a Selamlar\u0131n\u0131 ve Sevgilerini \u0130letti<\/p>\n<p>KKTC Mersin Ba\u015fkonsolosu Zalihe Mendeli\u2019nin de kat\u0131ld\u0131\u011f\u0131 ziyaret s\u0131ras\u0131nda Ba\u015fkan Y\u0131lmaz, KKTC Cumhurba\u015fkan\u0131 Ersin Tatar ile telefonla g\u00f6r\u00fc\u015ft\u00fc. Cumhurba\u015fkan\u0131 Tatar ise Toroslar\u2019a selam ve sevgilerini ileterek, Ba\u015fkan Y\u0131lmaz ile yeniden bir araya gelmekten mutluluk duyacaklar\u0131n\u0131 ifade etti.<\/p>\n<p>KKTC\u2019den Toroslar\u2019a Gelen Muhtarlar, B\u00fcy\u00fck Bir Vefa \u00d6rne\u011fi Sergiledi<\/p>\n<p>Toroslar Belediyesi\u2019nin, Mustafa Kemal Mahallesi\u2019nde bulunan Rauf Raif Denkta\u015f Park\u0131\u2019nda d\u00fczenledi\u011fi anma program\u0131nda, KKTC\u2019den Toroslar\u2019a gelen Muhtarlar, b\u00fcy\u00fck bir vefa \u00f6rne\u011fi de sergiledi.<\/p>\n<p>Programda, KKTC\u2019den getirilen topraklarla fidan dikim etkinli\u011fi ger\u00e7ekle\u015ftirildi. Ba\u015fkan Y\u0131lmaz da KKTC kurucu Cumhurba\u015fkan\u0131 merhum Rauf  Raif Denkta\u015f\u2019\u0131n kabri i\u00e7in Toroslar\u2019\u0131n d\u00f6rt bir yan\u0131ndan toplanan topraklar\u0131 muhtarlara takdim etti.<\/p>\n<p>Ba\u015fkan Y\u0131lmaz; \u201cDikti\u011fimiz fidanlar, yavru vatandan gelen bu topraklarla b\u00fcy\u00fcyecek, b\u00fcy\u00fcd\u00fck\u00e7e k\u00f6k salacak; t\u0131pk\u0131 birli\u011fimiz gibi\u201d dedi.<\/p>\n<p>Fidan dikim etkinli\u011fi \u00f6ncesi s\u00f6z alan T\u00fcrkiye Muhtarlar Federasyonu Mersin \u015eube Ba\u015fkan\u0131 Halil \u0130brahim Sosyal, KKTC\u2019den gelen muhtarlar\u0131 Mersin\u2019de a\u011f\u0131rlamaktan memnuniyet duyduklar\u0131n\u0131 belirterek, organizasyona destek veren KKTC Mersin Ba\u015fkonsolosu Zalihe Mendeli\u2019ye ve Toroslar Belediye Ba\u015fkan\u0131 Ats\u0131z Af\u015f\u0131n Y\u0131lmaz\u2019a te\u015fekk\u00fcr etti.<\/p>\n<p>KKTC Gazima\u011fusa Muhtarlar Derne\u011fi Ba\u015fkan\u0131 Mustafa Ye\u015filleme de Toroslar\u2019\u0131 \u00e7ok sevdiklerini kaydederek; \u201cBizler tek milletiz. Y\u00fcrekten ba\u011fl\u0131 olsak da birbirimizi tan\u0131m\u0131yorduk. Say\u0131n Konsolosumuz sayesinde bir ba\u011f\u0131m\u0131z ve ilelebet s\u00fcrecek bir dostlu\u011fumuz oldu. Bizleri burada a\u011f\u0131rlayan Say\u0131n Belediye Ba\u015fkan\u0131m\u0131z Ats\u0131z Af\u015f\u0131n Y\u0131lmaz\u2019a ve Say\u0131n Halil \u0130brahim Soysal\u2019a te\u015fekk\u00fcr ederiz\u201d diye konu\u015ftu.<\/p>\n<p>KKTC Mersin Ba\u015fkonsolosu Mendeli; \u201cBa\u015fkan\u0131m\u0131z Ats\u0131z Af\u015f\u0131n Y\u0131lmaz, Her Zaman Yan\u0131m\u0131zda\u201d<\/p>\n<p>KKTC Mersin Ba\u015fkonsolosu Zalihe Mendeli ise Toroslar Belediye Ba\u015fkan\u0131 Ats\u0131z Af\u015f\u0131n Y\u0131lmaz\u2019\u0131n her zaman yanlar\u0131nda oldu\u011funu belirterek, t\u00fcm muhtarlar\u0131n muhtarlar g\u00fcn\u00fcn\u00fc kutlad\u0131.<\/p>\n<p>Mendeli; \u201cKuzey K\u0131br\u0131s T\u00fcrk Cumhuriyeti dendi\u011fi zaman akan sular\u0131n durdu\u011funu her platformda hissettiren Belediye Ba\u015fkan\u0131m\u0131z Say\u0131n Ats\u0131z Af\u015f\u0131n Y\u0131lmaz\u2019a te\u015fekk\u00fcr ederiz. Toroslar\u2019da bulunan Rauf Raif Denkta\u015f Park\u0131n\u0131n bizim i\u00e7in anlam\u0131 \u00e7ok b\u00fcy\u00fck. Ulu \u00d6nder Mustafa Kemal Atat\u00fcrk ba\u015fta olmak \u00fczere \u00f6zg\u00fcrl\u00fck m\u00fccadelemizin lideri Dr. Faz\u0131l K\u00fc\u00e7\u00fck\u2019\u00fc, kurucu Cumhurba\u015fkan\u0131m\u0131z merhum Rauf Raif Denkta\u015f\u2019\u0131, vatan\u0131m\u0131z i\u00e7in canlar\u0131n\u0131 feda eden t\u00fcm \u015fehitlerimizi rahmetle, gazilerimizi minnetle yad ediyorum\u201d \u015feklinde konu\u015ftu.<\/p>\n<p>Ba\u015fkan Y\u0131lmaz; \u201cK\u0131br\u0131s\u2019tan Gelen Karde\u015flerimizin, A\u011fabeylerimizin Ziyaretleri Bizleri Mutlu Etti\u201d<\/p>\n<p>Toroslar Belediye Ba\u015fkan\u0131 Ats\u0131z Af\u015f\u0131n Y\u0131lmaz da iki karde\u015f \u00fclke aras\u0131ndaki ba\u011flar\u0131n artarak devam edece\u011fini vurgulad\u0131 ve Toroslar\u2019dan K\u0131br\u0131s\u2019a sevgi, sayg\u0131 ve selamlar\u0131n\u0131 iletti.<\/p>\n<p>\u201cK\u0131br\u0131s\u2019tan karde\u015flerimiz, a\u011fabeylerimiz geldi. \u00c7ok mutlu olduk\u201d diyen Ba\u015fkan Y\u0131lmaz; \u201cK\u0131br\u0131s davas\u0131, \u00fclkemiz, milletimiz ve devletimiz i\u00e7in \u00e7ok \u00f6nemli bir dava. Vatan \u00f6nemli. \u00c7\u00fcnk\u00fc K\u0131br\u0131s vatand\u0131r. Anadolu bizim i\u00e7in neyse K\u0131br\u0131s da bizim i\u00e7in odur. Do\u011fu Akdeniz\u2019deki m\u00fccadelede K\u0131br\u0131s\u2019\u0131n jeostratejik olarak neden \u00f6nemli oldu\u011funu g\u00f6r\u00fcyoruz. Binlerce y\u0131ll\u0131k devlet gelene\u011fimizde her t\u00fcrl\u00fc s\u0131k\u0131nt\u0131y\u0131, derdi \u00e7\u00f6zecek, gerekti\u011finde de milli iradeyle hareket ederek, yumru\u011fu masaya vurma g\u00fcc\u00fcndeyiz. K\u0131br\u0131s Bar\u0131\u015f Harekat\u0131 bunun en \u00f6nemli \u00f6rneklerindendir. \u0130n\u015fallah T\u00fcrkiye, T\u00fcrk Konseyi, T\u00fcrk Kene\u015fi g\u00fc\u00e7lendik\u00e7e K\u0131br\u0131s daha da g\u00fc\u00e7l\u00fc olacakt\u0131r. Birimiz aya\u011fa kalkt\u0131\u011f\u0131nda hepimiz aya\u011fa kalkaca\u011f\u0131z. Allah\u2019\u0131n izniyle daha g\u00fczel g\u00fcnleri hep beraber g\u00f6rece\u011fiz. Bug\u00fcn bize d\u00fc\u015fen K\u0131br\u0131s ile T\u00fcrkiye aras\u0131ndaki ekonomik, sosyal ve siyasi ili\u015fkileri geli\u015ftirmektir. Say\u0131n Cumhurba\u015fkan\u0131m\u0131z Ersin Tatar Bey\u2019e destek olmakt\u0131r. Bizler ve sizler var olduk\u00e7a devletimiz, milletimiz ilelebet payidar kalacakt\u0131r\u201d ifadelerinde bulundu.<\/p>\n<p>\u201cK\u0131br\u0131s ile Toroslar Hep G\u00f6z G\u00f6ze, Diz Dize Olacak\u201d<\/p>\n<p>Ba\u015fkan Y\u0131lmaz, KKTC Cumhurba\u015fkan\u0131 Ersin Tatar\u2019\u0131n Toroslar\u2019a yapt\u0131\u011f\u0131 ziyareti ve Toroslar hakk\u0131ndaki d\u00fc\u015f\u00fcncelerini de hat\u0131rlatarak; \u201cSay\u0131n Cumhurba\u015fkan\u0131m\u0131z Ersin Tatar\u2019\u0131 il\u00e7emizde a\u011f\u0131rlad\u0131k. Kendisi ziyareti s\u0131ras\u0131nda yapt\u0131\u011f\u0131 konu\u015fmas\u0131nda her sabah kalkt\u0131\u011f\u0131nda Toros da\u011flar\u0131na bakt\u0131\u011f\u0131n\u0131, o g\u00fcn Toros da\u011flar\u0131n\u0131 g\u00f6rd\u00fc\u011f\u00fcnde i\u00e7inin mutluluk, huzur kaplad\u0131\u011f\u0131n\u0131 ve g\u00fcne iyi ba\u015flad\u0131\u011f\u0131n\u0131 ifade ettiler. Biz de Toroslar\u0131m\u0131z\u0131n zirvesine \u00e7\u0131kt\u0131\u011f\u0131m\u0131zda ilk bakt\u0131\u011f\u0131m\u0131z yer K\u0131br\u0131s\u2019t\u0131r. K\u0131br\u0131s\u2019\u0131 g\u00f6r\u00fcyorsak mutlu oluyoruz. Toroslar ile K\u0131br\u0131s, hep g\u00f6z g\u00f6ze diz dizedir. Binlerce y\u0131ld\u0131r beraber olmaya devam edecektir\u201d dedi.<\/p>\n<p>Fidan dikimi ile devam eden program, plaket takdimi ile son buldu. Ba\u015fkan Y\u0131lmaz, K\u0131br\u0131sl\u0131 muhtarlara Sel\u00e7uklu \u00e7ift ba\u015fl\u0131 kartal simgeli plaket vererek, g\u00fcnlerini kutlad\u0131.<\/p>\n<p>BA\u015eKAN YILMAZ, \u0130L\u00c7E MUHTARLARIYLA YEMEKTE BULU\u015eTU<\/p>\n<p>Toroslar Belediye Ba\u015fkan\u0131 Ats\u0131z Af\u015f\u0131n Y\u0131lmaz, 19 Ekim Muhtarlar G\u00fcn\u00fc\u2019nde, il\u00e7e mahalle muhtar\u0131yla da yemekte bir araya geldi.<\/p>\n<p>KKTC Mersin Ba\u015fkonsolosu Zalihe Mendeli, T\u00fcrkiye Muhtarlar Federasyonu Mersin \u015eube Ba\u015fkan\u0131 Halil \u0130brahim Soysal, Mersin Muhtarlar Derne\u011fi Ba\u015fkan\u0131 Ali G\u00fclgen, Kuzey K\u0131br\u0131s T\u00fcrk Cumhuriyeti (KKTC) Gazima\u011fusa Muhtarlar Derne\u011fi Ba\u015fkan\u0131 Mustafa Ye\u015filleme ile dernek \u00fcyesi muhtarlar\u0131n da haz\u0131r bulundu\u011fu programa muhtarlar yo\u011fun ilgi g\u00f6sterdi.<\/p>\n<p>S\u0131ra gecesinin de d\u00fczenlendi\u011fi gecede muhtarlarla \u015fark\u0131lar s\u00f6yleyip halay \u00e7eken Ba\u015fkan Y\u0131lmaz, birlik ve beraberli\u011fin daim olmas\u0131n\u0131 dileyerek, t\u00fcm Muhtarlar\u0131n 19 Ekim Muhtarlar G\u00fcn\u00fc\u2019n\u00fc kutlad\u0131.<\/p>\n<p>Ba\u015fkan Y\u0131lmaz,  gecenin sonunda KKTC Mersin Ba\u015fkonsolosu Zalihe Mendeli ile t\u00fcm muhtarlara hediye vererek, sa\u011fl\u0131k, mutluluk ve ba\u015far\u0131lar diledi.<\/p>\n","protected":false},"excerpt":{"rendered":"<p>Toroslar Belediye Ba\u015fkan\u0131 Ats\u0131z Af\u015f\u0131n Y\u0131lmaz, 19 Ekim Muhtarlar G\u00fcn\u00fc dolay\u0131s\u0131yla Kuzey K\u0131br\u0131s T\u00fcrk Cumhuriyeti\u2019nden Toroslar\u2019a gelen muhtarlar\u0131 a\u011f\u0131rlad\u0131, il\u00e7e muhtarlar\u0131yla yemekte bulu\u015ftu. Kuzey K\u0131br\u0131s T\u00fcrk Cumhuriyeti (KKTC) Gazima\u011fusa Muhtarlar &hellip; <a href=\"https:\/\/akdenizolaygazetesi.com\/?p=14791\" class=\"more-link\">Devam\u0131n\u0131 Oku&#8230;<\/a><\/p>\n","protected":false},"author":2,"featured_media":14792,"comment_status":"open","ping_status":"open","sticky":false,"template":"","format":"standard","meta":[],"categories":[1,2,3,5],"tags":[],"_links":{"self":[{"href":"https:\/\/akdenizolaygazetesi.com\/index.php?rest_route=\/wp\/v2\/posts\/14791"}],"collection":[{"href":"https:\/\/akdenizolaygazetesi.com\/index.php?rest_route=\/wp\/v2\/posts"}],"about":[{"href":"https:\/\/akdenizolaygazetesi.com\/index.php?rest_route=\/wp\/v2\/types\/post"}],"author":[{"embeddable":true,"href":"https:\/\/akdenizolaygazetesi.com\/index.php?rest_route=\/wp\/v2\/users\/2"}],"replies":[{"embeddable":true,"href":"https:\/\/akdenizolaygazetesi.com\/index.php?rest_route=%2Fwp%2Fv2%2Fcomments&post=14791"}],"version-history":[{"count":1,"href":"https:\/\/akdenizolaygazetesi.com\/index.php?rest_route=\/wp\/v2\/posts\/14791\/revisions"}],"predecessor-version":[{"id":14793,"href":"https:\/\/akdenizolaygazetesi.com\/index.php?rest_route=\/wp\/v2\/posts\/14791\/revisions\/14793"}],"wp:featuredmedia":[{"embeddable":true,"href":"https:\/\/akdenizolaygazetesi.com\/index.php?rest_route=\/wp\/v2\/media\/14792"}],"wp:attachment":[{"href":"https:\/\/akdenizolaygazetesi.com\/index.php?rest_route=%2Fwp%2Fv2%2Fmedia&parent=14791"}],"wp:term":[{"taxonomy":"category","embeddable":true,"href":"https:\/\/akdenizolaygazetesi.com\/index.php?rest_route=%2Fwp%2Fv2%2Fcategories&post=14791"},{"taxonomy":"post_tag","embeddable":true,"href":"https:\/\/akdenizolaygazetesi.com\/index.php?rest_route=%2Fwp%2Fv2%2Ftags&post=14791"}],"curies":[{"name":"wp","href":"https:\/\/api.w.org\/{rel}","templated":true}]}}