{"id":14797,"date":"2021-10-21T11:26:07","date_gmt":"2021-10-21T08:26:07","guid":{"rendered":"http:\/\/akdenizolaygazetesi.com\/?p=14797"},"modified":"2021-10-21T11:26:07","modified_gmt":"2021-10-21T08:26:07","slug":"yarinbizim-projesi-ikinci-donem-basvurulari-basladi","status":"publish","type":"post","link":"https:\/\/akdenizolaygazetesi.com\/?p=14797","title":{"rendered":"Yar\u0131nBizim Projesi \u0130kinci D\u00f6nem Ba\u015fvurular\u0131 Ba\u015flad\u0131"},"content":{"rendered":"<p>andemi s\u00fcrecinin esas kahramanlar\u0131 olan sa\u011fl\u0131k \u00e7al\u0131\u015fanlar\u0131n\u0131n \u00e7ocuklar\u0131na daha iyi bir gelecek sa\u011flamak, onlar\u0131 ya\u015fama ve kariyer s\u00fcrecine haz\u0131rlamak amac\u0131yla Sabanc\u0131 Toplulu\u011fu\u2019nun ge\u00e7en y\u0131l ilk kez hayata ge\u00e7irdi\u011fi \u201cYar\u0131nBizim\u201d sosyal sorumluluk projesi bu y\u0131l da gen\u00e7lerin yan\u0131nda olmaya devam ediyor. <\/p>\n<p>Ailesinden en az biri sa\u011fl\u0131k \u00e7al\u0131\u015fan\u0131 olan ve \u00fcniversite s\u0131nav\u0131na haz\u0131rlanan gen\u00e7lerin akademik ve ki\u015fisel geli\u015fimlerini desteklerken, onlar\u0131 gelecek kariyerlerine haz\u0131rlamak amac\u0131yla tasarlanan projeye ba\u015fvurular 13 Ekim tarihinde ba\u015flad\u0131. Kariyer planlamas\u0131 ve meslek tan\u0131t\u0131mlar\u0131n\u0131n yan\u0131 s\u0131ra ki\u015fisel fark\u0131ndal\u0131k ve motivasyon e\u011fitimleriyle gen\u00e7lerin bu zorlu s\u00fcreci en kolay \u015fekilde ge\u00e7irmelerinin sa\u011fland\u0131\u011f\u0131 projenin bu y\u0131lki oda\u011f\u0131nda ise \u201cSorumlu Gen\u00e7lik\u201d var. <\/p>\n<p>G\u00fcc\u00fcn\u00fc g\u00f6n\u00fcll\u00fcl\u00fckten al\u0131yor<br \/>\nSabanc\u0131 G\u00f6n\u00fcll\u00fcleri\u2019nin \u00e7abalar\u0131yla ve Toplulu\u011fun g\u00f6n\u00fcll\u00fcl\u00fck vizyonuyla ikinci d\u00f6nemi ba\u015flayan Yar\u0131nBizim projesi, \u00fcniversiteye haz\u0131rlanan sa\u011fl\u0131k \u00e7al\u0131\u015fanlar\u0131n\u0131n \u00e7ocuklar\u0131 ve karde\u015fleri i\u00e7in ikinci kez hayata ge\u00e7iyor. Ge\u00e7en y\u0131l oldu\u011fu gibi bu y\u0131l da Sabanc\u0131 G\u00f6n\u00fcll\u00fcleri\u2019nin yan\u0131 s\u0131ra medya ve kamuoyunun \u00f6nde gelen bir\u00e7ok de\u011ferli isminin de destek verdi\u011fi proje, zengin i\u00e7eri\u011fi, kariyer destek programlar\u0131 ve ki\u015fisel geli\u015fim e\u011fitimleriyle gen\u00e7lerin gelece\u011fe haz\u0131rlanmas\u0131na katk\u0131 sa\u011fl\u0131yor. <\/p>\n<p>\u0130lham veren isimlerle bir araya gelerek onlar\u0131n bilgi ve deneyimlerinden faydalanmaya haz\u0131rlanan gen\u00e7lerin bu zorlu s\u00fcrecine yine mentor isimler e\u015flik ediyor. G\u00f6n\u00fcll\u00fcl\u00fc\u011f\u00fcn g\u00fcc\u00fcnden ilham alarak tasarlanan \u201cmentorluk payda\u015fl\u0131\u011f\u0131\u201d kapsam\u0131nda her bir gencin gelecek hayaline uygun olarak atanan mentorlar, bilgi birikimleri ve ilham veren hikayeleriyle gen\u00e7lere rol model olmay\u0131 s\u00fcrd\u00fcr\u00fcyor. Sabanc\u0131 Toplulu\u011fu\u2019nun sahip oldu\u011fu ileri teknolojinin t\u00fcm imkanlar\u0131n\u0131n da seferber edildi\u011fi proje, gen\u00e7lerin bu zorlu d\u00f6nemde e\u011fitim s\u00fcrecine destek olurken, ayn\u0131 zamanda yeteneklerini ke\u015ffetme, yetkinliklerini geli\u015ftirme, potansiyellerini y\u00fckseltme ve \u00f6\u011frenim s\u00fcre\u00e7lerini y\u00f6netmelerine de destek sa\u011fl\u0131yor. <\/p>\n<p>Gen\u00e7lerin \u201cg\u00f6n\u00fcll\u00fcl\u00fck\u201d yolculu\u011funa e\u015flik ediyor<br \/>\nBirle\u015fmi\u015f Milletler\u2019in d\u00fcnyadaki g\u00f6n\u00fcll\u00fcl\u00fck faaliyetlerinin desteklemesi amac\u0131yla ge\u00e7en y\u0131l ger\u00e7ekle\u015ftirdi\u011fi toplant\u0131ya T\u00fcrkiye ve b\u00f6lgesinden davet edilen tek \u015firket olan Sabanc\u0131 Toplulu\u011fu, Sabanc\u0131 G\u00f6n\u00fcll\u00fcleri program\u0131 ile \u201cen iyi uygulama\u201d \u00f6rnekleri aras\u0131nda se\u00e7ilmi\u015fti. <\/p>\n<p>Sabanc\u0131 Toplulu\u011fu, 90 y\u0131l\u0131 a\u015fan k\u00fclt\u00fcrel miras\u0131yla T\u00fcrkiye\u2019nin toplumsal kalk\u0131nmas\u0131na \u00f6nayak olan, insana ve topluma dokunan projelere \u00f6nc\u00fcl\u00fck etmeyi s\u00fcrd\u00fcrme vizyonunu Yar\u0131nBizim projesi ile de s\u00fcrd\u00fcr\u00fcyor. \u0130\u015fte tam bu nedenle projenin bu y\u0131lki oda\u011f\u0131nda da \u201cSorumlu Gen\u00e7lik\u201d var. Sorumlu vatanda\u015fl\u0131k bilincinden yola \u00e7\u0131karak haz\u0131rlanan proje i\u00e7eri\u011finde bu y\u0131l gelece\u011fi in\u015fa edecek bu gen\u00e7lere g\u00f6n\u00fcll\u00fc\u011f\u00fcn \u00f6neminin aktar\u0131lmas\u0131 planlan\u0131yor. Bu kapsamda g\u00f6n\u00fcll\u00fcl\u00fck at\u00f6lyeleri ve ilham veren hikayelerle zenginle\u015ftirilen proje ile gelece\u011fi in\u015fa edecek gen\u00e7lerin \u201cg\u00f6n\u00fcll\u00fcl\u00fck\u201d yolculuklar\u0131na da katk\u0131 sa\u011flanmas\u0131 planlan\u0131yor.   <\/p>\n<p>Meslek tercihinde ilk s\u0131rada t\u0131p fak\u00fcltesi var<br \/>\nProjenin ilk d\u00f6nemine 626 mentor g\u00f6n\u00fcll\u00fc olarak kat\u0131l\u0131rken, T\u00fcrkiye\u2019nin 65 ilinden 698 gen\u00e7, mentorluk program\u0131, kariyer destek program\u0131 ve ki\u015fisel geli\u015fim e\u011fitimlerine kat\u0131ld\u0131. \u0130lham veren isimlerle bir araya gelerek, onlar\u0131n bilgi ve deneyimlerinden faydalanan gen\u00e7ler, ayn\u0131 zamanda, geli\u015fimlerini destekleyecek pek \u00e7ok i\u00e7erikten yararland\u0131. <\/p>\n<p>Projenin faydalar\u0131 bununla da s\u0131n\u0131rl\u0131 de\u011fil. Yar\u0131nBizim projesi gen\u00e7lerin hedef belirleme, \u00f6zg\u00fcvenlerinde art\u0131\u015f, stresle ba\u015f etmeleri, farkl\u0131 bak\u0131\u015f a\u00e7\u0131lar\u0131 kazanmalar\u0131 ve en \u00f6nemlisi yaln\u0131zl\u0131k hissinden kurtulma s\u00fcre\u00e7lerinde de katk\u0131 sa\u011flad\u0131. Mentorlar ise, bu proje sayesinde g\u00f6n\u00fcll\u00fcl\u00fck bilincinin artt\u0131\u011f\u0131n\u0131, gen\u00e7lerle ileti\u015fim kurma becerilerinin geli\u015fti\u011fini, yeni fikir ve bak\u0131\u015f a\u00e7\u0131lar\u0131 geli\u015ftirdi\u011fini belirtti. <\/p>\n<p>Yar\u0131nBizim gen\u00e7leri, bu zorlu y\u0131lda ger\u00e7ekle\u015fen \u00fcniversite s\u0131nav\u0131nda da \u00f6nemli ba\u015far\u0131lar elde etti. Gen\u00e7lerin kariyer tercihi s\u0131ralamas\u0131nda t\u0131p ve m\u00fchendislik e\u011fitimi ba\u015fta gelirken, hukuk ve psikoloji onlar\u0131 takip etti. Gen\u00e7lerin en \u00e7ok tercih ettikleri \u00fcniversitelerin ba\u015f\u0131nda ise \u0130stanbul \u00dcniversitesi, Bo\u011fazi\u00e7i, ODT\u00dc, Sabanc\u0131 \u00dcniversitesi, Akdeniz ve Ege \u00dcniversitelerinin yan\u0131 s\u0131ra Cerrahpa\u015fa ve Hacettepe \u00dcniversitesi var. <\/p>\n<p>Kimler kat\u0131labilecek, nas\u0131l ba\u015fvurabilecek?<br \/>\nProjeye, sa\u011fl\u0131k \u00e7al\u0131\u015fanlar\u0131n\u0131n 12. s\u0131n\u0131f\u0131nda okuyan ve \u00fcniversiteye haz\u0131rlanan lise mezunu \u00e7ocuklar\u0131yla karde\u015fleri kat\u0131labiliyor. Gen\u00e7lerin projeye kat\u0131lmak i\u00e7in https:\/\/yarinbizim.com\/menti-basvuru-formu.html adresinden kat\u0131l\u0131m formunu doldurmalar\u0131 yeterli. 31 Ekim tarihine kadar ba\u015fvurular\u0131n devam etti\u011fi Yar\u0131nBizim projesi hakk\u0131nda detayl\u0131 bilgiye yarinbizim.com adresinden ula\u015f\u0131labilir.<\/p>\n","protected":false},"excerpt":{"rendered":"<p>andemi s\u00fcrecinin esas kahramanlar\u0131 olan sa\u011fl\u0131k \u00e7al\u0131\u015fanlar\u0131n\u0131n \u00e7ocuklar\u0131na daha iyi bir gelecek sa\u011flamak, onlar\u0131 ya\u015fama ve kariyer s\u00fcrecine haz\u0131rlamak amac\u0131yla Sabanc\u0131 Toplulu\u011fu\u2019nun ge\u00e7en y\u0131l ilk kez hayata ge\u00e7irdi\u011fi \u201cYar\u0131nBizim\u201d sosyal &hellip; <a href=\"https:\/\/akdenizolaygazetesi.com\/?p=14797\" class=\"more-link\">Devam\u0131n\u0131 Oku&#8230;<\/a><\/p>\n","protected":false},"author":2,"featured_media":14798,"comment_status":"open","ping_status":"open","sticky":false,"template":"","format":"standard","meta":[],"categories":[1,3,5],"tags":[],"_links":{"self":[{"href":"https:\/\/akdenizolaygazetesi.com\/index.php?rest_route=\/wp\/v2\/posts\/14797"}],"collection":[{"href":"https:\/\/akdenizolaygazetesi.com\/index.php?rest_route=\/wp\/v2\/posts"}],"about":[{"href":"https:\/\/akdenizolaygazetesi.com\/index.php?rest_route=\/wp\/v2\/types\/post"}],"author":[{"embeddable":true,"href":"https:\/\/akdenizolaygazetesi.com\/index.php?rest_route=\/wp\/v2\/users\/2"}],"replies":[{"embeddable":true,"href":"https:\/\/akdenizolaygazetesi.com\/index.php?rest_route=%2Fwp%2Fv2%2Fcomments&post=14797"}],"version-history":[{"count":1,"href":"https:\/\/akdenizolaygazetesi.com\/index.php?rest_route=\/wp\/v2\/posts\/14797\/revisions"}],"predecessor-version":[{"id":14799,"href":"https:\/\/akdenizolaygazetesi.com\/index.php?rest_route=\/wp\/v2\/posts\/14797\/revisions\/14799"}],"wp:featuredmedia":[{"embeddable":true,"href":"https:\/\/akdenizolaygazetesi.com\/index.php?rest_route=\/wp\/v2\/media\/14798"}],"wp:attachment":[{"href":"https:\/\/akdenizolaygazetesi.com\/index.php?rest_route=%2Fwp%2Fv2%2Fmedia&parent=14797"}],"wp:term":[{"taxonomy":"category","embeddable":true,"href":"https:\/\/akdenizolaygazetesi.com\/index.php?rest_route=%2Fwp%2Fv2%2Fcategories&post=14797"},{"taxonomy":"post_tag","embeddable":true,"href":"https:\/\/akdenizolaygazetesi.com\/index.php?rest_route=%2Fwp%2Fv2%2Ftags&post=14797"}],"curies":[{"name":"wp","href":"https:\/\/api.w.org\/{rel}","templated":true}]}}