{"id":1480,"date":"2020-11-04T18:22:02","date_gmt":"2020-11-04T15:22:02","guid":{"rendered":"http:\/\/mersinekonomipolitikagazetesi.com\/?p=1480"},"modified":"2020-11-04T18:22:02","modified_gmt":"2020-11-04T15:22:02","slug":"rusyanin-uyguladigi-yasaklar-kaldirildi","status":"publish","type":"post","link":"https:\/\/akdenizolaygazetesi.com\/?p=1480","title":{"rendered":"Rusya\u2019n\u0131n Uygulad\u0131\u011f\u0131 Yasaklar Kald\u0131r\u0131ld\u0131!"},"content":{"rendered":"<p>\u00a0<\/p>\n<p><span style=\"font-size:16px;\"><span class=\"m_-7806855220636775102s4\" style=\"color: rgb(34, 34, 34); font-family: arial, sans-serif; line-height: 16.8px;\"><span class=\"m_-7806855220636775102bumpedFont15\" style=\"line-height: 25.2px;\">Ya\u015f meyve ve sebze sekt\u00f6r\u00fcn\u00fcn en \u00f6nemli pazar\u0131 konumunda olan Rusya Federasyonu\u2019nun 2016 y\u0131l\u0131n\u0131n\u00a0<\/span><\/span><span class=\"m_-7806855220636775102s4\" style=\"color: rgb(34, 34, 34); font-family: arial, sans-serif; line-height: 16.8px;\"><span class=\"m_-7806855220636775102bumpedFont15\" style=\"line-height: 25.2px;\">ilk aylar\u0131ndan<\/span><\/span><span class=\"m_-7806855220636775102s4\" style=\"color: rgb(34, 34, 34); font-family: arial, sans-serif; line-height: 16.8px;\"><span class=\"m_-7806855220636775102bumpedFont15\" style=\"line-height: 25.2px;\">\u00a0itibaren\u00a0<\/span><\/span><span class=\"m_-7806855220636775102s4\" style=\"color: rgb(34, 34, 34); font-family: arial, sans-serif; line-height: 16.8px;\"><span class=\"m_-7806855220636775102bumpedFont15\" style=\"line-height: 25.2px;\">T\u00fcrkiye\u2019<wbr \/>den g\u00f6nderilen\u00a0<\/span><\/span><span class=\"m_-7806855220636775102s2\" style=\"color: rgb(34, 34, 34); font-family: arial, sans-serif; line-height: 16.8px; font-weight: bold;\"><span class=\"m_-7806855220636775102bumpedFont15\" style=\"line-height: 25.2px;\">kabak, biber, marul, patl\u0131can<\/span><\/span><span class=\"m_-7806855220636775102s4\" style=\"color: rgb(34, 34, 34); font-family: arial, sans-serif; line-height: 16.8px;\"><span class=\"m_-7806855220636775102bumpedFont15\" style=\"line-height: 25.2px;\">\u00a0ve\u00a0<\/span><\/span><span class=\"m_-7806855220636775102s2\" style=\"color: rgb(34, 34, 34); font-family: arial, sans-serif; line-height: 16.8px; font-weight: bold;\"><span class=\"m_-7806855220636775102bumpedFont15\" style=\"line-height: 25.2px;\">nar<\/span><\/span><span class=\"m_-7806855220636775102s4\" style=\"color: rgb(34, 34, 34); font-family: arial, sans-serif; line-height: 16.8px;\"><span class=\"m_-7806855220636775102bumpedFont15\" style=\"line-height: 25.2px;\">\u00a0\u00fcr\u00fcnleri<\/span><\/span><span class=\"m_-7806855220636775102s4\" style=\"color: rgb(34, 34, 34); font-family: arial, sans-serif; line-height: 16.8px;\"><span class=\"m_-7806855220636775102bumpedFont15\" style=\"line-height: 25.2px;\">ne uygulad\u0131\u011f\u0131\u00a0<\/span><\/span><span class=\"m_-7806855220636775102s4\" style=\"color: rgb(34, 34, 34); font-family: arial, sans-serif; line-height: 16.8px;\"><span class=\"m_-7806855220636775102bumpedFont15\" style=\"line-height: 25.2px;\">ihracat yasa\u011f\u0131,\u00a0<\/span><\/span><span class=\"m_-7806855220636775102s4\" style=\"color: rgb(34, 34, 34); font-family: arial, sans-serif; line-height: 16.8px;\"><span class=\"m_-7806855220636775102bumpedFont15\" style=\"line-height: 25.2px;\">ba\u015fta T\u00fcrkiye Ya\u015f Meyve ve Sebze Sekt\u00f6r Kurulu ve Akdeniz Ya\u015f Meyve Sebze \u0130hracat\u00e7\u0131lar Birli\u011fi Ba\u015fkan\u0131 Ali Kavak\u00a0olmak \u00fczere Sekt\u00f6r Kurulu \u00dcyeleri ve di\u011fer Birlik Ba\u015fkanlar\u0131m\u0131z\u0131n\u00a0<\/span><\/span><span class=\"m_-7806855220636775102s4\" style=\"color: rgb(34, 34, 34); font-family: arial, sans-serif; line-height: 16.8px;\"><span class=\"m_-7806855220636775102bumpedFont15\" style=\"line-height: 25.2px;\">yo\u011fun gayre<\/span><\/span><span class=\"m_-7806855220636775102s4\" style=\"color: rgb(34, 34, 34); font-family: arial, sans-serif; line-height: 16.8px;\"><span class=\"m_-7806855220636775102bumpedFont15\" style=\"line-height: 25.2px;\">tleri ve ba\u015far\u0131l\u0131\u00a0<\/span><\/span><span class=\"m_-7806855220636775102s4\" style=\"color: rgb(34, 34, 34); font-family: arial, sans-serif; line-height: 16.8px;\"><span class=\"m_-7806855220636775102bumpedFont15\" style=\"line-height: 25.2px;\">giri\u015fimleri sonucunda<\/span><\/span><span class=\"m_-7806855220636775102s4\" style=\"color: rgb(34, 34, 34); font-family: arial, sans-serif; line-height: 16.8px;\"><span class=\"m_-7806855220636775102bumpedFont15\" style=\"line-height: 25.2px;\">\u00a0firma k\u0131s\u0131tlamas\u0131 olmaks\u0131z\u0131n<\/span><\/span><span class=\"m_-7806855220636775102s4\" style=\"color: rgb(34, 34, 34); font-family: arial, sans-serif; line-height: 16.8px;\"><span class=\"m_-7806855220636775102bumpedFont15\" style=\"line-height: 25.2px;\">\u00a05 Mart 2018 itibariyle kald\u0131r\u0131lm\u0131\u015ft\u0131r.<\/span><\/span><\/span><\/p>\n","protected":false},"excerpt":{"rendered":"<p>\u00a0 Ya\u015f meyve ve sebze sekt\u00f6r\u00fcn\u00fcn en \u00f6nemli pazar\u0131 konumunda olan Rusya Federasyonu\u2019nun 2016 y\u0131l\u0131n\u0131n\u00a0ilk aylar\u0131ndan\u00a0itibaren\u00a0T\u00fcrkiye\u2019den g\u00f6nderilen\u00a0kabak, biber, marul, patl\u0131can\u00a0ve\u00a0nar\u00a0\u00fcr\u00fcnlerine uygulad\u0131\u011f\u0131\u00a0ihracat yasa\u011f\u0131,\u00a0ba\u015fta T\u00fcrkiye Ya\u015f Meyve ve Sebze Sekt\u00f6r Kurulu ve &hellip; <a href=\"https:\/\/akdenizolaygazetesi.com\/?p=1480\" class=\"more-link\">Devam\u0131n\u0131 Oku&#8230;<\/a><\/p>\n","protected":false},"author":1,"featured_media":0,"comment_status":"open","ping_status":"open","sticky":false,"template":"","format":"standard","meta":[],"categories":[],"tags":[],"_links":{"self":[{"href":"https:\/\/akdenizolaygazetesi.com\/index.php?rest_route=\/wp\/v2\/posts\/1480"}],"collection":[{"href":"https:\/\/akdenizolaygazetesi.com\/index.php?rest_route=\/wp\/v2\/posts"}],"about":[{"href":"https:\/\/akdenizolaygazetesi.com\/index.php?rest_route=\/wp\/v2\/types\/post"}],"author":[{"embeddable":true,"href":"https:\/\/akdenizolaygazetesi.com\/index.php?rest_route=\/wp\/v2\/users\/1"}],"replies":[{"embeddable":true,"href":"https:\/\/akdenizolaygazetesi.com\/index.php?rest_route=%2Fwp%2Fv2%2Fcomments&post=1480"}],"version-history":[{"count":0,"href":"https:\/\/akdenizolaygazetesi.com\/index.php?rest_route=\/wp\/v2\/posts\/1480\/revisions"}],"wp:attachment":[{"href":"https:\/\/akdenizolaygazetesi.com\/index.php?rest_route=%2Fwp%2Fv2%2Fmedia&parent=1480"}],"wp:term":[{"taxonomy":"category","embeddable":true,"href":"https:\/\/akdenizolaygazetesi.com\/index.php?rest_route=%2Fwp%2Fv2%2Fcategories&post=1480"},{"taxonomy":"post_tag","embeddable":true,"href":"https:\/\/akdenizolaygazetesi.com\/index.php?rest_route=%2Fwp%2Fv2%2Ftags&post=1480"}],"curies":[{"name":"wp","href":"https:\/\/api.w.org\/{rel}","templated":true}]}}