{"id":14803,"date":"2021-10-21T11:29:28","date_gmt":"2021-10-21T08:29:28","guid":{"rendered":"http:\/\/akdenizolaygazetesi.com\/?p=14803"},"modified":"2021-10-21T11:29:28","modified_gmt":"2021-10-21T08:29:28","slug":"eski-sporcular-yine-sahalarin-tozunu-attirdi","status":"publish","type":"post","link":"https:\/\/akdenizolaygazetesi.com\/?p=14803","title":{"rendered":"ESK\u0130 SPORCULAR Y\u0130NE SAHALARIN TOZUNU ATTIRDI"},"content":{"rendered":"<p>Mersin B\u00fcy\u00fck\u015fehir Belediyesi Gen\u00e7lik ve Spor Hizmetleri Dairesi\u2019nin \u201cForm Ge\u00e7ici, Klas Kal\u0131c\u0131\u201d slogan\u0131yla d\u00fczenledi\u011fi \u201cVeteranlar Naftalin Ligi\u201dnin ilk ma\u00e7lar\u0131 oynand\u0131. \u0130lk g\u00fcnde ger\u00e7ekle\u015ftirilen iki ayr\u0131 ma\u00e7ta, 45 ya\u015f \u00fcst\u00fc sporcular eski g\u00fcnlere d\u00f6nmenin heyecan\u0131 ya\u015fand\u0131. Final ma\u00e7\u0131, 3 Ocak Mersin\u2019in Kurtulu\u015f G\u00fcn\u00fc\u2019nde oynanacak.<br \/>\nGoller pe\u015f pe\u015fe geldi<br \/>\nB\u00fcy\u00fck\u015fehir Belediyesi Genel Sekreter Yard\u0131mc\u0131s\u0131 Hasan G\u00f6kbel\u2019in de izleyiciler aras\u0131nda oldu\u011fu ma\u00e7ta B\u00fcy\u00fck\u015fehir Belediyesi Zab\u0131ta Dairesi Ba\u015fkan\u0131 Fuat Tu\u011fluo\u011flu ile spor kariyeri yapm\u0131\u015f bir\u00e7ok isim Veteranlar Ligi\u2019nde top ko\u015fturan sporcular aras\u0131nda yer ald\u0131. Macit \u00d6zcan Spor Tesisleri\u2019nde 30\u2019ar dakikal\u0131k iki devre halinde oynanan ma\u00e7ta, \u00d6m\u00fcr Veteranlar-Paskolik Veteranlar ile Akdeniz Karacailyas-Mersin Master kar\u015f\u0131 kar\u015f\u0131ya geldi. Ma\u00e7lar\u0131 \u00d6m\u00fcr Veteranlar 12-2, Akdeniz Karacailyas 3-1\u2019lik skorla kazand\u0131. Kar\u015f\u0131la\u015fmay\u0131, B\u00fcy\u00fck\u015fehir&#8217;in K\u0131r \u00c7i\u00e7ekleri projesinde e\u011fitim alan k\u0131z \u00f6\u011frenciler de b\u00fcy\u00fck bir heyecanla izledi.<br \/>\n\u201cKeyifli m\u00fcsabakalar izlettirin bize\u201d<br \/>\nGen\u00e7lik ve Spor Hizmetleri Dairesi Ba\u015fkan\u0131 Ahmet Tarak\u00e7\u0131, eski dostlar ve eski sporcularla bir araya gelmenin mutlulu\u011funu ya\u015fad\u0131klar\u0131n\u0131 belirterek, \u201cSizler bizim i\u00e7in \u00e7ok de\u011ferlisiniz. O y\u00fczden ligimizin ismini Naftalin koyduk. 16 tak\u0131mla ba\u015fl\u0131yoruz. T\u00fcm tak\u0131mlara ba\u015far\u0131lar diliyorum, \u00f6nceli\u011fimiz sa\u011fl\u0131kla herhangi bir sakatl\u0131k olmadan g\u00fczel m\u00fcsabakalar olsun. Tak\u0131mlardan \u00f6nce isimlerinize yak\u0131\u015f\u0131r m\u00fccadele edin. Keyifli m\u00fcsabakalar izlettirin bize. Biz de keyif alal\u0131m\u201d dedi.<br \/>\nTarak\u00e7\u0131, ilerleyen d\u00f6nemlerde Ayak Tenisi Turnuvas\u0131\u2019n\u0131n da yap\u0131laca\u011f\u0131n\u0131 duyurarak, \u201cBu turnuvan\u0131n finalini 3 Ocak olarak planl\u0131yoruz, Mersin\u2019in Kurtulu\u015f G\u00fcn\u00fc\u2019nde. Hemen akabinde \u00f6n\u00fcm\u00fczdeki haftalarda duyacaks\u0131n\u0131z, Ayak Tenisi Turnuvas\u0131 yapaca\u011f\u0131z. Hepinizi o turnuvaya da bekliyorum. Hepinize ba\u015far\u0131lar diliyorum, sa\u011fl\u0131klar diliyorum\u201d diye konu\u015ftu.<br \/>\n\u201cSpor ger\u00e7ekten bir araya getirici\u201d<br \/>\nZab\u0131ta Dairesi Ba\u015fkan\u0131 Fuat Tu\u011fluo\u011flu, eski g\u00fcnleri and\u0131klar\u0131n\u0131 ve sporun hayat boyu olmas\u0131 gerekti\u011fini dile getirerek, \u015funlar\u0131 s\u00f6yledi:<br \/>\n\u201cSpor yapmak \u00f6nemli. Belli bir ya\u015ftan sonra insanlar\u0131n kaslar\u0131 eriyor ya da kilo al\u0131yorsunuz, kendinizi daha a\u011f\u0131r hissediyorsunuz. Bu ba\u011flamda da Belediyemizin d\u00fczenlemi\u015f oldu\u011fu bu turnuvada oynamaktan gurur duyuyoruz. Eskiden top oynad\u0131\u011f\u0131m\u0131z arkada\u015flar\u0131m\u0131z, b\u00fcy\u00fcklerimiz, hocalar\u0131m\u0131z onlarla da beraber oynamak, kayna\u015fmak \u00e7ok g\u00fczel oldu. Eski g\u00fcnlere geri gittik. Bu y\u00fczden ba\u015fta Say\u0131n Vahap Ba\u015fkan\u0131m\u0131z olmak \u00fczere tertip eden herkese te\u015fekk\u00fcr ediyoruz. Bu sayede kayna\u015f\u0131yoruz. Spor ger\u00e7ekten ba\u011flay\u0131c\u0131, bir araya getirici, bu g\u00fcn de onu g\u00f6r\u00fcyoruz. Uzun s\u00fcredir g\u00f6rmedi\u011finiz arkada\u015flar\u0131m\u0131z\u0131 g\u00f6rd\u00fck.\u201d<br \/>\n\u201c\u015eehrimizin spor anlam\u0131nda b\u00fct\u00fcnl\u00fc\u011f\u00fc i\u00e7in bu t\u00fcr organizasyonlara ihtiyac\u0131 var\u201d<br \/>\nMersin \u0130dman Yurdu Kul\u00fcp Ba\u015fkan\u0131 \u015eevket Varan, Mersin\u2019in sporda ileriye gitmesi i\u00e7in desteklenmesi gerekti\u011fini s\u00f6yleyerek, \u201c\u015eehrimizin spor anlam\u0131nda b\u00fct\u00fcnl\u00fc\u011f\u00fc i\u00e7in bu t\u00fcr organizasyonlara ihtiyac\u0131 var. Biz de her zaman bu t\u00fcr organizasyonlara kat\u0131l\u0131m sa\u011fl\u0131yoruz. Kendimiz kat\u0131lamasak bile insanlar\u0131 te\u015fvik ediyoruz\u201d diye konu\u015ftu.<br \/>\n\u201cB\u00f6yle ma\u00e7lar\u0131n yap\u0131lmas\u0131n\u0131, bir arada olmay\u0131 \u00e7ok istiyoruz\u201d<br \/>\nMersin \u0130dman Yurdu\u2019nun ve \u0130skenderun Spor\u2019un eski oyuncusu Mehmet Levent Ar\u0131kdo\u011fan ise \u201c15 sene Mersin \u0130dman Yurdu tak\u0131m\u0131nda oynad\u0131m. 10 y\u0131l da hocal\u0131\u011f\u0131n\u0131 yapt\u0131m Mersin \u0130dman Yurdu\u2019nun. \u00c7ok keyif ald\u0131m. Bizim eski gen\u00e7 oyuncular\u0131m\u0131z\u0131n en b\u00fcy\u00fckleriyim a\u015fa\u011f\u0131 yukar\u0131. \u015eu ma\u00e7tan sanki lig ma\u00e7lar\u0131ndaki gibi bir keyif ald\u0131m. B\u00f6yle ma\u00e7lar\u0131n yap\u0131lmas\u0131n\u0131, bir arada olmay\u0131 \u00e7ok istiyoruz\u201d ifadelerine yer verdi.<br \/>\nAli \u015eanl\u0131, ma\u00e7\u0131 kaybetseler de \u00e7ok keyif ald\u0131klar\u0131n\u0131 belirterek, \u201cBu ma\u00e7\u0131 k\u00fc\u00e7\u00fck bir farkla kaybettik. Di\u011fer ma\u00e7ta daha iyi olaca\u011f\u0131m\u0131za inan\u0131yorum. Ben kendimi bildim bileli spor yap\u0131yorum. Bu t\u00fcr f\u0131rsatlar\u0131 da de\u011ferlendirmeye \u00e7al\u0131\u015f\u0131yorum. Elimizden geldi\u011fi kadar b\u00fct\u00fcn organizasyonlarda oynuyoruz\u201d dedi.<\/p>\n","protected":false},"excerpt":{"rendered":"<p>Mersin B\u00fcy\u00fck\u015fehir Belediyesi Gen\u00e7lik ve Spor Hizmetleri Dairesi\u2019nin \u201cForm Ge\u00e7ici, Klas Kal\u0131c\u0131\u201d slogan\u0131yla d\u00fczenledi\u011fi \u201cVeteranlar Naftalin Ligi\u201dnin ilk ma\u00e7lar\u0131 oynand\u0131. \u0130lk g\u00fcnde ger\u00e7ekle\u015ftirilen iki ayr\u0131 ma\u00e7ta, 45 ya\u015f \u00fcst\u00fc sporcular &hellip; <a href=\"https:\/\/akdenizolaygazetesi.com\/?p=14803\" class=\"more-link\">Devam\u0131n\u0131 Oku&#8230;<\/a><\/p>\n","protected":false},"author":2,"featured_media":14804,"comment_status":"open","ping_status":"open","sticky":false,"template":"","format":"standard","meta":[],"categories":[3,10],"tags":[],"_links":{"self":[{"href":"https:\/\/akdenizolaygazetesi.com\/index.php?rest_route=\/wp\/v2\/posts\/14803"}],"collection":[{"href":"https:\/\/akdenizolaygazetesi.com\/index.php?rest_route=\/wp\/v2\/posts"}],"about":[{"href":"https:\/\/akdenizolaygazetesi.com\/index.php?rest_route=\/wp\/v2\/types\/post"}],"author":[{"embeddable":true,"href":"https:\/\/akdenizolaygazetesi.com\/index.php?rest_route=\/wp\/v2\/users\/2"}],"replies":[{"embeddable":true,"href":"https:\/\/akdenizolaygazetesi.com\/index.php?rest_route=%2Fwp%2Fv2%2Fcomments&post=14803"}],"version-history":[{"count":1,"href":"https:\/\/akdenizolaygazetesi.com\/index.php?rest_route=\/wp\/v2\/posts\/14803\/revisions"}],"predecessor-version":[{"id":14805,"href":"https:\/\/akdenizolaygazetesi.com\/index.php?rest_route=\/wp\/v2\/posts\/14803\/revisions\/14805"}],"wp:featuredmedia":[{"embeddable":true,"href":"https:\/\/akdenizolaygazetesi.com\/index.php?rest_route=\/wp\/v2\/media\/14804"}],"wp:attachment":[{"href":"https:\/\/akdenizolaygazetesi.com\/index.php?rest_route=%2Fwp%2Fv2%2Fmedia&parent=14803"}],"wp:term":[{"taxonomy":"category","embeddable":true,"href":"https:\/\/akdenizolaygazetesi.com\/index.php?rest_route=%2Fwp%2Fv2%2Fcategories&post=14803"},{"taxonomy":"post_tag","embeddable":true,"href":"https:\/\/akdenizolaygazetesi.com\/index.php?rest_route=%2Fwp%2Fv2%2Ftags&post=14803"}],"curies":[{"name":"wp","href":"https:\/\/api.w.org\/{rel}","templated":true}]}}