{"id":14812,"date":"2021-10-22T12:26:49","date_gmt":"2021-10-22T09:26:49","guid":{"rendered":"http:\/\/akdenizolaygazetesi.com\/?p=14812"},"modified":"2021-10-22T12:26:49","modified_gmt":"2021-10-22T09:26:49","slug":"kiziltan-gultakin-destekleri-ilerisi-icin-umut-veriyor","status":"publish","type":"post","link":"https:\/\/akdenizolaygazetesi.com\/?p=14812","title":{"rendered":"K\u0131z\u0131ltan: &#8220;G\u00fcltak&#8217;\u0131n destekleri ilerisi i\u00e7in umut veriyor&#8221;"},"content":{"rendered":"<p>Ba\u015fkan Mustafa G\u00fcltak; nakliyeci esnaf\u0131 ile bir araya gelerek, belediye olarak yasal haklar\u0131 olmas\u0131na ra\u011fmen Huzurkent&#8217;te bulunan 94 d\u00f6n\u00fcml\u00fck arazi ile ilgili hukuki ba\u015fvuruda bulunmayacaklar\u0131n\u0131 ve Mersin B\u00fcy\u00fck\u015fehir Belediyesi&#8217;nin \u00f6n\u00fcn\u00fc a\u00e7acaklar\u0131n\u0131 kaydetti. Nakliyeci esnaf\u0131ndan te\u015fekk\u00fcr alan Ba\u015fkan G\u00fcltak; &#8220;Bu i\u015f kamu yarar\u0131na yap\u0131lan bir i\u015ftir. Derdimiz kavga de\u011fil; memleketin sorunlar\u0131n\u0131 \u00e7\u00f6zmek&#8221; dedi.<br \/>\nMersin Nakliyeciler Sitesi&#8217;ndeki toplant\u0131ya Ba\u015fkan Mustafa G\u00fcltak&#8217;a, Ba\u015fkan Yard\u0131mc\u0131lar\u0131, birim m\u00fcd\u00fcrleri, Mersin Ticaret ve Sanayi Odas\u0131 (MTSO) Y\u00f6netim Kurulu Ba\u015fkan\u0131 Ayhan K\u0131z\u0131ltan, Nakliyeciler Derne\u011fi Ba\u015fkan\u0131 Mehmet Bozkurt ve Dernek Y\u00f6netim Kurulu \u00fcyeleri ile \u00e7ok say\u0131da esnaf kat\u0131ld\u0131. Mersin Nakliyeciler Derne\u011fi Ba\u015fkan\u0131 Mehmet Bozkurt, bahse konu arazinin Akdeniz Belediyesi&#8217;ne ait oldu\u011funu Ba\u015fkan G\u00fcltak&#8217;tan \u00f6\u011frendiklerini ifade ederek, &#8220;Araziye ili\u015fkin mahkeme gibi bir durumla kar\u015f\u0131la\u015faca\u011f\u0131m\u0131z a\u015fik\u00e2rd\u0131. Geldik; sizinle de g\u00f6r\u00fc\u015f\u00fcp rica ettik. Siz de zaten son Meclis konu\u015fman\u0131zda canl\u0131 yay\u0131nda desteklerinizi bizzat a\u00e7\u0131klad\u0131n\u0131z. Sizlere \u00e7ok te\u015fekk\u00fcr ediyoruz&#8221; diye konu\u015ftu.<br \/>\nK\u0131z\u0131ltan: &#8220;G\u00fcltak&#8217;\u0131n destekleri ilerisi i\u00e7in umut veriyor&#8221;<br \/>\nMTSO Ba\u015fkan\u0131 Ayhan K\u0131z\u0131ltan ise, Ba\u015fkan G\u00fcltak&#8217;\u0131n Mersin&#8217;in i\u015f d\u00fcnyas\u0131na, esnaf\u0131na, sosyal ya\u015fam\u0131na ve k\u00fclt\u00fcr\u00fcne \u00e7ok ciddi destekler sundu\u011funun alt\u0131n\u0131 \u00e7izerek, &#8220;Bu destekleri g\u00f6stermeniz,  bizlerle ve \u015fehrin di\u011fer kurumlar\u0131 ile dayan\u0131\u015fma i\u00e7inde olman\u0131z hepimize ilerisi i\u00e7in umut veriyor. Nakliyecilere de katk\u0131n\u0131z b\u00fcy\u00fck oldu\u011fu i\u00e7in bu durumun da k\u0131sa bir s\u00fcrede sorunsuz bir \u015fekilde bitece\u011fini d\u00fc\u015f\u00fcn\u00fcyorum&#8221; ifadelerini kulland\u0131.<br \/>\n&#8220;Nakliyeci esnaf\u0131n\u0131n b\u00f6lgemizden gitmesini istemiyoruz&#8221;<br \/>\nBa\u015fkan Mustafa G\u00fcltak ise, Ba\u015fkan Bozkurt&#8217;a; Huzurkent&#8217;teki araziden neden bahsetti\u011fini \u015fu s\u00f6zlerle anlatt\u0131; &#8220;O araziden kendisinin haberi yoktu. Ba\u015fkan\u0131m, \u2018bize bir arazi g\u00f6ster\u2019 dedi. Ben de \u2018bir yer var ama oras\u0131 benim kontrol\u00fcmden \u00e7\u0131k\u0131yor; g\u00f6r\u00fc\u015f\u00fcn; \u2018onay verilirse biz de destek veririz\u2019 dedik. \u00c7\u00fcnk\u00fc sizlerin de bizim b\u00f6lgemizden \u00e7\u0131k\u0131p ba\u015fka bir b\u00f6lgeye gitmenizi istemiyorum. Siz birer zenginliksiniz. Sizleri seviyoruz ve kendi b\u00f6lgemizde sizlere hizmet etmek istiyoruz. &#8221;<br \/>\n&#8220;Bu arazi olduk\u00e7a de\u011ferli bir yerde&#8221;<br \/>\nNakliyeci esnaf\u0131na g\u00fczel bir yerin yap\u0131lmas\u0131n\u0131n \u015fart oldu\u011funa vurgu yapan Ba\u015fkan G\u00fcltak; &#8220;Ba\u015fkana gidin konu\u015fun biz de yard\u0131mc\u0131 olal\u0131m dedik. Bu 94 d\u00f6n\u00fcml\u00fck arazinin ilk sahibi Huzurkent Belediyesi&#8217;dir. Biliyorsunuz belde belediyeleri kapand\u0131ktan sonra b\u00fct\u00fcn mal varl\u0131klar\u0131 il\u00e7e belediyelerine ge\u00e7ti. Sadece hal, ula\u015f\u0131m, altyap\u0131, MESK\u0130&#8217;yi ilgilendiren birimleri varsa o birimler, belde belediyelerinden alacaklar\u0131, bor\u00e7lar\u0131 ve t\u00fcm mal varl\u0131\u011f\u0131 ile direkt B\u00fcy\u00fck\u015fehir\u2019e ba\u011fland\u0131. Bu 94 d\u00f6n\u00fcm arazi \u00e7ok g\u00fczel bir yerde ve olduk\u00e7a da de\u011ferli bir yer. Basit bir arazi de\u011fil&#8221; dedi.<br \/>\n&#8220;Bu arazi Akdeniz&#8217;de ya\u015fayan insanlar\u0131nd\u0131r&#8221;<br \/>\nBa\u015fkan G\u00fcltak; Huzurkent Belediyesi kapand\u0131\u011f\u0131ndan dolay\u0131 enc\u00fcmen karar\u0131 ile arazinin Akdeniz Belediyesi&#8217;ne devredildi\u011fini belirterek; &#8220;D\u00f6neminde hal olarak i\u015faretlenmi\u015f. Orada hal olur mu? Olmaz. Bunun \u00fczerine bir \u00f6nceki B\u00fcy\u00fck\u015fehir Belediye Ba\u015fkan\u0131 ile Akdeniz Belediye Ba\u015fkan\u0131 aras\u0131ndaki bu konu mahkemeye ta\u015f\u0131nm\u0131\u015f. B\u00fcy\u00fck\u015fehir, \u2018buras\u0131 imarda hal g\u00f6z\u00fckt\u00fc\u011f\u00fc i\u00e7in bizim olmal\u0131\u2019 demi\u015f. Yerel mahkemede Akdeniz Belediyesi kazanm\u0131\u015f. Neden kazanm\u0131\u015f? \u0130marda hal olarak g\u00f6z\u00fck\u00fcyor ama hal yap\u0131lma durumu yok. Kar\u015f\u0131 tarafa soruyor; \u2018Hal yapacak m\u0131s\u0131n?\u2019 Yok&#8230; \u2018Hal yapmayacaksan buray\u0131 neden istiyorsun?\u2019 deniyor. \u00c7\u00fcnk\u00fc buray\u0131 B\u00fcy\u00fck\u015fehir hal yapmak kayd\u0131yla alabilir. Yerel mahkeme buray\u0131 reddediyor. Antalya Mahkemesi ve Yarg\u0131tay da karar\u0131 aleyhimize bozuyor. Hukukun vermi\u015f oldu\u011fu karar sayg\u0131 duymak zorunday\u0131z. Sonu\u00e7 itibar\u0131 ile hal yap\u0131lmayacak. O zaman bu 94 d\u00f6n\u00fcm arazi Huzurkent&#8217;in ve Akdeniz&#8217;de ya\u015fayan insanlar\u0131nd\u0131r&#8221; ifadelerini kulland\u0131.<br \/>\n&#8220;Sizler Akdeniz&#8217;e b\u00fcy\u00fck de\u011fer kat\u0131yorsunuz&#8221;<br \/>\nS\u00fcreci de\u011ferlendirirken bu konular\u0131 kendisinin ortaya koydu\u011funa dikkat \u00e7eken Ba\u015fkan G\u00fcltak s\u00f6zlerini \u015f\u00f6yle s\u00fcrd\u00fcrd\u00fc: &#8220;Ben, \u2018davac\u0131 olmam\u2019 dedim. Sonu\u00e7ta Akdeniz&#8217;de kal\u0131yorsunuz. Yapt\u0131\u011f\u0131n\u0131z bu ekonomik katk\u0131dan kim faydalanacak? Akdeniz&#8217;in insanlar\u0131 faydalanacak. Siz de ekonomik imk\u00e2nlar da burada kalacak; bir yere gitmeyecek. Sizin gibi \u00e7ok de\u011ferli bir kurumun bu b\u00f6lgede kalmas\u0131 buraya da \u00e7ok b\u00fcy\u00fck bir de\u011fer kat\u0131yor. Ayr\u0131ca Huzurkent&#8217;in mezarl\u0131k sorunu da var. B\u00f6ylelikle Huzurkent&#8217;in bu sorunu da \u00e7\u00f6z\u00fclecek. Hi\u00e7bir hukuki ba\u015fvuruda bulunmayaca\u011f\u0131z. Bu i\u015f kamu yarar\u0131na yap\u0131lan bir i\u015f. Derdimiz kavga de\u011fil. Derdimiz her zaman i\u00e7in memleketin sorunlar\u0131n\u0131 \u00e7\u00f6zmek.&#8221;<br \/>\nBa\u015fkan Mustafa G\u00fcltak, Yarg\u0131tay\u2019\u0131n ilgili karar\u0131n\u0131 da nakliyeci esnaf\u0131na da\u011f\u0131tarak bilgilenmelerini sa\u011flad\u0131. <\/p>\n","protected":false},"excerpt":{"rendered":"<p>Ba\u015fkan Mustafa G\u00fcltak; nakliyeci esnaf\u0131 ile bir araya gelerek, belediye olarak yasal haklar\u0131 olmas\u0131na ra\u011fmen Huzurkent&#8217;te bulunan 94 d\u00f6n\u00fcml\u00fck arazi ile ilgili hukuki ba\u015fvuruda bulunmayacaklar\u0131n\u0131 ve Mersin B\u00fcy\u00fck\u015fehir Belediyesi&#8217;nin \u00f6n\u00fcn\u00fc &hellip; <a href=\"https:\/\/akdenizolaygazetesi.com\/?p=14812\" class=\"more-link\">Devam\u0131n\u0131 Oku&#8230;<\/a><\/p>\n","protected":false},"author":2,"featured_media":14813,"comment_status":"open","ping_status":"open","sticky":false,"template":"","format":"standard","meta":[],"categories":[8,1,3],"tags":[],"_links":{"self":[{"href":"https:\/\/akdenizolaygazetesi.com\/index.php?rest_route=\/wp\/v2\/posts\/14812"}],"collection":[{"href":"https:\/\/akdenizolaygazetesi.com\/index.php?rest_route=\/wp\/v2\/posts"}],"about":[{"href":"https:\/\/akdenizolaygazetesi.com\/index.php?rest_route=\/wp\/v2\/types\/post"}],"author":[{"embeddable":true,"href":"https:\/\/akdenizolaygazetesi.com\/index.php?rest_route=\/wp\/v2\/users\/2"}],"replies":[{"embeddable":true,"href":"https:\/\/akdenizolaygazetesi.com\/index.php?rest_route=%2Fwp%2Fv2%2Fcomments&post=14812"}],"version-history":[{"count":1,"href":"https:\/\/akdenizolaygazetesi.com\/index.php?rest_route=\/wp\/v2\/posts\/14812\/revisions"}],"predecessor-version":[{"id":14814,"href":"https:\/\/akdenizolaygazetesi.com\/index.php?rest_route=\/wp\/v2\/posts\/14812\/revisions\/14814"}],"wp:featuredmedia":[{"embeddable":true,"href":"https:\/\/akdenizolaygazetesi.com\/index.php?rest_route=\/wp\/v2\/media\/14813"}],"wp:attachment":[{"href":"https:\/\/akdenizolaygazetesi.com\/index.php?rest_route=%2Fwp%2Fv2%2Fmedia&parent=14812"}],"wp:term":[{"taxonomy":"category","embeddable":true,"href":"https:\/\/akdenizolaygazetesi.com\/index.php?rest_route=%2Fwp%2Fv2%2Fcategories&post=14812"},{"taxonomy":"post_tag","embeddable":true,"href":"https:\/\/akdenizolaygazetesi.com\/index.php?rest_route=%2Fwp%2Fv2%2Ftags&post=14812"}],"curies":[{"name":"wp","href":"https:\/\/api.w.org\/{rel}","templated":true}]}}