{"id":14818,"date":"2021-10-22T12:33:34","date_gmt":"2021-10-22T09:33:34","guid":{"rendered":"http:\/\/akdenizolaygazetesi.com\/?p=14818"},"modified":"2021-10-22T12:33:34","modified_gmt":"2021-10-22T09:33:34","slug":"baskan-secer-yumuktepenin-mersine-yarasir-bir-arkeopark-olmasi-icin-kararliyiz","status":"publish","type":"post","link":"https:\/\/akdenizolaygazetesi.com\/?p=14818","title":{"rendered":"BA\u015eKAN SE\u00c7ER: \u201cYUMUKTEPE\u2019N\u0130N MERS\u0130N\u2019E YARA\u015eIR B\u0130R ARKEOPARK OLMASI \u0130\u00c7\u0130N KARARLIYIZ\u201d"},"content":{"rendered":"<p>Mersin B\u00fcy\u00fck\u015fehir Belediyesi, 28 y\u0131ld\u0131r Yumuktepe H\u00f6y\u00fc\u011f\u00fc\u2019nde kaz\u0131 ba\u015fkan\u0131 olarak \u00e7al\u0131\u015fan ve bu y\u0131l emeklili\u011fe ayr\u0131lacak olan Prof. Dr. Isabella Caneva onuruna veda etkinli\u011fi d\u00fczenledi. Mersin\u2019e dair k\u00fclt\u00fcr ve tarih \u00e7al\u0131\u015fmalar\u0131 y\u00fcr\u00fcten isimlerden ara\u015ft\u0131rmac\u0131 yazarlara kadar \u00e7ok say\u0131da konu\u011fun yer ald\u0131\u011f\u0131 etkinli\u011fe, Mersin B\u00fcy\u00fck\u015fehir Belediye Ba\u015fkan\u0131 Vahap Se\u00e7er, e\u015fi Meral Se\u00e7er ile birlikte kat\u0131ld\u0131. Ba\u015fkan Se\u00e7er, Mersin tarihini a\u00e7\u0131\u011fa \u00e7\u0131karmak i\u00e7in projeler ortaya koyacaklar\u0131n\u0131 ifade ederek, \u201cBelediye ba\u015fkanl\u0131\u011f\u0131 sadece yol yapmak, asfalt yapmaktan \u00f6te bir \u015fey; kentin tarihine de sahip \u00e7\u0131kmakt\u0131r\u201d dedi.<br \/>\nDivan Otel\u2019de d\u00fczenlenen etkinli\u011fe; Ba\u015fkan Se\u00e7er ve e\u015fi Meral Se\u00e7er\u2019in yan\u0131 s\u0131ra B\u00fcy\u00fck\u015fehir Belediyesi b\u00fcrokratlar\u0131 ve daire ba\u015fkanlar\u0131, K\u00fclt\u00fcr Varl\u0131klar\u0131 ve M\u00fczeler Genel M\u00fcd\u00fcrl\u00fc\u011f\u00fc Kaz\u0131lar \u015eubesi M\u00fcd\u00fcr Yard\u0131mc\u0131s\u0131 Nihal Metin, Mersin Arkeoloji M\u00fczesi M\u00fcd\u00fcr\u00fc Song\u00fcl Ceylan Bala, Mersin \u00dcniversitesi Arkeoloji B\u00f6l\u00fcm\u00fc \u00d6\u011fretim G\u00f6revlileri, Mersin\u2019de \u00e7e\u015fitli b\u00f6lgelerde tarihi kaz\u0131lara devam eden kaz\u0131 ba\u015fkanlar\u0131, MEDEKA\u2019n\u0131n Kent  Tarihi ile Turizm ve Arkeoloji Kurulu \u00fcyeleri, Yumuktepe kaz\u0131 ekibi ile ara\u015ft\u0131rmac\u0131 ve yazarlar kat\u0131ld\u0131.<br \/>\nB\u00fcy\u00fck\u015fehir Belediyesi Et\u00fct ve Projeler Daire Ba\u015fkan\u0131 Kutlu Sezen, Yumuktepe H\u00f6y\u00fc\u011f\u00fc\u2019n\u00fcn g\u00fcn\u00fcm\u00fczdeki durumu ile ilgili haz\u0131rlad\u0131klar\u0131 bir sunumu konuklarla payla\u015ft\u0131. Ard\u0131ndan Prof. Dr. Isabella Caneva ad\u0131na haz\u0131rlanan g\u00f6rsel izletildi. Mersin B\u00fcy\u00fck\u015fehir Belediyesi \u00dcflemeli Quarteti etkinlik boyunca konuklara keyifli bir dinleti sundu.<br \/>\n\u201cMersin\u2019e yara\u015f\u0131r biz Arkeopark olmas\u0131 i\u00e7in kararl\u0131y\u0131z\u201d<br \/>\nBa\u015fkan Se\u00e7er, Prof. Dr. Caneva\u2019n\u0131n \u00e7ok b\u00fcy\u00fck bir emek verdi\u011fini ve \u00e7ok m\u00fctevaz\u0131 bir insan oldu\u011funu vurgulayarak, \u201cKe\u015fke hepimiz, her mevkide, g\u00f6revde olanlar bu kadar m\u00fctevaz\u0131 d\u00fc\u015f\u00fcnceler i\u00e7erisinde olabilsek. O etkiledi beni\u201d dedi. Yumuktepe H\u00f6y\u00fc\u011f\u00fc\u2019n\u00fcn oldu\u011fu b\u00f6lgenin tarihini ortaya \u00e7\u0131karmak istediklerini ifade eden Se\u00e7er, \u015funlar\u0131 s\u00f6yledi:<br \/>\n\u201cBu konuda her t\u00fcrl\u00fc imkanlar\u0131m\u0131z\u0131 seferber edelim. Belediye ba\u015fkanl\u0131\u011f\u0131 sadece yol yapmak, asfalt yapmak ya da bina yapmak, imar d\u00fczenlemeleri yapmaktan \u00f6te bir \u015fey; kentin tarihine de sahip \u00e7\u0131kmakt\u0131r. \u0130\u015fte onun i\u00e7in Arkeopark\u0131n yap\u0131m\u0131n\u0131 s\u00fcratlendirelim. Ama gel gelelim T\u00fcrkiye\u2019de de i\u015fler o kadar kolay y\u00fcr\u00fcm\u00fcyor. \u0130zinler, aksakl\u0131klar, eksiklikler; daha \u00f6nce dostlar\u0131m\u0131zla, hocalar\u0131m\u0131zla bu konuda toplant\u0131lar da yapt\u0131k. H\u00fclasa Sinyora Isabella taraf\u0131ndan 28 y\u0131l emek verilen, Yumuktepe\u2019nin o mevcut olumsuz ko\u015fullar\u0131ndan kurtulup Mersin\u2019e yara\u015f\u0131r bir Arkeopark olmas\u0131 i\u00e7in kararl\u0131y\u0131z. Bunu da \u00e7ok k\u0131sa bir s\u00fcre i\u00e7erisinde vatanda\u015flar\u0131m\u0131za olmas\u0131 gereken bir hizmet olarak sunaca\u011f\u0131m\u0131z\u0131n s\u00f6z\u00fcn\u00fc vermek isterim.\u201d<br \/>\nProf. Dr. Isabella\u2019n\u0131n \u201cDavet ederseniz gelece\u011fim\u201d s\u00f6z\u00fc \u00fczerine Ba\u015fkan Se\u00e7er, \u201cHer zaman kap\u0131m\u0131z size a\u00e7\u0131k. Buras\u0131 sizin eviniz. Biz de burada sizin aileniziz\u201d dedi.<br \/>\n\u201c\u00c7ok heyecanland\u0131m, \u00e7ok mutluyum\u201d<br \/>\nProf. Dr. Isabella Caneva ise \u201c\u00c7ok heyecanland\u0131m, \u00e7ok mutluyum. Hepiniz buradas\u0131n\u0131z, t\u00fcm arkada\u015flar\u0131m. 30 seneden beri buraday\u0131m, \u00e7al\u0131\u015ft\u0131m. Sanki d\u00fcn geldim gibi. Ama o kadar arkada\u015f\u0131 burada g\u00f6r\u00fcnce demek ki \u00e7ok oldu, \u00e7ok zaman ge\u00e7ti. \u00c7ok g\u00fczel oldu, \u00e7ok i\u015f. Hepinize te\u015fekk\u00fcr etmek istiyorum. Destek verdiniz, arkada\u015fl\u0131k verdiniz, s\u0131cak bir ortam verdiniz. Benim hayat\u0131m burada \u00e7ok mutlu oldu. \u015eimdi bu zaman bitti. Maalesef zaman ge\u00e7iyor. Ben emekli oldum. \u015eimdi yeni arkeologlara yer vermek laz\u0131m. Onlar yapacak. Yeni enerji gelecek\u201d dedi.<br \/>\n\u201cSay\u0131n Caneva Anadolu\u2019nun b\u00fcy\u00fcl\u00fc topraklar\u0131n\u0131n gizemini ortaya \u00e7\u0131karmak i\u00e7in \u00e7al\u0131\u015fm\u0131\u015f\u201d<br \/>\nK\u00fclt\u00fcr ve Sosyal \u0130\u015fler Dairesi Ba\u015fkanl\u0131\u011f\u0131 Koordinat\u00f6r\u00fc Bengi \u0130spir \u00d6zd\u00fclger de Yumuktepe\u2019deki kaz\u0131 \u00e7al\u0131\u015fmalar\u0131 ve Prof. Dr. Isabella Ceneva hakk\u0131nda bilgiler vererek, \u201c1968 y\u0131l\u0131ndan bu yana \u00fclkemizde bir\u00e7ok kaz\u0131da emek vermi\u015f, belki de ya\u015fam\u0131n\u0131n b\u00fcy\u00fck bir k\u0131sm\u0131n\u0131 Anadolu\u2019nun b\u00fcy\u00fcl\u00fc topraklar\u0131n\u0131n gizemini ortaya \u00e7\u0131karmak i\u00e7in \u00e7al\u0131\u015fm\u0131\u015f bir ki\u015fi Say\u0131n Isabella Caneva. Mersinimizle tan\u0131\u015fmas\u0131 1993 y\u0131l\u0131na dayan\u0131yor. Yumuktepe kaz\u0131m\u0131z 1936 y\u0131l\u0131nda \u0130ngiliz arkeolog John Garstang taraf\u0131ndan ba\u015flat\u0131ld\u0131ktan sonra arada bir d\u00f6nem \u00e7al\u0131\u015fmalar yap\u0131lm\u0131yor. Arkas\u0131ndan 1993 y\u0131l\u0131nda \u0130stanbul \u00dcniversitesi Arkeoloji Profes\u00f6r\u00fc Veli Sevin ile beraber Isabella han\u0131mla tan\u0131\u015f\u0131yor Mersinimiz. Isabella han\u0131m\u0131n verdi\u011fi emek, \u015fehrimize sundu\u011fu katk\u0131 ayn\u0131 zamanda bu \u00f6nemli Yumuktepe kaz\u0131s\u0131 ile ilgili medeniyetlere bir \u0131\u015f\u0131k tutuyor\u201d dedi.<br \/>\n\u201cAnlaml\u0131, cesaret verici, umut verici bir toplant\u0131\u201d<br \/>\nAra\u015ft\u0131rmac\u0131 Yazar Semihi Vural, Yumuktepe\u2019deki kaz\u0131lar\u0131 ilk g\u00fcnlerinden beri takip eden biri olarak b\u00f6yle bir etkinli\u011fin d\u00fczenlenmi\u015f olmas\u0131ndan dolay\u0131 heyecanl\u0131 oldu\u011funu belirterek, \u201c26 y\u0131ld\u0131r b\u00f6yle bir \u015fey ya\u015famad\u0131k. K\u00fc\u00e7\u00fck toplant\u0131lar oldu ama b\u00f6ylesine anlaml\u0131, cesaret verici, umut verici bir toplant\u0131 Yumuktepe i\u00e7in \u00f6zledi\u011fimiz bir and\u0131. \u00c7ok te\u015fekk\u00fcr ederiz Say\u0131n Ba\u015fkan\u0131m\u201d dedi. Vural, konu\u015fmas\u0131n\u0131n devam\u0131nda Yumuktepe ve kaz\u0131 tarihine dair bilgiler payla\u015ft\u0131.<br \/>\nKonu\u015fmalar\u0131n ard\u0131ndan Ba\u015fkan Se\u00e7er, Prof. Dr. \u0130sabella Caneva\u2019ya te\u015fekk\u00fcr plaketi sundu.<\/p>\n","protected":false},"excerpt":{"rendered":"<p>Mersin B\u00fcy\u00fck\u015fehir Belediyesi, 28 y\u0131ld\u0131r Yumuktepe H\u00f6y\u00fc\u011f\u00fc\u2019nde kaz\u0131 ba\u015fkan\u0131 olarak \u00e7al\u0131\u015fan ve bu y\u0131l emeklili\u011fe ayr\u0131lacak olan Prof. Dr. Isabella Caneva onuruna veda etkinli\u011fi d\u00fczenledi. Mersin\u2019e dair k\u00fclt\u00fcr ve tarih &hellip; <a href=\"https:\/\/akdenizolaygazetesi.com\/?p=14818\" class=\"more-link\">Devam\u0131n\u0131 Oku&#8230;<\/a><\/p>\n","protected":false},"author":2,"featured_media":14819,"comment_status":"open","ping_status":"open","sticky":false,"template":"","format":"standard","meta":[],"categories":[3,5],"tags":[],"_links":{"self":[{"href":"https:\/\/akdenizolaygazetesi.com\/index.php?rest_route=\/wp\/v2\/posts\/14818"}],"collection":[{"href":"https:\/\/akdenizolaygazetesi.com\/index.php?rest_route=\/wp\/v2\/posts"}],"about":[{"href":"https:\/\/akdenizolaygazetesi.com\/index.php?rest_route=\/wp\/v2\/types\/post"}],"author":[{"embeddable":true,"href":"https:\/\/akdenizolaygazetesi.com\/index.php?rest_route=\/wp\/v2\/users\/2"}],"replies":[{"embeddable":true,"href":"https:\/\/akdenizolaygazetesi.com\/index.php?rest_route=%2Fwp%2Fv2%2Fcomments&post=14818"}],"version-history":[{"count":1,"href":"https:\/\/akdenizolaygazetesi.com\/index.php?rest_route=\/wp\/v2\/posts\/14818\/revisions"}],"predecessor-version":[{"id":14820,"href":"https:\/\/akdenizolaygazetesi.com\/index.php?rest_route=\/wp\/v2\/posts\/14818\/revisions\/14820"}],"wp:featuredmedia":[{"embeddable":true,"href":"https:\/\/akdenizolaygazetesi.com\/index.php?rest_route=\/wp\/v2\/media\/14819"}],"wp:attachment":[{"href":"https:\/\/akdenizolaygazetesi.com\/index.php?rest_route=%2Fwp%2Fv2%2Fmedia&parent=14818"}],"wp:term":[{"taxonomy":"category","embeddable":true,"href":"https:\/\/akdenizolaygazetesi.com\/index.php?rest_route=%2Fwp%2Fv2%2Fcategories&post=14818"},{"taxonomy":"post_tag","embeddable":true,"href":"https:\/\/akdenizolaygazetesi.com\/index.php?rest_route=%2Fwp%2Fv2%2Ftags&post=14818"}],"curies":[{"name":"wp","href":"https:\/\/api.w.org\/{rel}","templated":true}]}}