{"id":1482,"date":"2020-11-04T18:22:02","date_gmt":"2020-11-04T15:22:02","guid":{"rendered":"http:\/\/mersinekonomipolitikagazetesi.com\/?p=1482"},"modified":"2020-11-04T18:22:02","modified_gmt":"2020-11-04T15:22:02","slug":"mersin-psikolojik-dalinda-yeni-projeler","status":"publish","type":"post","link":"https:\/\/akdenizolaygazetesi.com\/?p=1482","title":{"rendered":"MERS\u0130N PS\u0130KOLOJ\u0130K DALINDA YEN\u0130 PROJELER!"},"content":{"rendered":"<p>T\u00fcrk PDR Derne\u011fi Mersin \u015eubesi psikolojik dan\u0131\u015fmanl\u0131k  hizmetlerinin Mersinde toplumsal sorumluluk g\u00f6revini de \u00f6zverili bir \u015fekilde ger\u00e7ekle\u015ftirmek ad\u0131na bir\u00e7ok planlama d\u00fc\u015f\u00fcn\u00fcl\u00fcyor.<\/p>\n<blockquote type=\"cite\">\n<div dir=\"ltr\">\n<p><span style=\"font-size:16px;\">T\u00fcrk PDR Derne\u011fi Mersin \u015eubesi, dan\u0131\u015fmanl\u0131k hizmetlerinin topluma daha iyi bir psikolojik hizmet sunmak ad\u0131na a\u00e7\u0131klama yap\u0131ld\u0131. A\u00e7\u0131klamay\u0131 dernek ad\u0131na \u015fube ba\u015fkan\u0131 U\u011fur \u00c7apulcuo\u011flu ger\u00e7ekle\u015ftirdi.<\/span><\/p>\n<p><span style=\"font-size:16px;\">\u00c7apulcuo\u011flu, ilk olarak psikolojik dan\u0131\u015fmanl\u0131\u011f\u0131n\u0131n ne oldu\u011fu hakk\u0131nda bilgi verdi. Ya\u015fad\u0131klar\u0131 y\u00fczy\u0131lda PDR dan\u0131\u015fmanlar\u0131na b\u00fcy\u00fck g\u00f6revler d\u00fc\u015ft\u00fc\u011f\u00fcn\u00fc belirterek, yapt\u0131klar\u0131 \u00e7al\u0131\u015fmalarla nas\u0131l kurulduklar\u0131 konusunda da bilgilere yer verildi.<\/span><\/p>\n<p><span style=\"font-size:16px;\">Mersin Valili\u011fi, Mersin \u0130l Milli E\u011fitim M\u00fcd\u00fcrl\u00fc\u011f\u00fc, Aile ve Sosyal Politikalar Bakanl\u0131\u011f\u0131 Mersin \u0130l M\u00fcd\u00fcrl\u00fc\u011f\u00fc, Mersin B\u00fcy\u00fck\u015fehir Belediyesi ve \u0130l\u00e7e Belediyeleri Mersin Emniyet M\u00fcd\u00fcrl\u00fc\u011f\u00fc, Mersinde bulunan Rehberlik ve Ara\u015ft\u0131rma Merkezi M\u00fcd\u00fcrl\u00fckleri ile bir\u00e7ok ortak projeler ger\u00e7ekle\u015ftirmeyi hedeflediklerinin alt\u0131n\u0131 da \u00e7izdi.<\/span><\/p>\n<p>\u00a0<\/p>\n<p><span style=\"font-size:16px;\">\u201cMESLEK\u0130 VE K\u00dcLT\u00dcREL Y\u00d6NDEN GEL\u0130\u015eMELER\u0130NE YARDIM ETMEK\u201d<\/span><\/p>\n<p>\u00a0<\/p>\n<p><span style=\"font-size:16px;\">Psikolojik Dan\u0131\u015fmanl\u0131k, bireylere sosyal, duygusal ve ruhsal alanda psikolojik yard\u0131m hizmeti sunan profesyonel yard\u0131m meslek oldu\u011funu belirten \u00c7apulcuo\u011flu, d\u00fcnyan\u0131n her zamankinden daha fazla de\u011fi\u015fti\u011fini ve di\u011fer meslek mensuplar\u0131n\u0131n da oldu\u011fu gibi, okul psikolojik dan\u0131\u015fmanlar\u0131n\u0131n da bu de\u011fi\u015fim ve d\u00f6n\u00fc\u015f\u00fcme ayak uydurmalar\u0131 ka\u00e7\u0131n\u0131lmaz oldu\u011funun dikkatini \u00e7ekti. \u00c7apulcuo\u011flu: \u201c21.Y\u00fczy\u0131lda bireylerin yard\u0131m ihtiya\u00e7lar\u0131 devam edece\u011fine g\u00f6re, psikolojik dan\u0131\u015fmanlar\u0131n\u0131n da bireylerin ihtiya\u00e7lar\u0131n\u0131 kar\u015f\u0131lama \u00e7abalar\u0131 s\u00fcrecektir. Bireylerin gittik\u00e7e karma\u015f\u0131kla\u015fan ve g\u00fc\u00e7le\u015fen ya\u015fama uyum sa\u011flamalar\u0131 ve<\/span><\/p>\n<p><span style=\"font-size:16px;\">haz\u0131rlanmalar\u0131 i\u00e7in psikolojik dan\u0131\u015fma ve rehberlik hizmetlerine \u00f6nemli g\u00f6revler d\u00fc\u015fmektedir. T\u00fcrk Psikolojik Dan\u0131\u015fma ve Rehberlik Derne\u011fi; Psikolojik Dan\u0131\u015fma ve Rehberlik alan\u0131nda \u00e7al\u0131\u015fanlar aras\u0131nda birlik, beraberlik ve mesleki dayan\u0131\u015fma sa\u011flayarak Psikolojik Dan\u0131\u015fma ve Rehberlik biliminin ve mesle\u011finin \u00fclkemizde geli\u015fmesini sa\u011flamak, Psikolojik Dan\u0131\u015fma ve Rehberlik alan\u0131nda<\/span><\/p>\n<p><span style=\"font-size:16px;\">\u00e7al\u0131\u015fanlar\u0131n, sosyal, bilimsel, mesleki ve k\u00fclt\u00fcrel y\u00f6nden geli\u015fmelerine yard\u0131m etmek, mesle\u011fin \u00fcyelerinin haklar\u0131n\u0131 korumak ve savunmakt\u0131r.\u201d ifadelerini kulland\u0131.<\/span><\/p>\n<p>\u00a0<\/p>\n<p><span style=\"font-size:16px;\"><span style=\"font-family: sans-serif, Arial, Verdana, 'Trebuchet MS'; line-height: 1.6em;\">\u201cTOPLUMUN YARARINA \u00c7ALI\u015eMALAR YAPILMASI\u201d<\/span><\/span><\/p>\n<p>\u00a0<\/p>\n<p><span style=\"font-size:16px;\">\u00c7apulcuo\u011flu, psikolojik dan\u0131\u015fmanlar\u0131n birlik, beraberlik ve mesleki dayan\u0131\u015fmas\u0131n\u0131 sa\u011flayarak, oda, federasyon gibi mesleki \u00f6rg\u00fctlenmeler i\u00e7in mevzuat \u00e7al\u0131\u015fmalar\u0131n\u0131 ger\u00e7ekle\u015ftirip, psikolojik dan\u0131\u015fma ve rehberlik alan\u0131n\u0131n \u00fclkede tan\u0131t\u0131lmas\u0131, geli\u015fmesi ve toplumun yarar\u0131na kullan\u0131lmas\u0131 i\u00e7in \u00e7al\u0131\u015fmalar yap\u0131lmas\u0131n\u0131 belirtti. \u00c7apulcuo\u011flu: \u201cPsikolojik Dan\u0131\u015fman haklar\u0131n\u0131 g\u00f6zetmek ve korumak; e\u011fitim, kariyer ve mesleki rehberlik, ruh sa\u011fl\u0131\u011f\u0131, evlilik ve aile ile rehabilitasyon alanlar\u0131nda psikolojik dan\u0131\u015fma ve rehberlik hizmetlerini sunmak ve bu konularda e\u011fitimler vermeyi ama\u00e7layan derne\u011fimizin Mersin \u015eubesi Mersin Valili\u011fi \u0130l Dernekler M\u00fcd\u00fcrl\u00fc\u011f\u00fcn\u00fcn 10.01.2018 tarihli karar\u0131 ile 33-031- 112 k\u00fct\u00fck numaras\u0131 ile kurulmu\u015f ve faaliyetlerine ba\u015flam\u0131\u015ft\u0131r. \u201c\u015feklinde konu\u015ftu.<\/span><\/p>\n<p>\u00a0<\/p>\n<p><span style=\"font-size:16px;\"><span style=\"font-family: sans-serif, Arial, Verdana, 'Trebuchet MS'; line-height: 1.6em;\">\u00a0\u201cPROJELER\u0130 \u0130NANCINI HER DA\u0130M \u00dcZER\u0130M\u0130ZDE TA\u015eIYARAK SA\u011eLANAB\u0130L\u0130R\u201d<\/span><\/span><\/p>\n<p>\u00a0<\/p>\n<p><span style=\"font-size:16px;\"><span style=\"font-family: sans-serif, Arial, Verdana, 'Trebuchet MS'; line-height: 1.6em;\">Konu\u015fman\u0131n son b\u00f6l\u00fcm\u00fcnde PDR hizmetlerinin tan\u0131t\u0131lmas\u0131, yayg\u0131nla\u015ft\u0131r\u0131lmas\u0131, toplumsal sorumluluk g\u00f6revini de \u00f6zverili bir \u015fekilde ger\u00e7ekle\u015ftirmeyi hedefledi\u011fini dile getiren \u00c7apulcuo\u011flu: \u201cBu projeler ile ilgili olarak Mersin Valili\u011fi ba\u015fta olmak \u00fczere bir\u00e7ok kurum ve kurulu\u015flar ile ortak \u00e7al\u0131\u015fmalar ve projeler planlanmaktad\u0131r. Sa\u011fl\u0131kl\u0131 nesiller ve bireyler, etkili ruh sa\u011fl\u0131\u011f\u0131 \u00e7al\u0131\u015fmalar\u0131 ve projeleri sa\u011flanabilir inanc\u0131n\u0131 her daim \u00fczerimizde ta\u015f\u0131yarak, Mersinin Ruh Sa\u011fl\u0131\u011f\u0131n\u0131 geli\u015ftirici \u00e7al\u0131\u015fmalar yapacak olan T\u00fcrk Psikolojik Dan\u0131\u015fma ve Rehberlik Derne\u011fi Mersin \u015eubesinin t\u00fcm Mersine ve t\u00fcm PDR camias\u0131na hay\u0131rl\u0131 olmas\u0131n\u0131 dileriz.\u201d dedi.<\/span><\/span><\/p>\n<\/div>\n<\/blockquote>\n","protected":false},"excerpt":{"rendered":"<p>T\u00fcrk PDR Derne\u011fi Mersin \u015eubesi psikolojik dan\u0131\u015fmanl\u0131k hizmetlerinin Mersinde toplumsal sorumluluk g\u00f6revini de \u00f6zverili bir \u015fekilde ger\u00e7ekle\u015ftirmek ad\u0131na bir\u00e7ok planlama d\u00fc\u015f\u00fcn\u00fcl\u00fcyor. T\u00fcrk PDR Derne\u011fi Mersin \u015eubesi, dan\u0131\u015fmanl\u0131k hizmetlerinin topluma daha &hellip; <a href=\"https:\/\/akdenizolaygazetesi.com\/?p=1482\" class=\"more-link\">Devam\u0131n\u0131 Oku&#8230;<\/a><\/p>\n","protected":false},"author":1,"featured_media":0,"comment_status":"open","ping_status":"open","sticky":false,"template":"","format":"standard","meta":[],"categories":[],"tags":[],"_links":{"self":[{"href":"https:\/\/akdenizolaygazetesi.com\/index.php?rest_route=\/wp\/v2\/posts\/1482"}],"collection":[{"href":"https:\/\/akdenizolaygazetesi.com\/index.php?rest_route=\/wp\/v2\/posts"}],"about":[{"href":"https:\/\/akdenizolaygazetesi.com\/index.php?rest_route=\/wp\/v2\/types\/post"}],"author":[{"embeddable":true,"href":"https:\/\/akdenizolaygazetesi.com\/index.php?rest_route=\/wp\/v2\/users\/1"}],"replies":[{"embeddable":true,"href":"https:\/\/akdenizolaygazetesi.com\/index.php?rest_route=%2Fwp%2Fv2%2Fcomments&post=1482"}],"version-history":[{"count":0,"href":"https:\/\/akdenizolaygazetesi.com\/index.php?rest_route=\/wp\/v2\/posts\/1482\/revisions"}],"wp:attachment":[{"href":"https:\/\/akdenizolaygazetesi.com\/index.php?rest_route=%2Fwp%2Fv2%2Fmedia&parent=1482"}],"wp:term":[{"taxonomy":"category","embeddable":true,"href":"https:\/\/akdenizolaygazetesi.com\/index.php?rest_route=%2Fwp%2Fv2%2Fcategories&post=1482"},{"taxonomy":"post_tag","embeddable":true,"href":"https:\/\/akdenizolaygazetesi.com\/index.php?rest_route=%2Fwp%2Fv2%2Ftags&post=1482"}],"curies":[{"name":"wp","href":"https:\/\/api.w.org\/{rel}","templated":true}]}}