{"id":14824,"date":"2021-10-22T12:36:44","date_gmt":"2021-10-22T09:36:44","guid":{"rendered":"http:\/\/akdenizolaygazetesi.com\/?p=14824"},"modified":"2021-10-22T12:36:44","modified_gmt":"2021-10-22T09:36:44","slug":"buyuksehir-meme-kanserinde-erken-teshisin-onemine-dikkat-cekti","status":"publish","type":"post","link":"https:\/\/akdenizolaygazetesi.com\/?p=14824","title":{"rendered":"B\u00dcY\u00dcK\u015eEH\u0130R, MEME KANSER\u0130NDE ERKEN TE\u015eH\u0130S\u0130N \u00d6NEM\u0130NE D\u0130KKAT \u00c7EKT\u0130"},"content":{"rendered":"<p>Mersin B\u00fcy\u00fck\u015fehir Belediyesi Engelliler ve Sa\u011fl\u0131k Hizmetleri Dairesi, 1-31 Ekim \u201cMeme Kanseri Bilin\u00e7lendirme ve Fark\u0131ndal\u0131k Ay\u0131\u201d  kapsam\u0131nda bir fark\u0131ndal\u0131k \u00e7al\u0131\u015fmas\u0131na daha imza att\u0131.<br \/>\nPersonel pembe maske takt\u0131<br \/>\nB\u00fcy\u00fck\u015fehir ekipleri, son 20 y\u0131lda 2 kat artan meme kanserine dikkat \u00e7ekmek ve erken te\u015fhisin \u00f6nemi anlatmak i\u00e7in Akdeniz il\u00e7esi Ta\u015f Bina ve \u0130stiklal Caddesi\u2019nde K\u0131rm\u0131z\u0131 Lacivert \u0130\u015f Han\u0131 \u00f6n\u00fcnde pembe maske da\u011f\u0131t\u0131m\u0131 ger\u00e7ekle\u015ftirdi. Erkekler de pembe maske takarak, B\u00fcy\u00fck\u015fehir\u2019in fark\u0131ndal\u0131k \u00e7al\u0131\u015fmas\u0131na ortak oldu.<br \/>\n\u201cErken te\u015fhis \u00e7ok \u00f6nemli\u201d<br \/>\nB\u00fcy\u00fck\u015fehir Belediyesi Engelliler ve Sa\u011fl\u0131k Hizmetleri Dairesi Halk Sa\u011fl\u0131\u011f\u0131 ve Denetim \u015eube M\u00fcd\u00fcr\u00fc Uzm. Dr. Bahar G\u00fclcay \u00c7at Bak\u0131r, artan vaka say\u0131lar\u0131yla birlikte fark\u0131ndal\u0131k \u00e7al\u0131\u015fmalar\u0131 yapt\u0131klar\u0131n\u0131 ifade ederek, \u201cBug\u00fcn meme kanseri i\u00e7in bir fark\u0131ndal\u0131k yaratmak istedik \u00e7\u00fcnk\u00fc i\u00e7inde bulundu\u011fumuz ay 1-31 Ekim Meme Kanseri Fark\u0131ndal\u0131k Ay\u0131. Mersin B\u00fcy\u00fck\u015fehir Belediyesi olarak her sene Ekim ay\u0131nda fark\u0131ndal\u0131k etkinli\u011fi yapmaya \u00e7al\u0131\u015f\u0131yoruz. Bu sene de hem pandeminin getirdi\u011fi \u015fartlar hem meme kanserine at\u0131fta bulunmak i\u00e7in pembe maske da\u011f\u0131tmay\u0131 uygun g\u00f6rd\u00fck\u201d dedi.<br \/>\nKad\u0131nlar\u0131n d\u00fczenli olarak muayene olmalar\u0131 gerekti\u011fini s\u00f6yleyen Bak\u0131r, \u201cMeme kanserinden korunmada erken te\u015fhis \u00e7ok \u00f6nemli. Erken te\u015fhiste bulunabilmek i\u00e7in de kad\u0131nlar\u0131m\u0131z\u0131n mutlaka 20-40 ya\u015f aras\u0131nda kendi kendilerini muayene, 40 ya\u015f\u0131ndan sonra da mutlaka 2 senede bir mamografi \u00e7ekilmelerini \u00f6nemle \u00f6neriyorum. Bazen erkeklerde de \u00e7\u0131kabiliyor ama \u00e7ok nadir oldu\u011fu i\u00e7in \u00f6zellikle kad\u0131nlara vurguda bulunmak istiyoruz\u201d diye konu\u015ftu.<\/p>\n","protected":false},"excerpt":{"rendered":"<p>Mersin B\u00fcy\u00fck\u015fehir Belediyesi Engelliler ve Sa\u011fl\u0131k Hizmetleri Dairesi, 1-31 Ekim \u201cMeme Kanseri Bilin\u00e7lendirme ve Fark\u0131ndal\u0131k Ay\u0131\u201d kapsam\u0131nda bir fark\u0131ndal\u0131k \u00e7al\u0131\u015fmas\u0131na daha imza att\u0131. Personel pembe maske takt\u0131 B\u00fcy\u00fck\u015fehir ekipleri, son &hellip; <a href=\"https:\/\/akdenizolaygazetesi.com\/?p=14824\" class=\"more-link\">Devam\u0131n\u0131 Oku&#8230;<\/a><\/p>\n","protected":false},"author":2,"featured_media":14825,"comment_status":"open","ping_status":"open","sticky":false,"template":"","format":"standard","meta":[],"categories":[3,5],"tags":[],"_links":{"self":[{"href":"https:\/\/akdenizolaygazetesi.com\/index.php?rest_route=\/wp\/v2\/posts\/14824"}],"collection":[{"href":"https:\/\/akdenizolaygazetesi.com\/index.php?rest_route=\/wp\/v2\/posts"}],"about":[{"href":"https:\/\/akdenizolaygazetesi.com\/index.php?rest_route=\/wp\/v2\/types\/post"}],"author":[{"embeddable":true,"href":"https:\/\/akdenizolaygazetesi.com\/index.php?rest_route=\/wp\/v2\/users\/2"}],"replies":[{"embeddable":true,"href":"https:\/\/akdenizolaygazetesi.com\/index.php?rest_route=%2Fwp%2Fv2%2Fcomments&post=14824"}],"version-history":[{"count":1,"href":"https:\/\/akdenizolaygazetesi.com\/index.php?rest_route=\/wp\/v2\/posts\/14824\/revisions"}],"predecessor-version":[{"id":14826,"href":"https:\/\/akdenizolaygazetesi.com\/index.php?rest_route=\/wp\/v2\/posts\/14824\/revisions\/14826"}],"wp:featuredmedia":[{"embeddable":true,"href":"https:\/\/akdenizolaygazetesi.com\/index.php?rest_route=\/wp\/v2\/media\/14825"}],"wp:attachment":[{"href":"https:\/\/akdenizolaygazetesi.com\/index.php?rest_route=%2Fwp%2Fv2%2Fmedia&parent=14824"}],"wp:term":[{"taxonomy":"category","embeddable":true,"href":"https:\/\/akdenizolaygazetesi.com\/index.php?rest_route=%2Fwp%2Fv2%2Fcategories&post=14824"},{"taxonomy":"post_tag","embeddable":true,"href":"https:\/\/akdenizolaygazetesi.com\/index.php?rest_route=%2Fwp%2Fv2%2Ftags&post=14824"}],"curies":[{"name":"wp","href":"https:\/\/api.w.org\/{rel}","templated":true}]}}