{"id":14827,"date":"2021-10-22T12:39:08","date_gmt":"2021-10-22T09:39:08","guid":{"rendered":"http:\/\/akdenizolaygazetesi.com\/?p=14827"},"modified":"2021-10-22T12:39:08","modified_gmt":"2021-10-22T09:39:08","slug":"ankara-7-idare-mahkemesi-karari-iptal-etti","status":"publish","type":"post","link":"https:\/\/akdenizolaygazetesi.com\/?p=14827","title":{"rendered":"ANKARA 7. \u0130DARE MAHKEMES\u0130 KARARI \u0130PTAL ETT\u0130"},"content":{"rendered":"<p>CHP Mersin Milletvekili Ali Mahir Ba\u015far\u0131r, Mersin \u0130l Sa\u011fl\u0131k M\u00fcd\u00fcrl\u00fc\u011f\u00fcnce yap\u0131lan Donan\u0131m, Altyap\u0131 ve Sistem Bile\u015fenleri Al\u0131m ihalesinin iptal edilmemesini ve mahkeme karar\u0131na ra\u011fmen \u00fcr\u00fcnlerin teslim al\u0131nmas\u0131n\u0131 sert bir dille ele\u015ftirdi.<\/p>\n<p>ANKARA 7. \u0130DARE MAHKEMES\u0130 KARARI \u0130PTAL ETT\u0130<\/p>\n<p>S\u00f6z konusu ihaleye ili\u015fkin Sa\u011fl\u0131k Bakan\u0131 Fahrettin Koca\u2019n\u0131n yan\u0131tlamas\u0131 istemiyle daha \u00f6nce 27 Temmuz 2021 tarihinde 7\/48654 say\u0131l\u0131 yaz\u0131l\u0131 soru \u00f6nergesi verdi\u011fini hat\u0131rlatan CHP\u2019li Ba\u015far\u0131r, \u201cYap\u0131lan ihale hakk\u0131ndaki iddialarla ilgili yaz\u0131l\u0131 soru \u00f6nergesi verdim. Ancak Say\u0131n Sa\u011fl\u0131k Bakan\u0131 aradan yakla\u015f\u0131k 3 ay ge\u00e7mesine ra\u011fmen \u00f6nergemizi yan\u0131tlama zahmetinde dahi bulunmad\u0131. Uyar\u0131lar\u0131m\u0131z\u0131 dikkate almad\u0131. Geldi\u011fimiz noktada yap\u0131lan ihale ile ilgili Kamu \u0130hale Kurumu\u2019nun i\u015flemini Ankara 7. \u0130dare Mahkemesi iptal etti\u201d dedi.<\/p>\n<p>MAHKEME KARARINA RA\u011eMEN \u00dcR\u00dcNLER TESL\u0130M ALINDI<\/p>\n<p>S\u00f6z konusu ihaleye hukuken m\u00fcdahil olan bir firman\u0131n Kamu \u0130hale Kurumu\u2019na \u015fik\u00e2yette bulundu\u011funu ifade eden CHP\u2019li Ba\u015far\u0131r, \u201cFirman\u0131n \u015fikayetine Kamu \u0130hale Kurumu red yan\u0131t\u0131 verdi. Bu durumda s\u00f6z konusu firma, konuyu mahkemeye ta\u015f\u0131d\u0131. Ankara 7. \u0130dare Mahkemesi, Kamu \u0130hale Kurumu\u2019nun red karar\u0131n\u0131n iptaline oy birli\u011fi ile karar verdi. \u0130\u015fin daha vahim boyutu ise firma avukat\u0131n\u0131n, mahkeme karar\u0131n\u0131 Mersin \u0130l Sa\u011fl\u0131k M\u00fcd\u00fcrl\u00fc\u011f\u00fc\u2019ne ibraz etmesine ra\u011fmen, \u0130l Sa\u011fl\u0131k M\u00fcd\u00fcrl\u00fc\u011f\u00fc\u2019n\u00fcn \u00fcr\u00fcnleri teslim almas\u0131d\u0131r\u201d s\u00f6zlerini dile getirdi.<\/p>\n<p>GENEL BA\u015eKANIMIZ B\u00dcROKRATLARI UYARDI<\/p>\n<p>Ya\u015fanan bu olayda g\u00f6r\u00fcld\u00fc\u011f\u00fc gibi CHP Genel Ba\u015fkan\u0131 Say\u0131n Kemal K\u0131l\u0131\u00e7daro\u011flu\u2019nun, b\u00fcrokratlara yapt\u0131\u011f\u0131 uyar\u0131n\u0131n ne kadar yerinde oldu\u011funu belirten CHP\u2019li Ba\u015far\u0131r, \u201cGenel Ba\u015fkan\u0131m\u0131z Say\u0131n Kemal K\u0131l\u0131\u00e7daro\u011flu b\u00fcrokratlar\u0131 haks\u0131z hukuksuz i\u015flem yapmamalar\u0131 konusunda uyarm\u0131\u015ft\u0131. \u0130l Sa\u011fl\u0131k M\u00fcd\u00fcrl\u00fc\u011f\u00fc b\u00fcrokratlar\u0131, mahkeme karar\u0131n\u0131n avukat taraf\u0131ndan kendilerine ibraz edilmesine ra\u011fmen mahkeme karar\u0131n\u0131n kendilerine tebli\u011f edilmedi\u011fi gerek\u00e7esiyle \u00fcr\u00fcnleri teslim ald\u0131. Ortada bir yarg\u0131 karar\u0131 varken, yang\u0131ndan mal ka\u00e7\u0131r\u0131r gibi \u00fcr\u00fcnleri neden teslim al\u0131yorsunuz? Birilerinden talimat m\u0131 ald\u0131n\u0131z?  Yap\u0131lan bu i\u015flem kamuyu zarara u\u011fratmak de\u011fil de nedir? Milletvekilleri olarak biz yap\u0131lan haks\u0131z hukuksuz i\u015flemleri gerek bas\u0131n a\u00e7\u0131klamalar\u0131yla gerekse de yaz\u0131l\u0131 soru \u00f6nergeleriyle g\u00fcndeme getiriyoruz. Ancak yapt\u0131\u011f\u0131m\u0131z t\u00fcm uyar\u0131lar, iktidar taraf\u0131ndan g\u00f6rmezden geliniyor. Bunlar\u0131n sonucu olarak da hukukun \u00fcst\u00fcnl\u00fc\u011f\u00fc endeksinde elbette 139 \u00fclke aras\u0131ndan 117 s\u0131rada yer al\u0131r\u0131z\u201d s\u00f6zlerini ifade etti.<\/p>\n<p>CHP Mersin Milletvekili Ali Mahir Ba\u015far\u0131r yap\u0131lan hukuksuz ihaleyle ilgili Sa\u011fl\u0131k Bakan\u0131 Fahrettin Koca\u2019n\u0131n yan\u0131tlamas\u0131 istemiyle yeni bir soru \u00f6nergesi vererek konuyu Meclis g\u00fcndemine ta\u015f\u0131d\u0131. CHP\u2019li Ba\u015far\u0131r \u00f6nergesinde;<\/p>\n<p>\u201cMersin \u0130l Sa\u011fl\u0131k M\u00fcd\u00fcrl\u00fc\u011f\u00fc\u2019nce 8 milyon TL\u2019lik donan\u0131m al\u0131m ihalesinde usuls\u00fczl\u00fck yap\u0131ld\u0131\u011f\u0131na ili\u015fkin Sa\u011fl\u0131k Bakan\u0131 Fahrettin Koca taraf\u0131ndan yaz\u0131l\u0131 olarak yan\u0131tlanmas\u0131 istemiyle 27.07.2021 tarihinde 7\/48654 say\u0131l\u0131 yaz\u0131l\u0131 soru \u00f6nergesi vermi\u015ftim. Aradan 3 aya yak\u0131n bir s\u00fcre ge\u00e7mesine ra\u011fmen yaz\u0131l\u0131 soru \u00f6nergeme yan\u0131t verilmemi\u015ftir.<br \/>\nS\u00f6z konusu vermi\u015f oldu\u011fumuz yaz\u0131l\u0131 soru \u00f6nergemiz dikkate al\u0131nmad\u0131\u011f\u0131 gibi, bir firma ihaleye hukuki olarak m\u00fcdahil olup Kamu \u0130hale Kurumu\u2019na itiraz etmi\u015f, Kamu \u0130hale Kurumu\u2019nun yap\u0131lan itiraza red vermesi \u00fczerine Ankara \u0130dare Mahkemesi\u2019ne dava a\u00e7m\u0131\u015ft\u0131r. Ankara 7. \u0130dare Mahkemesi, 2021\/1328 Esas ve 2021\/1599 Karar No ile Kamu \u0130hale Kurumu karar\u0131n\u0131n \u0130PTAL\u0130NE oy birli\u011fi ile karar vermi\u015ftir.<br \/>\nMahkemenin iptal karar\u0131, davay\u0131 a\u00e7an firma avukat\u0131 taraf\u0131ndan, Mersin \u0130l Sa\u011fl\u0131k M\u00fcd\u00fcrl\u00fc\u011f\u00fcne  ibraz edilmesine ra\u011fmen, mahkeme karar\u0131n\u0131n \u0130l Sa\u011fl\u0131k M\u00fcd\u00fcrl\u00fc\u011f\u00fc\u2019ne tebli\u011f olunmad\u0131\u011f\u0131 gerek\u00e7esiyle Mersin \u0130l Sa\u011fl\u0131k M\u00fcd\u00fcrl\u00fc\u011f\u00fc, E-93683507-809.99 say\u0131l\u0131 yaz\u0131 ile 03.05.2021 tarihinde yap\u0131lm\u0131\u015f olan Donan\u0131m, Altyap\u0131 ve Sistem Bile\u015fenleri Al\u0131m ihalesi i\u00e7in Muayene Kabul Komisyonu kurmu\u015f ve 11-12-13 Ekim 2021 tarihinde komisyonda bulunan g\u00f6revlilerin \u00fcr\u00fcnleri teslim almalar\u0131 i\u00e7in sabah 09.00\u2019da Eski Devlet Hastanesi yerle\u015fkesinde  haz\u0131r olmalar\u0131n\u0131 istemi\u015ftir.<br \/>\nAnayasam\u0131z\u0131n 138. Maddesinde a\u00e7\u0131k\u00e7a \u201cYasama ve y\u00fcr\u00fctme organlar\u0131 ile idare, mahkeme kararlar\u0131na uymak zorundad\u0131r; bu organlar ve idare, mahkeme kararlar\u0131n\u0131 hi\u00e7bir suretle de\u011fi\u015ftiremez ve bunlar\u0131n yerine getirilmesini geciktiremez\u201d h\u00fckm\u00fc mevcuttur\u201d a\u00e7\u0131klamalar\u0131na yer vererek \u015fu sorular\u0131n yan\u0131tlanmas\u0131n\u0131 istedi:<\/p>\n<p>1-    Ankara 7. \u0130dare Mahkemesi\u2019nin Kamu \u0130hale Kurumu karar\u0131na ili\u015fkin oy birli\u011fi ile \u0130PTAL karar vermesine ra\u011fmen, s\u00f6z konusu donan\u0131m \u00fcr\u00fcnleri Mersin \u0130l Sa\u011fl\u0131k M\u00fcd\u00fcrl\u00fc\u011f\u00fcnce teslim al\u0131nm\u0131\u015f m\u0131d\u0131r? Al\u0131nm\u0131\u015fsa, Mersin \u0130l Sa\u011fl\u0131k M\u00fcd\u00fcrl\u00fc\u011f\u00fcnde, Ankara 7. \u0130dare Mahkemesi karar\u0131na ra\u011fmen s\u00f6z konusu usuls\u00fczl\u00fc\u011f\u00fc yapanlar hakk\u0131nda herhangi bir yasal i\u015flem ba\u015flat\u0131lm\u0131\u015f m\u0131d\u0131r? Ba\u015flat\u0131lmam\u0131\u015fsa gerek\u00e7eleri nelerdir?<\/p>\n<p>2-    Ankara \u0130dare Mahkemesi karar\u0131 \u00e7ok a\u00e7\u0131k ortadayken yap\u0131lan hukuksuz ihale i\u015flemi iptal edilecek midir?<\/p>\n<p>3-    Mersin \u0130l Sa\u011fl\u0131k M\u00fcd\u00fcrl\u00fc\u011f\u00fc\u2019ne firma avukat\u0131 taraf\u0131ndan mahkeme karar\u0131 ibraz edilmesine ra\u011fmen, kurumumuza tebli\u011f edilmedi gerek\u00e7esiyle \u00fcr\u00fcnleri teslim almas\u0131 hukukla, kanunla, adaletle ne \u00f6l\u00e7\u00fcde ba\u011fda\u015fmaktad\u0131r?<\/p>\n<p>4-    Sonu\u00e7 olarak s\u00f6z konusu ihale iptal edildi\u011finde ortaya \u00e7\u0131kacak olan kamu zarar\u0131 kim ya da kimler taraf\u0131ndan kar\u015f\u0131lanacakt\u0131r?<\/p>\n<p>5-    Vermi\u015f oldu\u011fumuz yaz\u0131l\u0131 soru \u00f6nergelerine yasal s\u00fcre i\u00e7erisinde yan\u0131t vermemenizin gerek\u00e7eleri nelerdir? <\/p>\n","protected":false},"excerpt":{"rendered":"<p>CHP Mersin Milletvekili Ali Mahir Ba\u015far\u0131r, Mersin \u0130l Sa\u011fl\u0131k M\u00fcd\u00fcrl\u00fc\u011f\u00fcnce yap\u0131lan Donan\u0131m, Altyap\u0131 ve Sistem Bile\u015fenleri Al\u0131m ihalesinin iptal edilmemesini ve mahkeme karar\u0131na ra\u011fmen \u00fcr\u00fcnlerin teslim al\u0131nmas\u0131n\u0131 sert bir dille &hellip; <a href=\"https:\/\/akdenizolaygazetesi.com\/?p=14827\" class=\"more-link\">Devam\u0131n\u0131 Oku&#8230;<\/a><\/p>\n","protected":false},"author":2,"featured_media":14828,"comment_status":"open","ping_status":"open","sticky":false,"template":"","format":"standard","meta":[],"categories":[1,2,3,6],"tags":[],"_links":{"self":[{"href":"https:\/\/akdenizolaygazetesi.com\/index.php?rest_route=\/wp\/v2\/posts\/14827"}],"collection":[{"href":"https:\/\/akdenizolaygazetesi.com\/index.php?rest_route=\/wp\/v2\/posts"}],"about":[{"href":"https:\/\/akdenizolaygazetesi.com\/index.php?rest_route=\/wp\/v2\/types\/post"}],"author":[{"embeddable":true,"href":"https:\/\/akdenizolaygazetesi.com\/index.php?rest_route=\/wp\/v2\/users\/2"}],"replies":[{"embeddable":true,"href":"https:\/\/akdenizolaygazetesi.com\/index.php?rest_route=%2Fwp%2Fv2%2Fcomments&post=14827"}],"version-history":[{"count":1,"href":"https:\/\/akdenizolaygazetesi.com\/index.php?rest_route=\/wp\/v2\/posts\/14827\/revisions"}],"predecessor-version":[{"id":14829,"href":"https:\/\/akdenizolaygazetesi.com\/index.php?rest_route=\/wp\/v2\/posts\/14827\/revisions\/14829"}],"wp:featuredmedia":[{"embeddable":true,"href":"https:\/\/akdenizolaygazetesi.com\/index.php?rest_route=\/wp\/v2\/media\/14828"}],"wp:attachment":[{"href":"https:\/\/akdenizolaygazetesi.com\/index.php?rest_route=%2Fwp%2Fv2%2Fmedia&parent=14827"}],"wp:term":[{"taxonomy":"category","embeddable":true,"href":"https:\/\/akdenizolaygazetesi.com\/index.php?rest_route=%2Fwp%2Fv2%2Fcategories&post=14827"},{"taxonomy":"post_tag","embeddable":true,"href":"https:\/\/akdenizolaygazetesi.com\/index.php?rest_route=%2Fwp%2Fv2%2Ftags&post=14827"}],"curies":[{"name":"wp","href":"https:\/\/api.w.org\/{rel}","templated":true}]}}