{"id":1483,"date":"2020-11-04T18:22:02","date_gmt":"2020-11-04T15:22:02","guid":{"rendered":"http:\/\/mersinekonomipolitikagazetesi.com\/?p=1483"},"modified":"2020-11-04T18:22:02","modified_gmt":"2020-11-04T15:22:02","slug":"1-5000luk-imara-tepkiler-durmak-bilmiyor","status":"publish","type":"post","link":"https:\/\/akdenizolaygazetesi.com\/?p=1483","title":{"rendered":"1\/5000\u2019L\u00dcK \u0130MARA TEPK\u0130LER DURMAK B\u0130LM\u0130YOR"},"content":{"rendered":"<p>Mersin \u00c7evre ve Do\u011fa Derne\u011fi de 1\/5000 \u00d6l\u00e7ekli naz\u0131m imar plan\u0131 hakk\u0131nda yapt\u0131\u011f\u0131 a\u00e7\u0131klamada tepkilerini dile getirdi. Dernek Ba\u015fkan\u0131 Sabahat Aslan: \u201cMersin B\u00fcy\u00fck\u015fehir Belediye meclisi taraf\u0131ndan onaylanan 1\/5000 \u00d6l\u00e7ekli naz\u0131m imar plan\u0131n iptal edilmesini istiyoruz.\u201d dedi.<\/p>\n<div style=\"position: relative; min-height: 100%;\">\n<div class=\"nH\" style=\"width: 1870px;\">\n<div class=\"nH\" style=\"position: relative;\">\n<div class=\"nH bkL\">\n<div class=\"no\">\n<div class=\"nH bkK nn\" style=\"min-height: 1px; width: 1650px;\">\n<div class=\"nH\">\n<div class=\"nH\">\n<div class=\"nH ar4 z\">\n<div class=\"aeI\">\n<div class=\"AO\" style=\"position: relative;\">\n<div class=\"Tm aeJ bt0\" id=\":4\" style=\"padding-right: 4px; overflow-y: scroll; height: 675px; background-image: initial; background-attachment: initial; background-size: initial; background-origin: initial; background-clip: initial; background-position: initial; background-repeat: initial;\">\n<div class=\"aeF\" id=\":2\" style=\"padding: 0px; vertical-align: bottom; min-height: 485px;\">\n<div class=\"nH\">\n<div class=\"nH\" role=\"main\">\n<div class=\"nH g\">\n<table cellpadding=\"0\" class=\"Bs nH iY\" role=\"presentation\" style=\"position: static !important; border-spacing: 0px; padding: 0px; border-collapse: collapse; width: 1630px;\">\n<tbody>\n<tr>\n<td class=\"Bu\" style=\"font-family: arial, sans-serif; margin: 0px; vertical-align: top; padding: 0px; background-image: initial; background-attachment: initial; background-size: initial; background-origin: initial; background-clip: initial; background-position: initial; background-repeat: initial;\">\n<div class=\"nH if\" style=\"margin: 0px 8px 0px 0px;\">\n<div class=\"nH aHU\" style=\"position: relative;\">\n<div class=\"nH hx\" style=\"color: rgb(34, 34, 34); min-width: 502px; padding: 4px 0px; background-color: transparent;\">\n<div class=\"nH\" role=\"list\">\n<div class=\"h7 hn ie nH oy8Mbf\" role=\"listitem\" style=\"clear: both; padding-bottom: 0px; max-width: 100000px; outline: none;\" tabindex=\"-1\">\n<div class=\"Bk\" style=\"position: relative; margin-bottom: 0px; border-width: 0px; border-top-style: solid; border-top-color: rgb(239, 239, 239); border-radius: 0px; width: 1622px;\">\n<div class=\"G3 G2 afm\" style=\"padding-top: 0px; border-width: 1px 0px 0px; border-bottom-color: rgb(216, 216, 216); border-top-style: solid; border-top-color: rgb(216, 216, 216); border-radius: 0px; margin-bottom: 0px; margin-left: 0px; margin-right: 0px; background-color: transparent;\">\n<div id=\":1wd\">\n<div class=\"adn ads\" data-legacy-message-id=\"1620043436858ef2\" data-message-id=\"1620043436858ef2\" style=\"border-left-width: 1px; border-left-style: solid; border-left-color: transparent; padding-bottom: 0px; padding-left: 8px;\">\n<div class=\"gs\" style=\"margin-left: 44px;\">\n<div class=\"ii gt\" id=\":1wg\" style=\"font-size: 12.8px; direction: ltr; margin: 5px 15px 0px 0px; padding-bottom: 5px; position: relative;\">\n<div class=\"a3s aXjCH m1620043436858ef2\" id=\":1wf\" style=\"overflow: hidden;\">\n<div dir=\"auto\">\n<blockquote style=\"font-family: arial, sans-serif; font-size: 12.8px; font-style: normal; line-height: normal;\" type=\"cite\">\n<div dir=\"ltr\">\n<p><span style=\"font-size:16px;\">Mersin \u00c7evre Ve Do\u011fa Derne\u011fi (MER\u00c7ED), Mersin B\u00fcy\u00fck\u015fehir Belediyesinin Akdeniz Toroslar Yeni\u015fehir Mezitli \u0130l\u00e7eleri 1\/5000 \u00d6l\u00e7ekli Revizyon Naz\u0131m \u0130mar Plan\u0131 hakk\u0131nda Mersin Gazeteciler Cemiyeti\u2019nde bir a\u00e7\u0131klama ger\u00e7ekle\u015ftirdi.<\/span><\/p>\n<div class=\"yj6qo ajU\" style=\"cursor: pointer; outline: none; padding: 10px 0px; width: 22px; margin: 2px 0px 0px;\">\n<div aria-label=\"Geni\u015fletilen i\u00e7eri\u011fi gizleyin\" class=\"ajR\" data-tooltip=\"Geni\u015fletilen i\u00e7eri\u011fi gizleyin\" id=\":1i3\" role=\"button\" style=\"border: 1px solid rgb(221, 221, 221); clear: both; line-height: 6px; outline: none; position: relative; width: 20px; background-color: rgb(241, 241, 241);\" tabindex=\"0\"><span style=\"font-size:16px;\"><img background-attachment:=\"\" background-clip:=\"\" background-origin:=\"\" background-position:=\"\" background-repeat:=\"\" background-size:=\"\" class=\"ajT\" icons=\"\" mail=\"\" src=\"https:\/\/ssl.gstatic.com\/ui\/v1\/icons\/mail\/images\/cleardot.gif\" ssl.gstatic.com=\"\" style=\"height: 8px; opacity: 0.3; width: 20px; background-image: url(\" ui=\"\" v1=\"\" \/><\/span><\/div>\n<\/p><\/div>\n<div class=\"adL\">\n<p><span style=\"font-size:16px;\"><span class=\"im\" style=\"color: rgb(80, 0, 80);\">MER\u00c7ED ad\u0131na konu\u015fmas\u0131n\u0131 ger\u00e7ekle\u015ftiren dernek ba\u015fkan\u0131 Sabahat Aslan onaylanan imar planlar\u0131n iptal edilmesini istediklerini belirtti.<\/span><\/span><\/p>\n<p><span style=\"font-size:16px;\"><span class=\"im\" style=\"color: rgb(80, 0, 80);\">B\u00fcy\u00fck\u015fehrin 1\/5000 \u00d6l\u00e7ekli imar plan\u0131na tepkili olduklar\u0131n\u0131 ifade eden Aslan, kendi aralar\u0131nda bir\u00e7ok kurumla beraber dilek\u00e7eler haz\u0131rlad\u0131klar\u0131n\u0131 ve bu dilek\u00e7elerin \u00f6nemsenmedi\u011fi takdirde hukukla devreye gireceklerini kaydetti.<\/span><\/span><\/p>\n<p>\u00a0<\/p>\n<p><span style=\"font-size:16px;\"><span class=\"im\" style=\"color: rgb(80, 0, 80);\">\u201cTARIM ARAZ\u0130S\u0130 YAPILA\u015eMAYA A\u00c7ILMAKTADIR\u201d<\/span><\/span><\/p>\n<p><span style=\"font-size:16px;\"><span class=\"im\" style=\"color: rgb(80, 0, 80);\">A\u00e7\u0131klama konu\u015fmas\u0131na devam eden Aslan, Mersin B\u00fcy\u00fck\u015fehir Belediye Meclisi\u2019nin 06.02.2018 tarih ve 91 say\u0131l\u0131 karar\u0131 ile onanm\u0131\u015f ve 09.02.2018 tarihinden itibaren ask\u0131ya \u00e7\u0131kar\u0131lm\u0131\u015f olup itiraz s\u00fcresi 09.03.2018 tarihinde sona erece\u011fini belirterek, \u201cBu Plan ne yaz\u0131k ki \u015fehircilik ilkelerine, planlama esaslar\u0131na ve kamu yarar\u0131 a\u00e7\u0131s\u0131ndan uygun olmay\u0131p, \u0130mar planlar\u0131n\u0131n haz\u0131rlama kriterleri olan insan, toplum ve \u00e7evre ili\u015fkilerinde ki\u015fi ve aile mutlulu\u011fu ile toplum hayat\u0131n\u0131 yak\u0131ndan etkileyen fiziksel \u00e7evreyi sa\u011fl\u0131kl\u0131 bir yap\u0131ya kavu\u015fturmak, yat\u0131r\u0131mlar\u0131n yer se\u00e7imlerini ve geli\u015fme e\u011filimlerini y\u00f6nlendirmek ve topra\u011f\u0131n koruma-kullanma dengesini en rasyonel bi\u00e7imde belirlemekten \u00e7ok uzaktad\u0131r. \u00c7\u00fcnk\u00fc Planda, Mersin\u2019deki bir\u00e7ok verimli tar\u0131m arazisi yap\u0131la\u015fmaya a\u00e7\u0131lmaktad\u0131r ve yap\u0131la\u015fma bask\u0131s\u0131 alt\u0131nda b\u0131rak\u0131lmaktad\u0131r.\u201d dedi.<\/span><\/span><\/p>\n<p><span style=\"font-size:16px;\"><span class=\"im\" style=\"color: rgb(80, 0, 80);\">&#8220;TARIM ALANLARI \u00dcZER\u0130NDE KUVVETL\u0130 B\u0130R YAPILA\u015eMA BASKISI OLU\u015eTURACAKTIR&#8221;<\/span><\/span><\/p>\n<p><span style=\"font-size:16px;\"><span class=\"im\" style=\"color: rgb(80, 0, 80);\">Ger\u00e7ekle\u015fecek olan yap\u0131la\u015fma b\u00f6lgedeki verimli tar\u0131m arazilerinin geri d\u00f6n\u00fclmez bi\u00e7imde yok olmas\u0131na neden olaca\u011f\u0131na dikkat \u00e7eken Aslan: \u201cToroslar il\u00e7esinin kuzeyinde \u015eehir Hastanesi ile Mersin-Adana Otoyolu aras\u0131ndaki b\u00f6lgede konut geli\u015fimi \u00f6ng\u00f6r\u00fclmektedir ve \u00f6ng\u00f6r\u00fclen konut alan\u0131n\u0131n n\u00fcfus yo\u011funlu\u011fu y\u00fcksektir. Toroslar B\u00f6lgesi\u2019nin yan\u0131 s\u0131ra Mezitli, Davultepe ve Tece\u2019de de tar\u0131m alanlar\u0131 \u00fczerinde yap\u0131la\u015fma bask\u0131lar\u0131n\u0131n olu\u015fmas\u0131na neden olacak plan kararlar\u0131 al\u0131nm\u0131\u015ft\u0131r. Davultepe\u2019de tar\u0131m arazilerinin ortas\u0131ndan, Kuyuluk ba\u011flant\u0131s\u0131na \u00e7ok yak\u0131n olmas\u0131na ra\u011fmen, yeni bir otoyol ba\u011flant\u0131s\u0131; Mezitli, Davultepe ve Tece\u2019de GMK Bulvar\u0131\u2019n\u0131n kuzeyinde \u0130kinci \u00c7evre Yolu\u2019nun bat\u0131ya do\u011fru uzant\u0131s\u0131 ve \u00dc\u00e7\u00fcnc\u00fc \u00c7evre Yolu\u2019nun bat\u0131ya do\u011fru Kale yerle\u015fiminin kuzeyinden tar\u0131m alanlar\u0131 i\u00e7inden uzat\u0131larak Kuyuluk otoyol ba\u011flant\u0131s\u0131na ba\u011flanmas\u0131 tar\u0131m alanlar\u0131 \u00fczerinde kuvvetli bir yap\u0131la\u015fma bask\u0131s\u0131 olu\u015fturacakt\u0131r. Ayr\u0131ca plan\u0131n bir\u00e7ok yerinde yap\u0131la\u015fm\u0131\u015f alanlar geni\u015f ta\u015f\u0131t yollar\u0131 ile \u00e7evrelenmi\u015ftir, bu yollar\u0131n di\u011fer taraflar\u0131nda da verimli tar\u0131m arazileri bulunmaktad\u0131r. Bu durum da benzer \u015fekilde tar\u0131m alanlar\u0131 \u00fczerine yap\u0131la\u015fma bask\u0131s\u0131 olu\u015fturacak ve zamanla planda tar\u0131m alan\u0131 olarak \u00f6ng\u00f6r\u00fclm\u00fc\u015f b\u00f6lgelerin yava\u015f yava\u015f yap\u0131la\u015fmaya a\u00e7\u0131lmas\u0131 g\u00fcndeme gelecektir.\u201d ifadelerini kulland\u0131.<\/span><\/span><\/p>\n<p><span style=\"font-size:16px;\"><span class=\"im\" style=\"color: rgb(80, 0, 80);\">\u201cPLAN H\u00dcK\u00dcMLER\u0130N\u0130N \u0130PTAL\u0130N\u0130 TALEP ED\u0130YORUZ\u201d<\/span><\/span><\/p>\n<p><span style=\"font-size:16px;\"><span class=\"im\" style=\"color: rgb(80, 0, 80);\">Toroslar il\u00e7esinde mevcut bulunan 68\u2019liler orman\u0131n\u0131n i\u00e7inden yol ge\u00e7mesi, orman vasf\u0131n\u0131n kaybolmas\u0131na neden olaca\u011f\u0131n\u0131 kaydeden Aslan: \u201cAkdeniz Toroslar Yeni\u015fehir ve Mezitli \u0130l\u00e7elerinde haz\u0131rlanan planda in\u015faat yo\u011funlu\u011funun artt\u0131r\u0131lmas\u0131, \u015fehir i\u00e7i ula\u015f\u0131m\u0131n karayolundan sa\u011flanmas\u0131 oran\u0131n\u0131n artt\u0131r\u0131lmas\u0131, toplu ta\u015f\u0131ma imkanlar\u0131n\u0131n azalt\u0131lmas\u0131, hafif rayl\u0131 sisteminin olmamas\u0131, verimli tar\u0131m arazilerinin yok edilmesi, ye\u015fil alanlar\u0131n\u0131n azalt\u0131lmas\u0131 sonucunda hava kirlili\u011finin artmas\u0131na ve bir\u00e7ok \u00e7evre sorununun ya\u015fanmas\u0131na neden olacakt\u0131r. Mersin bu planla sa\u011fl\u0131ks\u0131z bir kent haline d\u00f6n\u00fc\u015ft\u00fcr\u00fclecektir. Kamu kaynaklar\u0131m\u0131z\u0131 zarar u\u011fratacak ve sa\u011fl\u0131\u011f\u0131m\u0131z\u0131 bozacak olan Mersin B\u00fcy\u00fck\u015fehir Belediyesi Akdeniz Toroslar Yeni\u015fehir Mezitli \u0130l\u00e7eleri 1\/5000 \u00d6l\u00e7ekli Revizyon Naz\u0131m \u0130mar Plan\u0131\u2019na itiraz ediyoruz. Bu planlar\u0131n, raporlar\u0131n\u0131n ve plan h\u00fck\u00fcmlerinin iptalini talep ediyoruz.\u201d diyerek a\u00e7\u0131klama konu\u015fmas\u0131 son buldu.<\/span><\/span><\/p>\n<\/p><\/div>\n<\/p><\/div>\n<div class=\"adL\">\u00a0<\/div>\n<\/blockquote>\n<div class=\"adL\" style=\"font-size: 12.8px; line-height: normal;\">\n<blockquote type=\"cite\">\n<div dir=\"ltr\">\n<p><span style=\"font-size:16px;\"><span class=\"im\" style=\"color: rgb(80, 0, 80);\"><font color=\"#000000\"><span style=\"background-color: rgba(255, 255, 255, 0);\">1\/5000 \u00d6l\u00e7ekli Plana tepki dilek\u00e7elerini g\u00f6nderecek olan kurumlar: \u201cTEMA, Sosyal Demokrasi Derne\u011fi, Malatyal\u0131lar Derne\u011fi, Cumhuriyet Kad\u0131nlar Derne\u011fi, \u00c7evre Dostlar Derne\u011fi, Ha\u00e7oval\u0131lar Derne\u011fi, 68\u2019liler Derne\u011fi, 7 Ku\u015fak K\u00f6y Enstit\u00fcs\u00fc Derne\u011fi, Tarsus \u00c7evre Koruma Derne\u011fi, Atat\u00fcrk\u00e7\u00fc D\u00fc\u015f\u00fcnce Derne\u011fi, \u00c7a\u011fda\u015f Ya\u015fam Derne\u011fi, Sokak \u00c7ocuklar Derne\u011fi\u201d<\/span><\/font><\/span><\/span><\/p>\n<\/p><\/div>\n<\/blockquote><\/div>\n<\/p><\/div>\n<\/p><\/div>\n<\/p><\/div>\n<\/p><\/div>\n<\/p><\/div>\n<\/p><\/div>\n<\/p><\/div>\n<\/p><\/div>\n<\/p><\/div>\n<\/p><\/div>\n<\/p><\/div>\n<\/p><\/div>\n<\/p><\/div>\n<\/td>\n<\/tr>\n<\/tbody>\n<\/table>\n<\/div>\n<\/div>\n<\/div>\n<\/div>\n<\/div>\n<\/div>\n<\/div>\n<\/div>\n<\/div>\n<\/div>\n<\/div>\n<\/div>\n<\/div>\n<\/div>\n<\/div>\n<\/div>\n","protected":false},"excerpt":{"rendered":"<p>Mersin \u00c7evre ve Do\u011fa Derne\u011fi de 1\/5000 \u00d6l\u00e7ekli naz\u0131m imar plan\u0131 hakk\u0131nda yapt\u0131\u011f\u0131 a\u00e7\u0131klamada tepkilerini dile getirdi. Dernek Ba\u015fkan\u0131 Sabahat Aslan: \u201cMersin B\u00fcy\u00fck\u015fehir Belediye meclisi taraf\u0131ndan onaylanan 1\/5000 \u00d6l\u00e7ekli naz\u0131m &hellip; <a href=\"https:\/\/akdenizolaygazetesi.com\/?p=1483\" class=\"more-link\">Devam\u0131n\u0131 Oku&#8230;<\/a><\/p>\n","protected":false},"author":1,"featured_media":0,"comment_status":"open","ping_status":"open","sticky":false,"template":"","format":"standard","meta":[],"categories":[],"tags":[],"_links":{"self":[{"href":"https:\/\/akdenizolaygazetesi.com\/index.php?rest_route=\/wp\/v2\/posts\/1483"}],"collection":[{"href":"https:\/\/akdenizolaygazetesi.com\/index.php?rest_route=\/wp\/v2\/posts"}],"about":[{"href":"https:\/\/akdenizolaygazetesi.com\/index.php?rest_route=\/wp\/v2\/types\/post"}],"author":[{"embeddable":true,"href":"https:\/\/akdenizolaygazetesi.com\/index.php?rest_route=\/wp\/v2\/users\/1"}],"replies":[{"embeddable":true,"href":"https:\/\/akdenizolaygazetesi.com\/index.php?rest_route=%2Fwp%2Fv2%2Fcomments&post=1483"}],"version-history":[{"count":0,"href":"https:\/\/akdenizolaygazetesi.com\/index.php?rest_route=\/wp\/v2\/posts\/1483\/revisions"}],"wp:attachment":[{"href":"https:\/\/akdenizolaygazetesi.com\/index.php?rest_route=%2Fwp%2Fv2%2Fmedia&parent=1483"}],"wp:term":[{"taxonomy":"category","embeddable":true,"href":"https:\/\/akdenizolaygazetesi.com\/index.php?rest_route=%2Fwp%2Fv2%2Fcategories&post=1483"},{"taxonomy":"post_tag","embeddable":true,"href":"https:\/\/akdenizolaygazetesi.com\/index.php?rest_route=%2Fwp%2Fv2%2Ftags&post=1483"}],"curies":[{"name":"wp","href":"https:\/\/api.w.org\/{rel}","templated":true}]}}