{"id":14843,"date":"2021-10-23T20:13:15","date_gmt":"2021-10-23T17:13:15","guid":{"rendered":"http:\/\/akdenizolaygazetesi.com\/?p=14843"},"modified":"2021-10-23T20:13:15","modified_gmt":"2021-10-23T17:13:15","slug":"temad-il-baskanliginin-yenilenen-binasi-torenle-acildi","status":"publish","type":"post","link":"https:\/\/akdenizolaygazetesi.com\/?p=14843","title":{"rendered":"TEMAD \u0130L BA\u015eKANLI\u011eININ YEN\u0130LENEN B\u0130NASI T\u00d6RENLE A\u00c7ILDI"},"content":{"rendered":"<p>Akdeniz Belediyesi\u2019nin de sundu\u011fu b\u00fcy\u00fck destek ve katk\u0131larla yenilenip hizmete sunulan T\u00fcrkiye Emekli Astsubaylar Derne\u011fi (TEMAD) Mersin \u0130l Ba\u015fkanl\u0131\u011f\u0131 binas\u0131n\u0131n a\u00e7\u0131l\u0131\u015f t\u00f6reni; derne\u011fin 37\u2019nci kurulu\u015f y\u0131ld\u00f6n\u00fcm\u00fcnde kent protokol\u00fcn\u00fcn kat\u0131l\u0131m\u0131yla ger\u00e7ekle\u015fti.<br \/>\nDernek binas\u0131nda ger\u00e7ekle\u015fen t\u00f6rene, Akdeniz Kaymakam\u0131 Muhittin Pamuk, Akdeniz Belediye Ba\u015fkan Yard\u0131mc\u0131s\u0131 Mustafa Arslan, Mersin \u0130l Jandarma Komutan\u0131 Tu\u011fgeneral Necip \u00c7ar\u0131k\u00e7\u0131o\u011flu, T\u00fcrkiye Emekli Astsubaylar Derne\u011fi (TEMAD) Genel Ba\u015fkan\u0131 Hamza D\u00fcrgen, TEMAD Mersin \u0130l Ba\u015fkan\u0131 Halil Kur, siyasi parti temsilcileri, dernek \u00fcyesi emekli astsubaylar, aileleri ve b\u00fcrokratlar\u0131n oldu\u011fu \u00e7ok say\u0131da ki\u015fi kat\u0131ld\u0131.<br \/>\n\u201cDe\u011fi\u015fimin k\u0131v\u0131lc\u0131m\u0131n\u0131 yakan Ba\u015fkan\u0131m\u0131z G\u00fcltak, bizlere \u00e7ok g\u00fczel bir arma\u011fan verdi\u201d<br \/>\nDerne\u011fe kazand\u0131r\u0131lan Pilot Astsubay Vecihi H\u00fcrku\u015f Toplant\u0131 Salonu\u2019nda ger\u00e7ekle\u015fen t\u00f6rende s\u00f6z alan TEMAD Mersin \u0130l Ba\u015fkan\u0131 Halil Kur, derne\u011fin ama\u00e7 ve hedeflerini anlatt\u0131. Restore \u00e7al\u0131\u015fmas\u0131 sonucu Mersin\u2019de; astsubaylar\u0131n, gaziler ve t\u00fcm meslekta\u015flar\u0131n\u0131n y\u0131llard\u0131r \u00f6zlem duydu\u011fu bir binaya kavu\u015ftuklar\u0131n\u0131 dile getiren Kur, \u201cDernek binam\u0131z\u0131n bu duruma gelmesinde b\u00fcy\u00fck eme\u011fi ve katk\u0131s\u0131 olan Akdeniz Belediye Ba\u015fkan\u0131m\u0131z Say\u0131n Muhammed Mustafa G\u00fcltak\u2019a, \u00d6zel Kalem M\u00fcd\u00fcr\u00fc Onur G\u00fcm\u00fc\u015ftok\u2019a, Ba\u015fkan Yard\u0131mc\u0131lar\u0131 ve \u00e7al\u0131\u015fma arkada\u015flar\u0131na en derin \u015f\u00fckran ve te\u015fekk\u00fcrlerimi sunuyorum. Ba\u015fkan\u0131m\u0131z Say\u0131n G\u00fcltak, yakt\u0131\u011f\u0131 k\u0131v\u0131lc\u0131m ve sa\u011flad\u0131\u011f\u0131 katk\u0131larla bizlere \u00e7ok b\u00fcy\u00fck bir arma\u011fan vermi\u015ftir\u201d dedi.<br \/>\n\u201cDerne\u011fimiz, T\u00fcrkiye\u2019nin milli bir g\u00fcc\u00fc haline gelmi\u015ftir\u201d<br \/>\nArd\u0131ndan s\u00f6z alan T\u00fcrkiye Emekli Astsubaylar Derne\u011fi Genel Ba\u015fkan\u0131 Hamza D\u00fcrgen ise konu\u015fmas\u0131nda, derne\u011fin 37\u2019nci kurulu\u015f y\u0131ld\u00f6n\u00fcm\u00fc ile Astsubaylar G\u00fcn\u00fc\u2019n\u00fc kutlad\u0131klar\u0131n\u0131 da dile getirdi. Astsubayl\u0131k mesle\u011finin \u00f6neminin alt\u0131n\u0131 \u00e7izen D\u00fcrgen, 15 Temmuz \u015eehidi \u00d6mer Halisdemir\u2019den bahsederken g\u00f6zleri doldu.<br \/>\nT\u00fcrk Silahl\u0131 Kuvvetleri\u2019nin ba\u011fr\u0131ndan \u00e7\u0131km\u0131\u015f mesleki bir kurulu\u015f olduklar\u0131n\u0131 ifade eden G\u00fcrgen \u015f\u00f6yle konu\u015ftu; \u201cDerne\u011fimizi, 1984 y\u0131l\u0131nda 7 kahraman meslekta\u015f\u0131m\u0131z bir araya gelerek kurdu. Bir araya geldiklerinde de 1 tane masalar\u0131, 4 tane sandalyeleri vard\u0131. Toplant\u0131 yapt\u0131klar\u0131nda 3\u2019\u00fc ayakta kal\u0131yordu. Bug\u00fcn ise T\u00fcrkiye Emekli Astsubaylar Derne\u011fi, 44 il ve 50 il\u00e7e olmak \u00fczere T\u00fcrkiye genelinde 94 \u015fubesi, 5 de temsilcili\u011fi var. Derne\u011fimiz, bug\u00fcn T\u00fcrkiye\u2019nin milli bir g\u00fcc\u00fc haline gelmi\u015ftir.\u201d<\/p>\n<p>\u201cEl birli\u011fi ile bu g\u00fczel mek\u00e2n\u0131 kentimize kazand\u0131rd\u0131k\u201d<br \/>\nAkdeniz Belediye Ba\u015fkan Yard\u0131mc\u0131s\u0131 Mustafa Arslan ise konu\u015fmas\u0131nda; dernek binas\u0131n\u0131n tepeden t\u0131rna\u011fa yenilenmesi i\u00e7in belediye olarak t\u00fcm imk\u00e2nlar\u0131n\u0131 seferber ettiklerinin alt\u0131n\u0131 \u00e7izdi. Arslan; \u201cAstsubaylar, askeriyede i\u015fin mutfa\u011f\u0131ndad\u0131rlar. Vatan savunmas\u0131 ve milli meselelerde, \u00e7ekinmeden canlar\u0131 pahas\u0131na m\u00fccadele eden, bu u\u011furda \u015fehit ve gazi olan astsubaylar\u0131m\u0131za \u015f\u00fckranlar\u0131m\u0131 sunuyorum\u201d dedi.<br \/>\nArslan, s\u00f6zlerini \u015f\u00f6yle s\u00fcrd\u00fcrd\u00fc; \u201cTEMAD Mersin \u0130l Ba\u015fkan\u0131m\u0131z Halil Bey ile birlikte, el birli\u011fi yaparak bu g\u00fczel mek\u00e2n\u0131 kentimize ve il\u00e7emize kazand\u0131rd\u0131k. Ayn\u0131 zamanda Astsubaylar Derne\u011fimizin kurulu\u015funun 37\u2019nci y\u0131ld\u00f6n\u00fcm\u00fcnde b\u00f6ylesi nezih bir mek\u00e2nda sizlerle bir arada olmaktan onur duyuyorum. \u015eehir d\u0131\u015f\u0131nda oldu\u011fu i\u00e7in a\u00e7\u0131l\u0131\u015fa kat\u0131lamayan Belediye Ba\u015fkan\u0131m\u0131z Say\u0131n Mustafa G\u00fcltak\u2019\u0131n da sizlere selamlar\u0131n\u0131 iletiyorum.\u201d<br \/>\nT\u00fcrkiye Emekli Astsubaylar Derne\u011fi \u0130l Ba\u015fkanl\u0131\u011f\u0131 binas\u0131n\u0131n yenilenmesi ve restorasyonu s\u00fcrecinde destek veren kurum temsilcilerine plaket sunumu ve dualar\u0131n okunmas\u0131n\u0131n ard\u0131ndan a\u00e7\u0131l\u0131\u015f kurdelesi kesildi. <\/p>\n","protected":false},"excerpt":{"rendered":"<p>Akdeniz Belediyesi\u2019nin de sundu\u011fu b\u00fcy\u00fck destek ve katk\u0131larla yenilenip hizmete sunulan T\u00fcrkiye Emekli Astsubaylar Derne\u011fi (TEMAD) Mersin \u0130l Ba\u015fkanl\u0131\u011f\u0131 binas\u0131n\u0131n a\u00e7\u0131l\u0131\u015f t\u00f6reni; derne\u011fin 37\u2019nci kurulu\u015f y\u0131ld\u00f6n\u00fcm\u00fcnde kent protokol\u00fcn\u00fcn kat\u0131l\u0131m\u0131yla ger\u00e7ekle\u015fti. &hellip; <a href=\"https:\/\/akdenizolaygazetesi.com\/?p=14843\" class=\"more-link\">Devam\u0131n\u0131 Oku&#8230;<\/a><\/p>\n","protected":false},"author":2,"featured_media":14844,"comment_status":"open","ping_status":"open","sticky":false,"template":"","format":"standard","meta":[],"categories":[3,5],"tags":[],"_links":{"self":[{"href":"https:\/\/akdenizolaygazetesi.com\/index.php?rest_route=\/wp\/v2\/posts\/14843"}],"collection":[{"href":"https:\/\/akdenizolaygazetesi.com\/index.php?rest_route=\/wp\/v2\/posts"}],"about":[{"href":"https:\/\/akdenizolaygazetesi.com\/index.php?rest_route=\/wp\/v2\/types\/post"}],"author":[{"embeddable":true,"href":"https:\/\/akdenizolaygazetesi.com\/index.php?rest_route=\/wp\/v2\/users\/2"}],"replies":[{"embeddable":true,"href":"https:\/\/akdenizolaygazetesi.com\/index.php?rest_route=%2Fwp%2Fv2%2Fcomments&post=14843"}],"version-history":[{"count":1,"href":"https:\/\/akdenizolaygazetesi.com\/index.php?rest_route=\/wp\/v2\/posts\/14843\/revisions"}],"predecessor-version":[{"id":14845,"href":"https:\/\/akdenizolaygazetesi.com\/index.php?rest_route=\/wp\/v2\/posts\/14843\/revisions\/14845"}],"wp:featuredmedia":[{"embeddable":true,"href":"https:\/\/akdenizolaygazetesi.com\/index.php?rest_route=\/wp\/v2\/media\/14844"}],"wp:attachment":[{"href":"https:\/\/akdenizolaygazetesi.com\/index.php?rest_route=%2Fwp%2Fv2%2Fmedia&parent=14843"}],"wp:term":[{"taxonomy":"category","embeddable":true,"href":"https:\/\/akdenizolaygazetesi.com\/index.php?rest_route=%2Fwp%2Fv2%2Fcategories&post=14843"},{"taxonomy":"post_tag","embeddable":true,"href":"https:\/\/akdenizolaygazetesi.com\/index.php?rest_route=%2Fwp%2Fv2%2Ftags&post=14843"}],"curies":[{"name":"wp","href":"https:\/\/api.w.org\/{rel}","templated":true}]}}