{"id":14846,"date":"2021-10-23T20:15:23","date_gmt":"2021-10-23T17:15:23","guid":{"rendered":"http:\/\/akdenizolaygazetesi.com\/?p=14846"},"modified":"2021-10-23T20:15:23","modified_gmt":"2021-10-23T17:15:23","slug":"demirden-il-emniyet-muduru-mehmet-aslana-ziyaret","status":"publish","type":"post","link":"https:\/\/akdenizolaygazetesi.com\/?p=14846","title":{"rendered":"DEM\u0130R\u2019DEN \u0130L EMN\u0130YET M\u00dcD\u00dcR\u00dc MEHMET ASLAN\u2019A Z\u0130YARET"},"content":{"rendered":"<p>Mersin Gen\u00e7lik ve Spor \u0130l M\u00fcd\u00fcr\u00fc \u00d6kke\u015f Demir, \u0130l Emniyet M\u00fcd\u00fcr\u00fc Mehmet Aslan\u2019\u0131 makam\u0131nda ziyaret ederek yeni g\u00f6revinde ba\u015far\u0131lar diledi. <\/p>\n<p>Gen\u00e7lik ve Spor \u0130l M\u00fcd\u00fcr\u00fc \u00d6kke\u015f Demir, T\u00fcrkiye Kad\u0131nlar Basketbol Ligi, Euro Cup Women ve Kad\u0131nlar Basketbol T\u00fcrkiye Kupas\u0131\u2019nda \u0130limizi temsil eden \u00c7ukurova Basketbol kul\u00fcb\u00fc Ba\u015fkan\u0131 Serdar \u00c7evirgen, tak\u0131m kaptanlar\u0131 Esra Ural Topuz ve Shavonte Zellous ile birlikte \u0130l Emniyet M\u00fcd\u00fcr\u00fc Mehmet Aslan\u2019\u0131 makam\u0131nda ziyaret ederek yeni g\u00f6revinde ba\u015far\u0131lar dilediler.<\/p>\n<p>G\u00f6reve ba\u015flad\u0131\u011f\u0131ndan bug\u00fcne Mersin\u2019in gen\u00e7li\u011fine, sporuna verdi\u011fi ve verece\u011fi desteklerden dolay\u0131 Aslan\u2019a te\u015fekk\u00fcr eden Demir, \u201c\u00dclkemizin huzur, g\u00fcvenlik, asayi\u015f ve d\u00fczenini sa\u011flamakla g\u00f6revli olan, Milletimizin can ve mal g\u00fcvenli\u011finin sa\u011flanmas\u0131, toplumsal asayi\u015fin muhafaza edilmesi i\u00e7in gece g\u00fcnd\u00fcz demeden b\u00fcy\u00fck bir \u00f6zveriyle \u00e7al\u0131\u015fan Emniyet Te\u015fkilat\u0131m\u0131za minnettar\u0131z. Emniyet g\u00fc\u00e7lerimizin bizlere vermi\u015f olduklar\u0131 desteklerden dolay\u0131 \u00e7ok te\u015fekk\u00fcr ediyoruz. Bizler de Gen\u00e7lik ve Spor \u0130l M\u00fcd\u00fcrl\u00fc\u011f\u00fc olarak Emniyet Te\u015fkilat\u0131m\u0131z\u0131n her zaman yan\u0131nday\u0131z\u201d dedi.<\/p>\n<p>Mersin Gen\u00e7lik ve Spor \u0130l M\u00fcd\u00fcr\u00fc \u00d6kke\u015f Demir ve \u00c7ukurova Basketbol kul\u00fcb\u00fc Ba\u015fkan\u0131 Serdar \u00c7evirgen ve beraberindekilere nazik ziyaretlerinden dolay\u0131 duydu\u011fu memnuniyeti dile getiren Mersin \u0130l Emniyet M\u00fcd\u00fcr\u00fc Mehmet Aslan, \u0130limizi T\u00fcrkiye Kad\u0131nlar Basketbol Ligi, Euro Cup Women ve Kad\u0131nlar Basketbol T\u00fcrkiye Kupas\u0131\u2019nda en iyi \u015fekilde temsil eden \u00c7ukurova Basketbol kul\u00fcb\u00fcne ba\u015far\u0131 dileklerinde bulundu.<\/p>\n","protected":false},"excerpt":{"rendered":"<p>Mersin Gen\u00e7lik ve Spor \u0130l M\u00fcd\u00fcr\u00fc \u00d6kke\u015f Demir, \u0130l Emniyet M\u00fcd\u00fcr\u00fc Mehmet Aslan\u2019\u0131 makam\u0131nda ziyaret ederek yeni g\u00f6revinde ba\u015far\u0131lar diledi. Gen\u00e7lik ve Spor \u0130l M\u00fcd\u00fcr\u00fc \u00d6kke\u015f Demir, T\u00fcrkiye Kad\u0131nlar Basketbol &hellip; <a href=\"https:\/\/akdenizolaygazetesi.com\/?p=14846\" class=\"more-link\">Devam\u0131n\u0131 Oku&#8230;<\/a><\/p>\n","protected":false},"author":2,"featured_media":14847,"comment_status":"open","ping_status":"open","sticky":false,"template":"","format":"standard","meta":[],"categories":[3,5],"tags":[],"_links":{"self":[{"href":"https:\/\/akdenizolaygazetesi.com\/index.php?rest_route=\/wp\/v2\/posts\/14846"}],"collection":[{"href":"https:\/\/akdenizolaygazetesi.com\/index.php?rest_route=\/wp\/v2\/posts"}],"about":[{"href":"https:\/\/akdenizolaygazetesi.com\/index.php?rest_route=\/wp\/v2\/types\/post"}],"author":[{"embeddable":true,"href":"https:\/\/akdenizolaygazetesi.com\/index.php?rest_route=\/wp\/v2\/users\/2"}],"replies":[{"embeddable":true,"href":"https:\/\/akdenizolaygazetesi.com\/index.php?rest_route=%2Fwp%2Fv2%2Fcomments&post=14846"}],"version-history":[{"count":1,"href":"https:\/\/akdenizolaygazetesi.com\/index.php?rest_route=\/wp\/v2\/posts\/14846\/revisions"}],"predecessor-version":[{"id":14848,"href":"https:\/\/akdenizolaygazetesi.com\/index.php?rest_route=\/wp\/v2\/posts\/14846\/revisions\/14848"}],"wp:featuredmedia":[{"embeddable":true,"href":"https:\/\/akdenizolaygazetesi.com\/index.php?rest_route=\/wp\/v2\/media\/14847"}],"wp:attachment":[{"href":"https:\/\/akdenizolaygazetesi.com\/index.php?rest_route=%2Fwp%2Fv2%2Fmedia&parent=14846"}],"wp:term":[{"taxonomy":"category","embeddable":true,"href":"https:\/\/akdenizolaygazetesi.com\/index.php?rest_route=%2Fwp%2Fv2%2Fcategories&post=14846"},{"taxonomy":"post_tag","embeddable":true,"href":"https:\/\/akdenizolaygazetesi.com\/index.php?rest_route=%2Fwp%2Fv2%2Ftags&post=14846"}],"curies":[{"name":"wp","href":"https:\/\/api.w.org\/{rel}","templated":true}]}}