{"id":14849,"date":"2021-10-23T20:19:01","date_gmt":"2021-10-23T17:19:01","guid":{"rendered":"http:\/\/akdenizolaygazetesi.com\/?p=14849"},"modified":"2021-10-23T20:19:01","modified_gmt":"2021-10-23T17:19:01","slug":"ben-kadinlarin-cocuklarin-tarafindayim","status":"publish","type":"post","link":"https:\/\/akdenizolaygazetesi.com\/?p=14849","title":{"rendered":"\u201cBEN KADINLARIN, \u00c7OCUKLARIN TARAFINDAYIM\u201d"},"content":{"rendered":"<p>Mersin B\u00fcy\u00fck\u015fehir Belediye Ba\u015fkan\u0131 Vahap Se\u00e7er, B\u00fcy\u00fck\u015fehir Belediyesi Tar\u0131msal ve Veteriner Hizmetleri Dairesi taraf\u0131ndan d\u00fczenlenen D\u00fcnya \u00c7ift\u00e7i Kad\u0131nlar G\u00fcn\u00fc dolay\u0131s\u0131yla Mersin\u2019in d\u00f6rt bir yan\u0131ndan gelen \u00fcretici kad\u0131nlarla bulu\u015ftu. Tar\u0131mda hayata ge\u00e7irdikleri hizmetleri anlatan, kad\u0131nlara verdikleri desteklerin \u00f6nemine dikkat \u00e7eken Ba\u015fkan Se\u00e7er, her zaman kad\u0131n ve \u00e7ocuklardan taraf oldu\u011funu vurgulad\u0131. Se\u00e7er,  \u201cKad\u0131n\u0131 do\u011fdu\u011fu yerde doyuraca\u011f\u0131z. Ba\u015fka \u00e7aremiz yok. Kad\u0131nlar\u0131m\u0131z dimdik ayakta olacak\u201d diye konu\u015ftu. Mersinden Kad\u0131n Kooperatifi Y\u00f6netim Kurulu Ba\u015fkan\u0131 Meral Se\u00e7er ise \u201cBirlikte \u00fcretelim, birlikte \u00e7o\u011falal\u0131m, ben de\u011fil kocaman bir biz olal\u0131m\u201d \u00e7a\u011fr\u0131s\u0131nda bulundu.<\/p>\n<p>Dilek \u0130mamo\u011flu ve Nuray Karalar da bulu\u015fmada yer ald\u0131<\/p>\n<p>Kongre ve Sergi Saray\u0131\u2019nda d\u00fczenlenen bulu\u015fmaya, Ba\u015fkan Se\u00e7er ve Meral Se\u00e7er\u2019in yan\u0131 s\u0131ra Akdeniz B\u00f6lge ve Garnizon Komutan\u0131 Tu\u011famiral Fuat Gedik\u2019in e\u015fi Oya Gedik, \u0130stanbul B\u00fcy\u00fck\u015fehir Belediye Ba\u015fkan\u0131 Ekrem \u0130mamo\u011flu\u2019nun e\u015fi ve \u0130stanbul Vakf\u0131 G\u00f6n\u00fcll\u00fcs\u00fc Dilek \u0130mamo\u011flu, Adana B\u00fcy\u00fck\u015fehir Belediye Ba\u015fkan\u0131 Zeydan Karalar\u2019\u0131n e\u015fi Nuray Karalar, CHP Mersin Milletvekili Alpay Antmen\u2019in e\u015fi Ye\u015fim Antmen, Mezitli Belediye Ba\u015fkan\u0131 Ne\u015fet Tarhan\u2019\u0131n e\u015fi Sembol Tarhan, B\u00fcy\u00fck\u015fehir Belediye Meclis \u00dcyeleri, B\u00fcy\u00fck\u015fehir Belediye b\u00fcrokratlar\u0131, siyasi parti temsilcileri, muhtarlar ile 13 il\u00e7eden kad\u0131n \u00fcreticiler kat\u0131ld\u0131.<\/p>\n<p>Etkinlik \u00f6ncesinde \u0130stanbul Vakf\u0131 taraf\u0131ndan k\u0131z \u00e7ocuklar\u0131na e\u011fitim deste\u011fi sa\u011flamak amac\u0131yla hayata ge\u00e7irilen \u201cB\u00fcy\u00fct Hayalleri Projesi\u201d kapsam\u0131nda Mersin\u2019de bulunan Dilek \u0130mamo\u011flu, Nuray Karalar ve Meral Se\u00e7er\u2019le birlikte Ba\u015fkan Se\u00e7er\u2019i makam\u0131nda ziyaret etti. Ziyarete \u0130stanbul Vakf\u0131 Genel M\u00fcd\u00fcr\u00fc Perihan Y\u00fccel ile \u0130stanbul Vakf\u0131 Koordinat\u00f6r\u00fc B\u00fc\u015fra Kiri\u015f de kat\u0131ld\u0131.<\/p>\n<p>\u201cGer\u00e7ek bir T\u00fcrk kad\u0131n\u0131s\u0131n\u0131z bana g\u00f6re\u201d<\/p>\n<p>Mersinden Kad\u0131n Kooperatifi Ba\u015fkan\u0131 Meral Se\u00e7er, D\u00fcnya \u00c7ift\u00e7i Kad\u0131nlar G\u00fcn\u00fc etkinli\u011finde yapt\u0131\u011f\u0131 konu\u015fmada, salonda bulunan \u00fcretici kad\u0131nlar\u0131n bir\u00e7o\u011fu ile \u00fcretici pazar\u0131nda, bir g\u00f6n\u00fcll\u00fcl\u00fck \u00e7al\u0131\u015fmas\u0131nda veya k\u0131rsal bulu\u015fma g\u00fcn\u00fcnde kar\u015f\u0131la\u015ft\u0131\u011f\u0131n\u0131 belirterek, etkinlik dolay\u0131s\u0131yla B\u00fcy\u00fck\u015fehir Belediyesi\u2019ne te\u015fekk\u00fcr etti. Kendisinin de Ziraat M\u00fchendisi oldu\u011funu, sekt\u00f6r\u00fc \u00fcretici kad\u0131nlarla bir araya gelerek daha yak\u0131ndan tan\u0131d\u0131\u011f\u0131n\u0131 vurgulayan Meral Se\u00e7er, \u201cMersin\u2019deki kad\u0131nlar\u0131m\u0131z \u00e7ok \u00e7al\u0131\u015fkan, \u00e7ok \u00fcretken. Ger\u00e7ekten \u00e7ok muhte\u015femsiniz, \u00fcreticisiniz, ger\u00e7ek bir T\u00fcrk kad\u0131n\u0131s\u0131n\u0131z bana g\u00f6re\u201d dedi.<\/p>\n<p>Meral Se\u00e7er, birka\u00e7 y\u0131l \u00f6nce Anneler G\u00fcn\u00fc i\u00e7in televizyonda izledi\u011fi ve olduk\u00e7a etkilendi\u011fi bir videoyu payla\u015farak, \u201c\u00c7ocuk \u015funu diyordu; \u2018Benim annem \u00f6\u011fretmen, doktor, bula\u015f\u0131k\u00e7\u0131, temizlik\u00e7i, boyac\u0131 gibi tan\u0131mlamalar yapm\u0131\u015ft\u0131. Ben bu k\u0131rsal bulu\u015fmalarda sizinle olan toplant\u0131lar\u0131m\u0131zda bir de buna; \u2018benim annem \u00e7ift\u00e7i\u2019 kelimesinin de eklenmesinin \u00e7ok g\u00fczel olaca\u011f\u0131n\u0131 g\u00f6rd\u00fcm. \u00c7\u00fcnk\u00fc k\u0131rsalda kad\u0131nlar\u0131m\u0131z hem ev i\u015flerini yap\u0131yorlar hem tar\u0131msal ve hayvansal \u00fcretim yap\u0131yorlar\u201d diye konu\u015ftu.<\/p>\n<p>\u201cKad\u0131n\u0131n g\u00fc\u00e7lenmesi i\u00e7in kooperatifle\u015fme en g\u00fczel yollardan biri\u201d<\/p>\n<p>Kad\u0131nlar\u0131n bir\u00e7ok alanda \u00e7ok yo\u011fun \u00e7al\u0131\u015ft\u0131\u011f\u0131n\u0131 ancak eme\u011finin kar\u015f\u0131l\u0131\u011f\u0131n\u0131 alamad\u0131\u011f\u0131n\u0131 s\u00f6yleyen Meral Se\u00e7er, \u201cKad\u0131nlar\u0131n karar mekanizmas\u0131nda, s\u00f6z\u00fcn\u00fcn ge\u00e7mesi konusunda \u00e7al\u0131\u015ft\u0131klar\u0131 kadar bir etkilerinin olmad\u0131\u011f\u0131n\u0131 g\u00f6rd\u00fcm. \u0130\u015fte kad\u0131n\u0131n karar mekanizmas\u0131nda olmas\u0131, sosyal, ekonomik ve k\u00fclt\u00fcrel y\u00f6nden g\u00fc\u00e7lenmesi i\u00e7in kooperatifle\u015fme en g\u00fczel yollardan biri\u201d dedi. Kooperatifle\u015fmenin temel ruhunun Anadolu kad\u0131n\u0131 ve k\u00fclt\u00fcr\u00fcnde bulundu\u011funu, imece usul\u00fc \u00e7al\u0131\u015fman\u0131n bunun en g\u00fczel \u00f6rne\u011fi oldu\u011funu ifade eden Meral Se\u00e7er, k\u0131rsaldaki kad\u0131nlar\u0131n kalk\u0131nabilmesi i\u00e7in kooperatifle\u015fmenin \u00f6nemine dikkat \u00e7ekti. Se\u00e7er, bu alana ad\u0131m atmak isteyen kad\u0131nlara mevcut kooperatifler ve kurumlarla g\u00f6r\u00fc\u015fmeleri \u00f6nerisinde bulundu.<\/p>\n<p>\u201cBirlikte \u00fcretelim, \u00e7o\u011falal\u0131m, ben de\u011fil kocaman bir biz olal\u0131m\u201d<\/p>\n<p>Meral Se\u00e7er, Mersinden Kad\u0131n Kooperatifi olarak kad\u0131nlar\u0131n her zaman yan\u0131nda olduklar\u0131n\u0131 s\u00f6yleyerek, \u201cSizlere kap\u0131m\u0131z her zaman a\u00e7\u0131k. Biz sizlerin \u00fcreterek \u00e7o\u011falman\u0131z\u0131 istiyoruz. Sohbetlerimizde duydu\u011fumuz \u00fcretimden vazge\u00e7me konusu ger\u00e7ekten \u00e7ok \u00fcz\u00fcc\u00fcyd\u00fc. K\u0131rsalda birka\u00e7 kad\u0131n\u0131m\u0131zdan bunu duydum. Bir kad\u0131n \u00fcretimden vazge\u00e7erse d\u00fcnya i\u00e7in alarm zili \u00e7al\u0131yor demektir. \u00c7\u00fcnk\u00fc do\u011fas\u0131nda \u00fcretmek var. Ondan dolay\u0131 sizler i\u00e7in her zaman deste\u011fe haz\u0131r\u0131z. Sizleri \u00e7ok sevdi\u011fimi, sizlerle kendimi \u00e7ok iyi hissetti\u011fimi, her zaman yan\u0131n\u0131zda oldu\u011fumu s\u00f6ylemek istiyorum. Birlikte \u00fcretelim, birlikte \u00e7o\u011falal\u0131m, ben de\u011fil kocaman bir biz olal\u0131m\u201d ifadelerini kulland\u0131.<\/p>\n<p>Ba\u015fkan Se\u00e7er: \u201cBen kad\u0131nlar\u0131n, \u00e7ocuklar\u0131n taraf\u0131nday\u0131m\u201d<\/p>\n<p>Etkinlikte konu\u015fan Ba\u015fkan Vahap Se\u00e7er, salonun enerjisinin \u00e7ok y\u00fcksek oldu\u011funu vurgulayarak, \u201c\u00c7\u00fcnk\u00fc burada \u00fcreten insanlar var. Asl\u0131nda kad\u0131n dedi\u011finiz zaman bo\u011faz\u0131m d\u00fc\u011f\u00fcmleniyor. \u00c7ok seviyorum kad\u0131nlar\u0131m\u0131z\u0131. Ben ayr\u0131mc\u0131y\u0131m. Ben kad\u0131nlar\u0131n taraf\u0131nday\u0131m, ben \u00e7ocuklar\u0131n taraf\u0131nday\u0131m, birinin koluna girip kendisine destek olmas\u0131na ihtiyac\u0131 olan\u0131n yan\u0131nday\u0131m. Zaten g\u00fc\u00e7l\u00fc ayakta duruyor, g\u00fc\u00e7l\u00fcn\u00fcn bizlere ihtiyac\u0131 yok ama sizlerin var. Kad\u0131n \u00e7ok anlam ifade ediyor. Kad\u0131n i\u015f\u00e7idir, kad\u0131n \u00e7ift\u00e7idir, kad\u0131n giri\u015fimcidir, kad\u0131n hayat\u0131n her alan\u0131nda var. \u0130\u015f\u00e7idir, en a\u011f\u0131r ev kad\u0131n\u0131, ev i\u015f\u00e7isi. Daha a\u011f\u0131r i\u015f var m\u0131? Tarlada i\u015f\u00e7i, at\u00f6lyede i\u015f\u00e7i, fabrikada i\u015f\u00e7i, bah\u00e7ede, serada, ah\u0131rda, a\u011f\u0131lda hem \u00e7ift\u00e7i hem i\u015f\u00e7i. Birka\u00e7 mesle\u011fi birden yap\u0131yor ve giri\u015fimci\u201d dedi.<\/p>\n<p>\u201cBen \u00e7al\u0131\u015fandan, \u00fcretenden taraf\u0131m\u201d<\/p>\n<p>Ba\u015fkan Se\u00e7er, kad\u0131nlar\u0131n \u00fcretime kat\u0131lmas\u0131n\u0131n \u00f6neminden s\u00f6z ederek, \u201c\u00dcretim olmazsa, k\u0131rsal olmazsa, \u00e7ift\u00e7ilik olmazsa biz tencereyi nas\u0131l kaynataca\u011f\u0131z? \u0130stanbul\u2019da, Ankara&#8217;da, \u0130zmir&#8217;de, b\u00fcy\u00fck metropollerde, burada yeti\u015fen \u00fcr\u00fcnlerimiz, g\u00fczel Anamur\u2019un muzu olmazsa, Silifke&#8217;nin \u00e7ile\u011fi olmazsa, Tarsus\u2019un \u00fcz\u00fcm\u00fc olmazsa, domatesi, salatal\u0131\u011f\u0131, biberi, \u0131spana\u011f\u0131, p\u0131rasas\u0131 olmazsa nas\u0131l yemek yapacak bu kad\u0131nlar\u0131m\u0131z? \u0130\u015fte bunlar\u0131 da kad\u0131nlar\u0131m\u0131z \u00fcretiyor. Buras\u0131 tar\u0131m b\u00f6lgesi. Hangi k\u00f6\u015feye bakars\u0131n\u0131z bak\u0131n \u00fcretim g\u00f6r\u00fcyorsunuz, bereket g\u00f6r\u00fcyorsunuz. O \u00fcretimi sa\u011flayan da bereketi sa\u011flayan da zaten siz kad\u0131nlar\u0131m\u0131zs\u0131n\u0131z. Ben \u00e7al\u0131\u015fandan, \u00fcretenden taraf\u0131m. Bizim \u00fcretmemiz laz\u0131m\u201d diye konu\u015ftu.<\/p>\n<p>Ba\u015fkan Se\u00e7er, Mersin B\u00fcy\u00fck\u015fehir Belediyesi\u2019nde b\u00fcro personelinden otob\u00fcs \u015fof\u00f6r\u00fcne, \u015fube m\u00fcd\u00fcr\u00fcnden daire ba\u015fkan\u0131na kadar her alanda kad\u0131n \u00e7al\u0131\u015fanlara \u00f6ncelik verdiklerini vurgulayarak, \u201cN\u00fcfusun y\u00fczde 50\u2019si kad\u0131n de\u011fil mi? E neden \u00e7al\u0131\u015fma hayat\u0131nda kad\u0131nlar\u0131m\u0131z daha fazla olmas\u0131n? Elbette ki olsun, \u00f6yle arzu ediyoruz\u201d dedi.  Tar\u0131m\u0131n \u00fclke ve insanlar a\u00e7\u0131s\u0131ndan olmazsa olmaz bir \u00e7al\u0131\u015fma alan\u0131 oldu\u011fu ifadesini kullanan Se\u00e7er, \u201cMersin B\u00fcy\u00fck\u015fehir Belediyesi olarak, di\u011fer b\u00fct\u00fcn b\u00fcy\u00fck\u015fehir belediyelerimiz gibi tar\u0131ma \u00e7ok \u00f6nemli bir sayfa a\u00e7t\u0131k\u201d diye konu\u015ftu. Hayata ge\u00e7irdikleri projelerin \u00f6neminden bahseden Ba\u015fkan Se\u00e7er, bu projelerde hi\u00e7bir bi\u00e7imde siyasal, b\u00f6lgesel, etnik, mezhepsel ayr\u0131m yapmad\u0131klar\u0131n\u0131 ve yapmayacaklar\u0131n\u0131 vurgulad\u0131.<\/p>\n<p>Hadi Gel K\u00f6y\u00fcm\u00fcze Destek Verelim Projesi\u2019nden Kazan\u00e7 Projesi\u2019ne, fide ve fidandan alet ekipman deste\u011fine, Atal\u0131k tohumlar\u0131n g\u00fcn \u0131\u015f\u0131\u011f\u0131na \u00e7\u0131kar\u0131lmas\u0131ndan Girit ekme\u011finin MEREK b\u00fcfelerinde sat\u0131\u015f\u0131na kadar hayata ge\u00e7irdikleri projelerle kad\u0131n \u00fcreticilerin yan\u0131nda olduklar\u0131n\u0131 ifade eden Se\u00e7er, \u201c\u00dcreticimiz \u00fcretecek, ekonomik de\u011fere d\u00f6n\u00fc\u015fecek, \u00fclke ekonomisi kazanacak, insanlar emek etmi\u015f olacak, \u00e7olu\u011funa \u00e7ocu\u011funa, evine de r\u0131zk girmi\u015f olacak\u201d dedi. Se\u00e7er, Kazan\u00e7 Projesi\u2019nde bir zincir marketle anla\u015f\u0131ld\u0131\u011f\u0131n\u0131, kesimhanenin bitti\u011fini belirterek, zincir marketlerde kazlar\u0131n pazarlanaca\u011f\u0131n\u0131 duyurdu.<\/p>\n<p>\u201c\u00d6nceden bana as\u0131k suratl\u0131 derlerdi, Belediye Ba\u015fkan\u0131 oldum, g\u00fclen adam oldum\u201d<\/p>\n<p>24 saat \u00e7al\u0131\u015ft\u0131klar\u0131n\u0131 vurgulayan Se\u00e7er, \u201cKim i\u00e7in \u00e7al\u0131\u015f\u0131yoruz? Sizler i\u00e7in \u00e7al\u0131\u015f\u0131yoruz, \u00fclkemiz i\u00e7in \u00e7al\u0131\u015f\u0131yoruz, samimiyete \u00e7al\u0131\u015f\u0131yoruz, h\u00fcsn\u00fcniyetle \u00e7al\u0131\u015f\u0131yoruz, bunu yap\u0131yoruz. \u00dclkenin durumu ortada, insanlar bizden emek istiyor, \u00e7al\u0131\u015fmak istiyor. Yan gelip yatma diyor, oyumu verdim, en de\u011ferli \u015feyimi verdim, oyumdur. Herkesin oyu bir. Benim de oyum bir, \u00fcretici bac\u0131m\u0131n da oyu bir, doktorun da oyu bir, i\u015f\u00e7inin de, fabrika i\u015f\u00e7isinin de, fabrika sahibinin de oyu bir. Oy de\u011ferlidir. Oy vermi\u015f, isteyecek. Hakk\u0131d\u0131r yapaca\u011f\u0131z. Hi\u00e7 de y\u00fcks\u00fcnm\u00fcyoruz, gocunmuyoruz. Hi\u00e7 surat\u0131m\u0131 as\u0131k g\u00f6rd\u00fcn\u00fcz m\u00fc? \u00d6nceden bana as\u0131k suratl\u0131 derlerdi, Belediye Ba\u015fkan\u0131 oldum, g\u00fclen adam oldum. Neden? Huzur buldum. Hizmet yapmaktan huzur buldum. Y\u0131llarca dedim, ya nas\u0131l g\u00fczel bir i\u015fmi\u015f, bilseydim 30 sene \u00f6nce Belediye Ba\u015fkan\u0131 olurdum, bu kadar sevece\u011fimi bilseydim\u201d dedi. Mersin genelinde toplam 22 kad\u0131n muhtar\u0131n hizmet verdi\u011fini ve bu say\u0131n\u0131n 805 muhtar say\u0131s\u0131 olan bir kent i\u00e7in az oldu\u011funu ifade eden Se\u00e7er, \u201cBir dahaki se\u00e7imde artacak. Eminim artacak. Kat be kat artacak. \u00c7\u00fcnk\u00fc Mersin&#8217;de her alanda de\u011fi\u015fim var bunda da olacak bak g\u00f6receksiniz. Bak\u0131n Ba\u015fkan\u0131m\u0131z s\u00f6yledi deyin\u201d diye konu\u015ftu.<\/p>\n<p>\u201cKad\u0131n\u0131 do\u011fdu\u011fu yerde doyuraca\u011f\u0131z. Ba\u015fka \u00e7aremiz yok\u201d<\/p>\n<p>Kooperatif\u00e7ili\u011fin \u00f6nemine de\u011finen Ba\u015fkan Se\u00e7er, \u201cKooperatif kurmak en kolay\u0131. \u00d6nemli olan kooperatifi g\u00fc\u00e7lendirip, s\u00fcrd\u00fcr\u00fclebilir olmas\u0131. Tabela kooperatifi olmaz. \u0130\u00e7ini dolduraca\u011f\u0131z\u201d dedi. Se\u00e7er, verdikleri desteklerin takip\u00e7isi olduklar\u0131n\u0131 vurgulayarak, \u201cBen aile i\u015fletmecili\u011finin, k\u00fc\u00e7\u00fck \u00fcreticilerin kalk\u0131nmas\u0131na d\u00f6n\u00fck projeler yapar\u0131m. Benim i\u00e7in esas olan, de\u011ferli olan o. Onun i\u00e7in de harcad\u0131\u011f\u0131m\u0131z her kuru\u015f, hangi proje olursa olsun, sonuna kadar takip edece\u011fiz, hepimiz kazanaca\u011f\u0131z. Ne diyoruz? Kad\u0131n\u0131 do\u011fdu\u011fu yerde doyuraca\u011f\u0131z. Ba\u015fka \u00e7aremiz yok. Kad\u0131nlar\u0131m\u0131z dimdik ayakta olacak\u201d dedi.<\/p>\n<p>Evimiz At\u00f6lye Projesi\u2019ni de anlatan Se\u00e7er, bu kapsamda k\u0131rsalda ve dezavantajl\u0131 mahallelerdeki kad\u0131nlar\u0131n g\u00f6n\u00fcll\u00fclerden oyuncak yap\u0131m\u0131n\u0131 \u00f6\u011frendi\u011fini, bunlar\u0131n da Mersin B\u00fcy\u00fck\u015fehir Belediyesi taraf\u0131ndan sat\u0131n al\u0131nd\u0131\u011f\u0131n\u0131 s\u00f6yledi. Se\u00e7er, \u201cYurdun neresinden b\u00f6yle bir talep gelirse gelsin ben kar\u015f\u0131l\u0131yorum. Buradan da duyurusunu yapay\u0131m. Do\u011fu\u2019dan, Orta Anadolu&#8217;dan, \u00e7ocuklar\u0131m\u0131z\u0131n bu tip oyuncaklar\u0131 g\u00f6ndermedi\u011fi b\u00f6lgelerden daha \u00e7ok. Ben \u00e7ocuklar\u0131m\u0131za buradan oyuncak g\u00f6ndermek istiyorum. Kad\u0131nlar\u0131m\u0131z evlerinde \u00fcretiyor bunlar\u0131. Kad\u0131nlar\u0131m\u0131z buna ilgi g\u00f6stersin, meslek \u00f6\u011frensin, \u00fcretmek, \u00e7al\u0131\u015fmak istedikten sonra her nokta i\u015fliktir, at\u00f6lyedir, \u00fcretim yap\u0131lacak yerdir. Bu projeyi \u00e7ok \u00f6nemsiyorum\u201d dedi.<\/p>\n<p>Se\u00e7er, B\u00fcy\u00fck\u015fehir Belediyesi\u2019nin K\u0131r \u00c7i\u00e7ekleri Projesi\u2019nde e\u011fitim alan 55 k\u0131z \u00e7ocu\u011fundan da bahsederek, \u201cBiyolojik olarak k\u0131z \u00e7ocu\u011fum yok ama mutlaka t\u00fcm Mersin&#8217;deki \u00e7ocuklar\u0131m\u0131z, k\u0131z \u00e7ocuklar\u0131m\u0131z Ba\u015fkan\u2019\u0131n \u00e7ocu\u011fudur, k\u0131z\u0131d\u0131r. Bunu unutmayal\u0131m. Bir de 55 sporcu k\u0131z\u0131m var ki, ben onlar\u0131n fahri babas\u0131y\u0131m\u201d dedi.<\/p>\n<p>\u201cHayvanc\u0131l\u0131\u011f\u0131 geli\u015ftirip \u00e7ocuklar\u0131m\u0131 okutmay\u0131 \u00e7ok istiyorum\u201d<\/p>\n<p>Bulu\u015fmada, B\u00fcy\u00fck\u015fehir Belediyesi\u2019nin farkl\u0131 proje ve desteklerinden yararlanan \u00fcretici kad\u0131nlar da birer konu\u015fma yapt\u0131. Erdemli\u2019nin \u015eahna Mahallesi\u2019nde Hadi Gel K\u00f6y\u00fcm\u00fcze Destek Verelim Projesi\u2019nden yararlanan ve 4 \u00e7ocuk annesi olan Sariye Ersoy, \u201cHayvanc\u0131l\u0131\u011fa \u00e7ok hevesliyim. Hayvanc\u0131l\u0131\u011f\u0131 geli\u015ftirip \u00e7ocuklar\u0131m\u0131 okutmay\u0131 \u00e7ok istiyorum. Evim yok, evimi yapt\u0131rmay\u0131 \u00e7ok istiyorum. Hayvanlar\u0131 \u00e7ok seviyorum. \u0130n\u015fallah geli\u015ftiririm \u00e7\u00fcnk\u00fc sa\u011f olsun Ba\u015fkan\u0131m\u0131z\u0131n yem deste\u011fiyle birlikte \u00e7ok s\u0131k\u0131nt\u0131m\u0131z olmad\u0131\u201d dedi.<\/p>\n<p>\u201cBu kazlar bana psikolojik bir destek gibi geldi\u201d<\/p>\n<p>Kazan\u00e7 Projesi\u2019nden faydalanan kad\u0131n \u00fcreticilerden Fatma G\u00fcng\u00f6r, pandemiden dolay\u0131 lokantas\u0131n\u0131n kapand\u0131\u011f\u0131n\u0131, o d\u00f6nemde B\u00fcy\u00fck\u015fehir\u2019in projesiyle tan\u0131\u015ft\u0131\u011f\u0131n\u0131 s\u00f6yledi. G\u00fcng\u00f6r, \u201cBu kazlar bana psikolojik bir destek gibi geldi. Kuca\u011f\u0131mda uyuyorlar desem inanmazs\u0131n\u0131z. \u015eimdi kesime nas\u0131l verece\u011fim onu d\u00fc\u015f\u00fcn\u00fcyorum\u201d diye konu\u015ftu. Ba\u015fkan Se\u00e7er\u2019e, \u2018Benden 1 tane isteyen olunca vermiyorum. Siz 100 taneyi nas\u0131l verdiniz?\u2019 diye soran G\u00fcng\u00f6r, \u201cGer\u00e7ekten \u00e7ok zor. \u0130sterseniz oluyor. \u00c7iftlikteki ev 25 y\u0131ld\u0131r bo\u015ftu. Elektri\u011fi, suyu yoktu. O \u015fartlar alt\u0131nda bakt\u0131m, b\u00fcy\u00fctt\u00fcm ve gelin edece\u011fim derler ya art\u0131k kesime verece\u011fiz. Art\u0131rmay\u0131 d\u00fc\u015f\u00fcn\u00fcyorum. Di\u015fileri ay\u0131raca\u011f\u0131m, fazla erkekleri verece\u011fiz. Hedefim 200-300 tane yapmak\u201d ifadelerini kulland\u0131.<\/p>\n<p>Aynur \u00dcnal, B\u00fcy\u00fck\u015fehir Belediyesi\u2019nin Avokado Fidan\u0131 Da\u011f\u0131t\u0131m\u0131 Projesi\u2019nden faydaland\u0131. \u00dcretmenin \u00e7ok kutsal oldu\u011funu s\u00f6yleyen \u00dcnal, \u201cAvokado annemin hayaliydi. \u00d6zellikle annemin te\u015fekk\u00fcr\u00fcn\u00fc belirtmek isterim size. K\u00f6y\u00fcm\u00fcze sahip \u00e7\u0131kal\u0131m, k\u00f6y\u00fcm\u00fcz\u00fcn topraklar\u0131n\u0131 ta\u015fla\u015ft\u0131rmayal\u0131m\u201d diye konu\u015ftu. Tarsus\u2019un Kakl\u0131kta\u015f\u0131 Mahallesi\u2019nde Organik Tar\u0131m Projesi\u2019nden faydalanan Ay\u015fe Sario\u011f, Ba\u015fkan Se\u00e7er\u2019e tar\u0131ma ve kad\u0131na verdi\u011fi desteklerden dolay\u0131 te\u015fekk\u00fcr ederek, \u201cYard\u0131mlar\u0131n\u0131zdan, bizlere verdi\u011finiz desteklerinizden dolay\u0131 \u00e7ok te\u015fekk\u00fcr ederiz. Ben Tarsus\u2019un \u00e7ok \u00fccra bir k\u00f6y\u00fcnde ya\u015f\u0131yorum\u201d dedi. Sario\u011f, Ulu \u00d6nder Mustafa Kemal Atat\u00fcrk\u2019e de te\u015fekk\u00fcr ederek, \u201cBizim buraya \u00e7\u0131kmam\u0131za vesile olan Mustafa Kemal Atat\u00fcrk\u2019e b\u00fct\u00fcn kad\u0131nlar ad\u0131na te\u015fekk\u00fcr ediyorum\u201d ifadelerini kulland\u0131.<\/p>\n<p>Konu\u015fmalar\u0131n ard\u0131ndan Ba\u015fkan Se\u00e7er ve protokol \u00fcyeleri, \u00fcretici kad\u0131nlara \u00e7i\u00e7ek verdi.<\/p>\n","protected":false},"excerpt":{"rendered":"<p>Mersin B\u00fcy\u00fck\u015fehir Belediye Ba\u015fkan\u0131 Vahap Se\u00e7er, B\u00fcy\u00fck\u015fehir Belediyesi Tar\u0131msal ve Veteriner Hizmetleri Dairesi taraf\u0131ndan d\u00fczenlenen D\u00fcnya \u00c7ift\u00e7i Kad\u0131nlar G\u00fcn\u00fc dolay\u0131s\u0131yla Mersin\u2019in d\u00f6rt bir yan\u0131ndan gelen \u00fcretici kad\u0131nlarla bulu\u015ftu. Tar\u0131mda hayata &hellip; <a href=\"https:\/\/akdenizolaygazetesi.com\/?p=14849\" class=\"more-link\">Devam\u0131n\u0131 Oku&#8230;<\/a><\/p>\n","protected":false},"author":2,"featured_media":14850,"comment_status":"open","ping_status":"open","sticky":false,"template":"","format":"standard","meta":[],"categories":[2,3,5],"tags":[],"_links":{"self":[{"href":"https:\/\/akdenizolaygazetesi.com\/index.php?rest_route=\/wp\/v2\/posts\/14849"}],"collection":[{"href":"https:\/\/akdenizolaygazetesi.com\/index.php?rest_route=\/wp\/v2\/posts"}],"about":[{"href":"https:\/\/akdenizolaygazetesi.com\/index.php?rest_route=\/wp\/v2\/types\/post"}],"author":[{"embeddable":true,"href":"https:\/\/akdenizolaygazetesi.com\/index.php?rest_route=\/wp\/v2\/users\/2"}],"replies":[{"embeddable":true,"href":"https:\/\/akdenizolaygazetesi.com\/index.php?rest_route=%2Fwp%2Fv2%2Fcomments&post=14849"}],"version-history":[{"count":1,"href":"https:\/\/akdenizolaygazetesi.com\/index.php?rest_route=\/wp\/v2\/posts\/14849\/revisions"}],"predecessor-version":[{"id":14851,"href":"https:\/\/akdenizolaygazetesi.com\/index.php?rest_route=\/wp\/v2\/posts\/14849\/revisions\/14851"}],"wp:featuredmedia":[{"embeddable":true,"href":"https:\/\/akdenizolaygazetesi.com\/index.php?rest_route=\/wp\/v2\/media\/14850"}],"wp:attachment":[{"href":"https:\/\/akdenizolaygazetesi.com\/index.php?rest_route=%2Fwp%2Fv2%2Fmedia&parent=14849"}],"wp:term":[{"taxonomy":"category","embeddable":true,"href":"https:\/\/akdenizolaygazetesi.com\/index.php?rest_route=%2Fwp%2Fv2%2Fcategories&post=14849"},{"taxonomy":"post_tag","embeddable":true,"href":"https:\/\/akdenizolaygazetesi.com\/index.php?rest_route=%2Fwp%2Fv2%2Ftags&post=14849"}],"curies":[{"name":"wp","href":"https:\/\/api.w.org\/{rel}","templated":true}]}}